{"id":2807,"date":"2021-02-19T16:43:30","date_gmt":"2021-02-19T19:43:30","guid":{"rendered":"https:\/\/radiorevelacionfm.cl\/?p=2807"},"modified":"2021-02-19T16:43:30","modified_gmt":"2021-02-19T19:43:30","slug":"en-el-dia-mundial-de-las-ballenas-sernapesca-hace-un-llamado-a-respetar-la-distancia-minima-de-avistamiento","status":"publish","type":"post","link":"https:\/\/radiorevelacionfm.cl\/?p=2807","title":{"rendered":"En el D\u00eda Mundial de las Ballenas Sernapesca hace un llamado a respetar la distancia m\u00ednima de avistamiento"},"content":{"rendered":"<div class=\"flex_column av_one_full  flex_column_div av-zero-column-padding first  avia-builder-el-0  el_before_av_one_full  avia-builder-el-first  \" style='border-radius:0px; '><div  class='avia-image-container  av-styling-    avia-builder-el-1  avia-builder-el-no-sibling  avia-align-center '  itemprop=\"image\" itemscope=\"itemscope\" itemtype=\"https:\/\/schema.org\/ImageObject\"  ><div class='avia-image-container-inner'><div class='avia-image-overlay-wrap'><img decoding=\"async\" class='wp-image-0 avia-img-lazy-loading-not-0 avia_image' src=\"https:\/\/radiorevelacionfm.cl\/wp-content\/uploads\/2021\/02\/Ballenas-1.jpeg\" alt='' title=''   itemprop=\"thumbnailUrl\"  \/><\/div><\/div><\/div><\/div><div class=\"flex_column av_one_full  flex_column_div av-zero-column-padding first  avia-builder-el-2  el_after_av_one_full  el_before_av_one_full  column-top-margin\" style='border-radius:0px; '><section class=\"av_textblock_section \"  itemscope=\"itemscope\" itemtype=\"https:\/\/schema.org\/BlogPosting\" itemprop=\"blogPost\" ><div class='avia_textblock  '   itemprop=\"text\" ><p style=\"text-align: center;\"><span style=\"font-size: 18pt;\"><strong>En el D\u00eda Mundial de las Ballenas Sernapesca hace un llamado a respetar la distancia m\u00ednima de avistamiento<\/strong><\/span><\/p>\n<div id=\"gtx-trans\" style=\"position: absolute; left: -50px; top: 4.31534px;\">\n<div class=\"gtx-trans-icon\"><\/div>\n<\/div>\n<\/div><\/section><\/div><div class=\"flex_column av_one_full  flex_column_div av-zero-column-padding first  avia-builder-el-4  el_after_av_one_full  el_before_av_hr  column-top-margin\" style='border-radius:0px; '><section class=\"av_textblock_section \"  itemscope=\"itemscope\" itemtype=\"https:\/\/schema.org\/BlogPosting\" itemprop=\"blogPost\" ><div class='avia_textblock  '   itemprop=\"text\" ><p style=\"text-align: justify;\">El 19 de febrero se conmemora el D\u00eda Mundial de las Ballenas. Esa misma fecha, pero del a\u00f1o 1986 la Comisi\u00f3n Ballenera Internacional (CBI) prohibi\u00f3 la caza de estos cet\u00e1ceos en todo el mundo, debido a que la captura comercial termin\u00f3 provocando la extinci\u00f3n de algunas especies.<\/p>\n<p style=\"text-align: justify;\">La CBI est\u00e1 conformada por 88 pa\u00edses, entre los cuales se encuentran Chile, Argentina, Brasil, Colombia, Costa Rica, Ecuador, Rep\u00fablica Dominicana, Estados Unidos, Espa\u00f1a, Inglaterra, Alemania, M\u00e9xico, Pa\u00edses Bajos, Nueva Zelanda, Uruguay y Per\u00fa.<\/p>\n<p style=\"text-align: justify;\">A ra\u00edz de la caza indiscriminada de ballenas con fines comerciales, en la d\u00e9cada de los 70 comenz\u00f3 un movimiento mundial contra la cacer\u00eda de ballenas lo que llev\u00f3 a realizar estudios y para la conservaci\u00f3n de estos mam\u00edferos. Los informes de la Convenci\u00f3n sobre Comercio Internacional de Especies Amenazadas en el a\u00f1o 1977 y 1981 identificaron a varias especies de ballenas que se encontraban en peligro de extinci\u00f3n, lo que gatill\u00f3 en la prohibici\u00f3n de su captura en el a\u00f1o 1986.<\/p>\n<p style=\"text-align: justify;\">Desde el acuerdo del a\u00f1o 1986, todos los pa\u00edses miembros y sus diferentes instituciones y ONGs han buscado proteger y conservar a estos cet\u00e1ceos. Sernapesca es una de las instituciones llamadas a proteger a estos ejemplares, y hace la invitaci\u00f3n a respetar las distancias de avistamientos, lo que es fundamental en la conservaci\u00f3n de las ballenas, ya que de este modo pueden desplazarse, alimentarse, amamantar y parir de manera tranquila. \u00a0Al observar desde una embarcaci\u00f3n, se debe respetar la distancia y no hacer ruido.<\/p>\n<p style=\"text-align: justify;\">Para observar a cet\u00e1ceos menores (delfines, toninas, marsopas), la distancia debe ser de m\u00ednimo 50 metros; para cet\u00e1ceos mayores (ballenas jorobadas, sei y cachalotes) la distancia debe ser de por lo menos 100 metros; y para ballenas azules debe ser de m\u00ednimo 300 metros. En el caso de la ballena Franca Austral s\u00f3lo se puede avistar desde plataformas terrestres. En Chile es ilegal no respetar estas distancias de avistamiento de animales marinos, acosar, alimentar, capturar o matar cet\u00e1ceos, lobos de mar, focas, nutrias de mar, tortugas marinas y ping\u00fcinos. Las multas van desde 3 a 300 UTM (de $147.687 a $14.768.700).<\/p>\n<p style=\"text-align: justify;\">Las ballenas adem\u00e1s, de acuerdo a estudios realizados por Fundaci\u00f3n Meri, tienen un rol fundamental en la mitigaci\u00f3n del cambio clim\u00e1tico, ya que son capaces de absorber de manera natural hasta 33 toneladas de di\u00f3xido de carbono. Por lo tanto, no s\u00f3lo son animales impresionantes, sino que adem\u00e1s cumplen una funci\u00f3n clave para la conservaci\u00f3n de toda la humanidad.<\/p>\n<\/div><\/section><\/div><div  style='height:50px' class='hr hr-invisible   avia-builder-el-6  el_after_av_one_full  el_before_av_social_share '><span class='hr-inner ' ><span class='hr-inner-style'><\/span><\/span><\/div><\/p>\n<div  class='av-social-sharing-box  avia-builder-el-7  el_after_av_hr  el_before_av_hr  '><div class='av-share-box'><h5 class='av-share-link-description av-no-toc '>Compartir esta noticia<\/h5><ul class='av-share-box-list noLightbox'><li class='av-share-link av-social-link-facebook' ><a target=\"_blank\" aria-label=\"Compartir en Facebook\" href='https:\/\/www.facebook.com\/sharer.php?u=https:\/\/radiorevelacionfm.cl\/?p=2807&#038;t=En%20el%20D%C3%ADa%20Mundial%20de%20las%20Ballenas%20Sernapesca%20hace%20un%20llamado%20a%20respetar%20la%20distancia%20m%C3%ADnima%20de%20avistamiento' aria-hidden='false' data-av_icon='\ue8f3' data-av_iconfont='entypo-fontello' title='' data-avia-related-tooltip='Compartir en Facebook' rel=\"noopener\"><span class='avia_hidden_link_text'>Compartir en Facebook<\/span><\/a><\/li><li class='av-share-link av-social-link-twitter' ><a target=\"_blank\" aria-label=\"Compartir en Twitter\" href='https:\/\/twitter.com\/share?text=En%20el%20D%C3%ADa%20Mundial%20de%20las%20Ballenas%20Sernapesca%20hace%20un%20llamado%20a%20respetar%20la%20distancia%20m%C3%ADnima%20de%20avistamiento&#038;url=https:\/\/radiorevelacionfm.cl\/?p=2807' aria-hidden='false' data-av_icon='\ue8f1' data-av_iconfont='entypo-fontello' title='' data-avia-related-tooltip='Compartir en Twitter' rel=\"noopener\"><span class='avia_hidden_link_text'>Compartir en Twitter<\/span><\/a><\/li><li class='av-share-link av-social-link-whatsapp' ><a target=\"_blank\" aria-label=\"Compartir en Whatsapp\" href='https:\/\/api.whatsapp.com\/send?text=https:\/\/radiorevelacionfm.cl\/?p=2807' aria-hidden='false' data-av_icon='\uf232' data-av_iconfont='entypo-fontello' title='' data-avia-related-tooltip='Compartir en Whatsapp' rel=\"noopener\"><span class='avia_hidden_link_text'>Compartir en Whatsapp<\/span><\/a><\/li><li class='av-share-link av-social-link-linkedin' ><a target=\"_blank\" aria-label=\"Compartir en LinkedIn\" href='https:\/\/linkedin.com\/shareArticle?mini=true&#038;title=En%20el%20D%C3%ADa%20Mundial%20de%20las%20Ballenas%20Sernapesca%20hace%20un%20llamado%20a%20respetar%20la%20distancia%20m%C3%ADnima%20de%20avistamiento&#038;url=https:\/\/radiorevelacionfm.cl\/?p=2807' aria-hidden='false' data-av_icon='\ue8fc' data-av_iconfont='entypo-fontello' title='' data-avia-related-tooltip='Compartir en LinkedIn' rel=\"noopener\"><span class='avia_hidden_link_text'>Compartir en LinkedIn<\/span><\/a><\/li><li class='av-share-link av-social-link-mail' ><a  aria-label=\"Compartir por correo\" href='mailto:?subject=En%20el%20D%C3%ADa%20Mundial%20de%20las%20Ballenas%20Sernapesca%20hace%20un%20llamado%20a%20respetar%20la%20distancia%20m%C3%ADnima%20de%20avistamiento&#038;body=https:\/\/radiorevelacionfm.cl\/?p=2807' aria-hidden='false' data-av_icon='\ue805' data-av_iconfont='entypo-fontello' title='' data-avia-related-tooltip='Compartir por correo'><span class='avia_hidden_link_text'>Compartir por correo<\/span><\/a><\/li><\/ul><\/div><\/div>\n<div  style='height:50px' class='hr hr-invisible   avia-builder-el-8  el_after_av_social_share  el_before_av_comments_list '><span class='hr-inner ' ><span class='hr-inner-style'><\/span><\/span><\/div>\n<div  class='av-buildercomment  av-blog-meta-html-info-disabled av-blog-meta-tag-disabled  '><\/div>\n","protected":false},"excerpt":{"rendered":"","protected":false},"author":1,"featured_media":0,"comment_status":"open","ping_status":"open","sticky":false,"template":"","format":"standard","meta":{"footnotes":""},"categories":[60,38],"tags":[],"class_list":["post-2807","post","type-post","status-publish","format-standard","hentry","category-pesca","category-regional"],"jetpack_featured_media_url":"","_links":{"self":[{"href":"https:\/\/radiorevelacionfm.cl\/index.php?rest_route=\/wp\/v2\/posts\/2807","targetHints":{"allow":["GET"]}}],"collection":[{"href":"https:\/\/radiorevelacionfm.cl\/index.php?rest_route=\/wp\/v2\/posts"}],"about":[{"href":"https:\/\/radiorevelacionfm.cl\/index.php?rest_route=\/wp\/v2\/types\/post"}],"author":[{"embeddable":true,"href":"https:\/\/radiorevelacionfm.cl\/index.php?rest_route=\/wp\/v2\/users\/1"}],"replies":[{"embeddable":true,"href":"https:\/\/radiorevelacionfm.cl\/index.php?rest_route=%2Fwp%2Fv2%2Fcomments&post=2807"}],"version-history":[{"count":1,"href":"https:\/\/radiorevelacionfm.cl\/index.php?rest_route=\/wp\/v2\/posts\/2807\/revisions"}],"predecessor-version":[{"id":2809,"href":"https:\/\/radiorevelacionfm.cl\/index.php?rest_route=\/wp\/v2\/posts\/2807\/revisions\/2809"}],"wp:attachment":[{"href":"https:\/\/radiorevelacionfm.cl\/index.php?rest_route=%2Fwp%2Fv2%2Fmedia&parent=2807"}],"wp:term":[{"taxonomy":"category","embeddable":true,"href":"https:\/\/radiorevelacionfm.cl\/index.php?rest_route=%2Fwp%2Fv2%2Fcategories&post=2807"},{"taxonomy":"post_tag","embeddable":true,"href":"https:\/\/radiorevelacionfm.cl\/index.php?rest_route=%2Fwp%2Fv2%2Ftags&post=2807"}],"curies":[{"name":"wp","href":"https:\/\/api.w.org\/{rel}","templated":true}]}}