{"id":28069,"date":"2023-02-22T21:50:37","date_gmt":"2023-02-23T00:50:37","guid":{"rendered":"https:\/\/radiorevelacionfm.cl\/?p=28069"},"modified":"2023-02-22T21:50:37","modified_gmt":"2023-02-23T00:50:37","slug":"investigan-homicidio-de-un-hombre-de-40-anos-ocurrido-en-cercanias-de-villa-nirehuao","status":"publish","type":"post","link":"https:\/\/radiorevelacionfm.cl\/?p=28069","title":{"rendered":"Investigan homicidio de un hombre de 40 a\u00f1os ocurrido en cercan\u00edas de Villa \u00d1irehuao"},"content":{"rendered":"<div class=\"flex_column av_one_full  flex_column_div av-zero-column-padding first  avia-builder-el-0  el_before_av_one_full  avia-builder-el-first  \" style='border-radius:0px; '><div  class='avia-image-container  av-styling-    avia-builder-el-1  avia-builder-el-no-sibling  avia-align-center '  itemprop=\"image\" itemscope=\"itemscope\" itemtype=\"https:\/\/schema.org\/ImageObject\"  ><div class='avia-image-container-inner'><div class='avia-image-overlay-wrap'><img decoding=\"async\" class='wp-image-28070 avia-img-lazy-loading-not-28070 avia_image' src=\"https:\/\/radiorevelacionfm.cl\/wp-content\/uploads\/2023\/02\/reten-Nirehuao-1_optimized.jpg\" alt='' title='reten-\u00d1irehuao-(1)_optimized' height=\"600\" width=\"956\"  itemprop=\"thumbnailUrl\" srcset=\"https:\/\/radiorevelacionfm.cl\/wp-content\/uploads\/2023\/02\/reten-Nirehuao-1_optimized.jpg 956w, https:\/\/radiorevelacionfm.cl\/wp-content\/uploads\/2023\/02\/reten-Nirehuao-1_optimized-300x188.jpg 300w, https:\/\/radiorevelacionfm.cl\/wp-content\/uploads\/2023\/02\/reten-Nirehuao-1_optimized-768x482.jpg 768w, https:\/\/radiorevelacionfm.cl\/wp-content\/uploads\/2023\/02\/reten-Nirehuao-1_optimized-705x442.jpg 705w, https:\/\/radiorevelacionfm.cl\/wp-content\/uploads\/2023\/02\/reten-Nirehuao-1_optimized-600x377.jpg 600w\" sizes=\"(max-width: 956px) 100vw, 956px\" \/><\/div><\/div><\/div><\/div><div class=\"flex_column av_one_full  flex_column_div av-zero-column-padding first  avia-builder-el-2  el_after_av_one_full  el_before_av_one_full  column-top-margin\" style='border-radius:0px; '><section class=\"av_textblock_section \"  itemscope=\"itemscope\" itemtype=\"https:\/\/schema.org\/BlogPosting\" itemprop=\"blogPost\" ><div class='avia_textblock  '   itemprop=\"text\" ><p style=\"text-align: center;\"><strong><span style=\"font-size: 18pt;\">Investigan homicidio de un hombre de 40 a\u00f1os ocurrido en cercan\u00edas de Villa \u00d1irehuao<\/span><\/strong><\/p>\n<div id=\"gtx-trans\" style=\"position: absolute; left: -50px; top: 4.31534px;\">\n<div class=\"gtx-trans-icon\"><\/div>\n<\/div>\n<\/div><\/section><\/div><div class=\"flex_column av_one_full  flex_column_div av-zero-column-padding first  avia-builder-el-4  el_after_av_one_full  el_before_av_hr  column-top-margin\" style='border-radius:0px; '><section class=\"av_textblock_section \"  itemscope=\"itemscope\" itemtype=\"https:\/\/schema.org\/BlogPosting\" itemprop=\"blogPost\" ><div class='avia_textblock  '   itemprop=\"text\" ><p style=\"text-align: justify;\">Seg\u00fan los primeros antecedentes, el hecho se registr\u00f3 en la estancia R\u00edo Negro, distante a 30 kil\u00f3metros de la localidad de Villa \u00d1irehuao.<\/p>\n<p style=\"text-align: justify;\">De acuerdo a informaci\u00f3n proporcionada por el mayor de Carabineros, Franco Herrera, cerca de las 06:40 de esta madrugada -22 de febrero 2023- un hombre de 64 lleg\u00f3 hasta el ret\u00e9n de Carabineros Puesto Viejo en \u00d1irehuao, acompa\u00f1ado de un testigo, instancia en donde confes\u00f3 haber dado muerte un hombre.<\/p>\n<div id=\"mep_0\" class=\"mejs-container mejs-container-keyboard-inactive wp-audio-shortcode mejs-audio\" style=\"text-align: justify;\" tabindex=\"0\" role=\"application\" aria-label=\"Reproductor de Audio\">\n<div class=\"mejs-inner\"><\/div>\n<\/div>\n<p style=\"text-align: justify;\">Los hechos se habr\u00edan producido en una vivienda mientras compart\u00edan alcohol a eso de las 2 de la madrugada, lo que m\u00e1s tarde deriv\u00f3 en una discusi\u00f3n, presumiblemente por una deuda, momento en que el agresor habr\u00eda ejecutado disparos con un arma de fuego, dando uno de ellos en el t\u00f3rax, provocando la muerte de la v\u00edctima de 40 a\u00f1os de edad.<\/p>\n<p style=\"text-align: justify;\">El mayor de Carabineros indic\u00f3 que el arma utilizada es un rev\u00f3lver calibre 22, arma que se encuentra debidamente inscrita.<\/p>\n<p style=\"text-align: justify;\">El autor del hecho qued\u00f3 en calidad de detenido.<\/p>\n<p style=\"text-align: justify;\">En tanto, el Ministerio P\u00fablico determin\u00f3 que la Brigada de Homicidios de la PDI sea la encargada de investigar y esclarecer este hecho, junto a pericias que deber\u00e1 establecer por su parte el Servicio M\u00e9dico Legal.<\/p>\n<\/div><\/section><\/div><div  style='height:50px' class='hr hr-invisible   avia-builder-el-6  el_after_av_one_full  el_before_av_social_share '><span class='hr-inner ' ><span class='hr-inner-style'><\/span><\/span><\/div><\/p>\n<div  class='av-social-sharing-box  avia-builder-el-7  el_after_av_hr  el_before_av_hr  '><div class='av-share-box'><h5 class='av-share-link-description av-no-toc '>Compartir esta noticia<\/h5><ul class='av-share-box-list noLightbox'><li class='av-share-link av-social-link-facebook' ><a target=\"_blank\" aria-label=\"Compartir en Facebook\" href='https:\/\/www.facebook.com\/sharer.php?u=https:\/\/radiorevelacionfm.cl\/?p=28069&#038;t=Investigan%20homicidio%20de%20un%20hombre%20de%2040%20a%C3%B1os%20ocurrido%20en%20cercan%C3%ADas%20de%20Villa%20%C3%91irehuao' aria-hidden='false' data-av_icon='\ue8f3' data-av_iconfont='entypo-fontello' title='' data-avia-related-tooltip='Compartir en Facebook' rel=\"noopener\"><span class='avia_hidden_link_text'>Compartir en Facebook<\/span><\/a><\/li><li class='av-share-link av-social-link-twitter' ><a target=\"_blank\" aria-label=\"Compartir en Twitter\" href='https:\/\/twitter.com\/share?text=Investigan%20homicidio%20de%20un%20hombre%20de%2040%20a%C3%B1os%20ocurrido%20en%20cercan%C3%ADas%20de%20Villa%20%C3%91irehuao&#038;url=https:\/\/radiorevelacionfm.cl\/?p=28069' aria-hidden='false' data-av_icon='\ue8f1' data-av_iconfont='entypo-fontello' title='' data-avia-related-tooltip='Compartir en Twitter' rel=\"noopener\"><span class='avia_hidden_link_text'>Compartir en Twitter<\/span><\/a><\/li><li class='av-share-link av-social-link-whatsapp' ><a target=\"_blank\" aria-label=\"Compartir en Whatsapp\" href='https:\/\/api.whatsapp.com\/send?text=https:\/\/radiorevelacionfm.cl\/?p=28069' aria-hidden='false' data-av_icon='\uf232' data-av_iconfont='entypo-fontello' title='' data-avia-related-tooltip='Compartir en Whatsapp' rel=\"noopener\"><span class='avia_hidden_link_text'>Compartir en Whatsapp<\/span><\/a><\/li><li class='av-share-link av-social-link-linkedin' ><a target=\"_blank\" aria-label=\"Compartir en LinkedIn\" href='https:\/\/linkedin.com\/shareArticle?mini=true&#038;title=Investigan%20homicidio%20de%20un%20hombre%20de%2040%20a%C3%B1os%20ocurrido%20en%20cercan%C3%ADas%20de%20Villa%20%C3%91irehuao&#038;url=https:\/\/radiorevelacionfm.cl\/?p=28069' aria-hidden='false' data-av_icon='\ue8fc' data-av_iconfont='entypo-fontello' title='' data-avia-related-tooltip='Compartir en LinkedIn' rel=\"noopener\"><span class='avia_hidden_link_text'>Compartir en LinkedIn<\/span><\/a><\/li><li class='av-share-link av-social-link-mail' ><a  aria-label=\"Compartir por correo\" href='mailto:?subject=Investigan%20homicidio%20de%20un%20hombre%20de%2040%20a%C3%B1os%20ocurrido%20en%20cercan%C3%ADas%20de%20Villa%20%C3%91irehuao&#038;body=https:\/\/radiorevelacionfm.cl\/?p=28069' aria-hidden='false' data-av_icon='\ue805' data-av_iconfont='entypo-fontello' title='' data-avia-related-tooltip='Compartir por correo'><span class='avia_hidden_link_text'>Compartir por correo<\/span><\/a><\/li><\/ul><\/div><\/div>\n<div  style='height:50px' class='hr hr-invisible   avia-builder-el-8  el_after_av_social_share  el_before_av_comments_list '><span class='hr-inner ' ><span class='hr-inner-style'><\/span><\/span><\/div>\n<div  class='av-buildercomment  av-blog-meta-html-info-disabled av-blog-meta-tag-disabled  '><\/div>\n","protected":false},"excerpt":{"rendered":"","protected":false},"author":1,"featured_media":28070,"comment_status":"open","ping_status":"open","sticky":false,"template":"","format":"standard","meta":{"footnotes":""},"categories":[36],"tags":[],"class_list":["post-28069","post","type-post","status-publish","format-standard","has-post-thumbnail","hentry","category-policial"],"jetpack_featured_media_url":"https:\/\/radiorevelacionfm.cl\/wp-content\/uploads\/2023\/02\/reten-Nirehuao-1_optimized.jpg","_links":{"self":[{"href":"https:\/\/radiorevelacionfm.cl\/index.php?rest_route=\/wp\/v2\/posts\/28069","targetHints":{"allow":["GET"]}}],"collection":[{"href":"https:\/\/radiorevelacionfm.cl\/index.php?rest_route=\/wp\/v2\/posts"}],"about":[{"href":"https:\/\/radiorevelacionfm.cl\/index.php?rest_route=\/wp\/v2\/types\/post"}],"author":[{"embeddable":true,"href":"https:\/\/radiorevelacionfm.cl\/index.php?rest_route=\/wp\/v2\/users\/1"}],"replies":[{"embeddable":true,"href":"https:\/\/radiorevelacionfm.cl\/index.php?rest_route=%2Fwp%2Fv2%2Fcomments&post=28069"}],"version-history":[{"count":2,"href":"https:\/\/radiorevelacionfm.cl\/index.php?rest_route=\/wp\/v2\/posts\/28069\/revisions"}],"predecessor-version":[{"id":28072,"href":"https:\/\/radiorevelacionfm.cl\/index.php?rest_route=\/wp\/v2\/posts\/28069\/revisions\/28072"}],"wp:featuredmedia":[{"embeddable":true,"href":"https:\/\/radiorevelacionfm.cl\/index.php?rest_route=\/wp\/v2\/media\/28070"}],"wp:attachment":[{"href":"https:\/\/radiorevelacionfm.cl\/index.php?rest_route=%2Fwp%2Fv2%2Fmedia&parent=28069"}],"wp:term":[{"taxonomy":"category","embeddable":true,"href":"https:\/\/radiorevelacionfm.cl\/index.php?rest_route=%2Fwp%2Fv2%2Fcategories&post=28069"},{"taxonomy":"post_tag","embeddable":true,"href":"https:\/\/radiorevelacionfm.cl\/index.php?rest_route=%2Fwp%2Fv2%2Ftags&post=28069"}],"curies":[{"name":"wp","href":"https:\/\/api.w.org\/{rel}","templated":true}]}}