{"id":28063,"date":"2023-02-22T18:40:22","date_gmt":"2023-02-22T21:40:22","guid":{"rendered":"https:\/\/radiorevelacionfm.cl\/?p=28063"},"modified":"2023-02-22T18:40:22","modified_gmt":"2023-02-22T21:40:22","slug":"teleton-hace-especial-llamado-a-coyhaiquinos-para-sumarse-a-su-equipo-de-voluntariado-2023","status":"publish","type":"post","link":"https:\/\/radiorevelacionfm.cl\/?p=28063","title":{"rendered":"Telet\u00f3n hace especial llamado a Coyhaiquinos para sumarse a su equipo de Voluntariado 2023"},"content":{"rendered":"<div class=\"flex_column av_one_full  flex_column_div av-zero-column-padding first  avia-builder-el-0  el_before_av_one_full  avia-builder-el-first  \" style='border-radius:0px; '><div  class='avia-image-container  av-styling-    avia-builder-el-1  avia-builder-el-no-sibling  avia-align-center '  itemprop=\"image\" itemscope=\"itemscope\" itemtype=\"https:\/\/schema.org\/ImageObject\"  ><div class='avia-image-container-inner'><div class='avia-image-overlay-wrap'><img decoding=\"async\" class='wp-image-28064 avia-img-lazy-loading-not-28064 avia_image' src=\"https:\/\/radiorevelacionfm.cl\/wp-content\/uploads\/2023\/02\/voluntariado-teleton-1_optimized.jpg\" alt='' title='voluntariado-telet\u00f3n-(1)_optimized' height=\"600\" width=\"900\"  itemprop=\"thumbnailUrl\" srcset=\"https:\/\/radiorevelacionfm.cl\/wp-content\/uploads\/2023\/02\/voluntariado-teleton-1_optimized.jpg 900w, https:\/\/radiorevelacionfm.cl\/wp-content\/uploads\/2023\/02\/voluntariado-teleton-1_optimized-300x200.jpg 300w, https:\/\/radiorevelacionfm.cl\/wp-content\/uploads\/2023\/02\/voluntariado-teleton-1_optimized-768x512.jpg 768w, https:\/\/radiorevelacionfm.cl\/wp-content\/uploads\/2023\/02\/voluntariado-teleton-1_optimized-705x470.jpg 705w, https:\/\/radiorevelacionfm.cl\/wp-content\/uploads\/2023\/02\/voluntariado-teleton-1_optimized-600x400.jpg 600w\" sizes=\"(max-width: 900px) 100vw, 900px\" \/><\/div><\/div><\/div><\/div><div class=\"flex_column av_one_full  flex_column_div av-zero-column-padding first  avia-builder-el-2  el_after_av_one_full  el_before_av_one_full  column-top-margin\" style='border-radius:0px; '><section class=\"av_textblock_section \"  itemscope=\"itemscope\" itemtype=\"https:\/\/schema.org\/BlogPosting\" itemprop=\"blogPost\" ><div class='avia_textblock  '   itemprop=\"text\" ><p style=\"text-align: center;\"><strong><span style=\"font-size: 18pt;\">Telet\u00f3n hace especial llamado a Coyhaiquinos para sumarse a su equipo de Voluntariado 2023<\/span><\/strong><\/p>\n<div id=\"gtx-trans\" style=\"position: absolute; left: -50px; top: 4.31534px;\">\n<div class=\"gtx-trans-icon\"><\/div>\n<\/div>\n<\/div><\/section><\/div><div class=\"flex_column av_one_full  flex_column_div av-zero-column-padding first  avia-builder-el-4  el_after_av_one_full  el_before_av_hr  column-top-margin\" style='border-radius:0px; '><section class=\"av_textblock_section \"  itemscope=\"itemscope\" itemtype=\"https:\/\/schema.org\/BlogPosting\" itemprop=\"blogPost\" ><div class='avia_textblock  '   itemprop=\"text\" ><p style=\"font-weight: 400; text-align: justify;\">Telet\u00f3n Coyhaique est\u00e1 realizando un especial llamado a toda la comunidad para que se motive a formar parte este a\u00f1o del equipo de voluntarios y voluntarias permanentes de su centro de rehabilitaci\u00f3n de la regi\u00f3n.<\/p>\n<p style=\"font-weight: 400; text-align: justify;\">Hay 40 cupos disponibles para personas que quieran sumarse al trabajo que realiza Telet\u00f3n por la rehabilitaci\u00f3n de ni\u00f1os, ni\u00f1as y j\u00f3venes en situaci\u00f3n de discapacidad en Coyhaique. Los postulantes que sean seleccionados ser\u00e1n capacitados para, entre otras tareas de apoyo, ejecutar trabajos y peque\u00f1as intervenciones en domicilios de pacientes que mejoren significativamente las condiciones de accesibilidad. Tambi\u00e9n, los voluntarios y voluntarias, acompa\u00f1ar\u00e1n a pacientes y familias en actividades recreativas que les permitan disfrutar de tiempo libre y de ocio, as\u00ed como tambi\u00e9n colaborar en m\u00faltiples actividades de promoci\u00f3n del trabajo de la instituci\u00f3n, as\u00ed como de su tradicional campa\u00f1a anual de recaudaci\u00f3n.<\/p>\n<p style=\"font-weight: 400; text-align: justify;\">Para sumarse al equipo de Voluntariado Telet\u00f3n y vivir esta gran experiencia solidaria hay que ingresar a\u00a0<a href=\"http:\/\/www.teleton.cl\/\" data-saferedirecturl=\"https:\/\/www.google.com\/url?q=http:\/\/www.teleton.cl&amp;source=gmail&amp;ust=1677184366386000&amp;usg=AOvVaw2GuhOTwpz9rnEeydY-wDDo\">www.teleton.cl<\/a>\u00a0donde est\u00e1 disponible un formulario de inscripci\u00f3n en l\u00ednea. All\u00ed se solicitan datos de contacto que se utilizar\u00e1n para contactarlos e iniciar el proceso de selecci\u00f3n con entrevistas grupales a partir de marzo.<\/p>\n<p style=\"font-weight: 400; text-align: justify;\">En cada regi\u00f3n existe un n\u00famero necesario de voluntarios y voluntarias, el que se define seg\u00fan las caracter\u00edsticas del instituto Telet\u00f3n regional. En el caso de Telet\u00f3n Coyhaique, la instituci\u00f3n est\u00e1 realizando un especial llamado para impulsar las inscripciones locales y contar con un n\u00famero suficiente de voluntarios y voluntarias que permitan atender, durante todo el presente a\u00f1o, las tareas de apoyo a los pacientes y familias que asisten a este centro regional.<\/p>\n<p style=\"font-weight: 400; text-align: justify;\"><strong>Requisitos para ser voluntario o voluntaria<\/strong><\/p>\n<p style=\"font-weight: 400; text-align: justify;\">Es muy importante que las personas interesadas conozcan los requisitos que la instituci\u00f3n solicita antes de cursar la inscripci\u00f3n en el formulario. Estos son:<\/p>\n<ul style=\"font-weight: 400; text-align: justify;\">\n<li>Tener 18 a\u00f1os cumplidos o m\u00e1s al momento de tu postulaci\u00f3n (no hay l\u00edmite de edad m\u00e1xima).<\/li>\n<li>Inscribirse en el formulario disponible en\u00a0<a href=\"http:\/\/voluntariado-teleton.cl\/\" data-saferedirecturl=\"https:\/\/www.google.com\/url?q=http:\/\/voluntariado-teleton.cl\/&amp;source=gmail&amp;ust=1677184366386000&amp;usg=AOvVaw2TTvcdjHJ3lCYho5EaZlmr\">http:\/\/voluntariado-teleton.cl\/<\/a>\u00a0 (esta es la \u00fanica v\u00eda de postulaci\u00f3n).<\/li>\n<li>Disponer de un tiempo m\u00ednimo para realizar tu servicio, de a lo menos tres (3) horas continuas a la semana. Esto en horario de lunes a viernes de 09:00 a 18:00 horas, y\/o s\u00e1bados de 09:00 a 14:00 horas.<\/li>\n<li>Elegir al instituto Telet\u00f3n de Coyhaique para realizar el servicio de voluntariado.<\/li>\n<\/ul>\n<\/div><\/section><\/div><div  style='height:50px' class='hr hr-invisible   avia-builder-el-6  el_after_av_one_full  el_before_av_social_share '><span class='hr-inner ' ><span class='hr-inner-style'><\/span><\/span><\/div><\/p>\n<div  class='av-social-sharing-box  avia-builder-el-7  el_after_av_hr  el_before_av_hr  '><div class='av-share-box'><h5 class='av-share-link-description av-no-toc '>Compartir esta noticia<\/h5><ul class='av-share-box-list noLightbox'><li class='av-share-link av-social-link-facebook' ><a target=\"_blank\" aria-label=\"Compartir en Facebook\" href='https:\/\/www.facebook.com\/sharer.php?u=https:\/\/radiorevelacionfm.cl\/?p=28063&#038;t=Telet%C3%B3n%20hace%20especial%20llamado%20a%20Coyhaiquinos%20para%20sumarse%20a%20su%20equipo%20de%20Voluntariado%202023' aria-hidden='false' data-av_icon='\ue8f3' data-av_iconfont='entypo-fontello' title='' data-avia-related-tooltip='Compartir en Facebook' rel=\"noopener\"><span class='avia_hidden_link_text'>Compartir en Facebook<\/span><\/a><\/li><li class='av-share-link av-social-link-twitter' ><a target=\"_blank\" aria-label=\"Compartir en Twitter\" href='https:\/\/twitter.com\/share?text=Telet%C3%B3n%20hace%20especial%20llamado%20a%20Coyhaiquinos%20para%20sumarse%20a%20su%20equipo%20de%20Voluntariado%202023&#038;url=https:\/\/radiorevelacionfm.cl\/?p=28063' aria-hidden='false' data-av_icon='\ue8f1' data-av_iconfont='entypo-fontello' title='' data-avia-related-tooltip='Compartir en Twitter' rel=\"noopener\"><span class='avia_hidden_link_text'>Compartir en Twitter<\/span><\/a><\/li><li class='av-share-link av-social-link-whatsapp' ><a target=\"_blank\" aria-label=\"Compartir en Whatsapp\" href='https:\/\/api.whatsapp.com\/send?text=https:\/\/radiorevelacionfm.cl\/?p=28063' aria-hidden='false' data-av_icon='\uf232' data-av_iconfont='entypo-fontello' title='' data-avia-related-tooltip='Compartir en Whatsapp' rel=\"noopener\"><span class='avia_hidden_link_text'>Compartir en Whatsapp<\/span><\/a><\/li><li class='av-share-link av-social-link-linkedin' ><a target=\"_blank\" aria-label=\"Compartir en LinkedIn\" href='https:\/\/linkedin.com\/shareArticle?mini=true&#038;title=Telet%C3%B3n%20hace%20especial%20llamado%20a%20Coyhaiquinos%20para%20sumarse%20a%20su%20equipo%20de%20Voluntariado%202023&#038;url=https:\/\/radiorevelacionfm.cl\/?p=28063' aria-hidden='false' data-av_icon='\ue8fc' data-av_iconfont='entypo-fontello' title='' data-avia-related-tooltip='Compartir en LinkedIn' rel=\"noopener\"><span class='avia_hidden_link_text'>Compartir en LinkedIn<\/span><\/a><\/li><li class='av-share-link av-social-link-mail' ><a  aria-label=\"Compartir por correo\" href='mailto:?subject=Telet%C3%B3n%20hace%20especial%20llamado%20a%20Coyhaiquinos%20para%20sumarse%20a%20su%20equipo%20de%20Voluntariado%202023&#038;body=https:\/\/radiorevelacionfm.cl\/?p=28063' aria-hidden='false' data-av_icon='\ue805' data-av_iconfont='entypo-fontello' title='' data-avia-related-tooltip='Compartir por correo'><span class='avia_hidden_link_text'>Compartir por correo<\/span><\/a><\/li><\/ul><\/div><\/div>\n<div  style='height:50px' class='hr hr-invisible   avia-builder-el-8  el_after_av_social_share  el_before_av_comments_list '><span class='hr-inner ' ><span class='hr-inner-style'><\/span><\/span><\/div>\n<div  class='av-buildercomment  av-blog-meta-html-info-disabled av-blog-meta-tag-disabled  '><\/div>\n","protected":false},"excerpt":{"rendered":"","protected":false},"author":1,"featured_media":28064,"comment_status":"open","ping_status":"open","sticky":false,"template":"","format":"standard","meta":{"footnotes":""},"categories":[38],"tags":[],"class_list":["post-28063","post","type-post","status-publish","format-standard","has-post-thumbnail","hentry","category-regional"],"jetpack_featured_media_url":"https:\/\/radiorevelacionfm.cl\/wp-content\/uploads\/2023\/02\/voluntariado-teleton-1_optimized.jpg","_links":{"self":[{"href":"https:\/\/radiorevelacionfm.cl\/index.php?rest_route=\/wp\/v2\/posts\/28063","targetHints":{"allow":["GET"]}}],"collection":[{"href":"https:\/\/radiorevelacionfm.cl\/index.php?rest_route=\/wp\/v2\/posts"}],"about":[{"href":"https:\/\/radiorevelacionfm.cl\/index.php?rest_route=\/wp\/v2\/types\/post"}],"author":[{"embeddable":true,"href":"https:\/\/radiorevelacionfm.cl\/index.php?rest_route=\/wp\/v2\/users\/1"}],"replies":[{"embeddable":true,"href":"https:\/\/radiorevelacionfm.cl\/index.php?rest_route=%2Fwp%2Fv2%2Fcomments&post=28063"}],"version-history":[{"count":2,"href":"https:\/\/radiorevelacionfm.cl\/index.php?rest_route=\/wp\/v2\/posts\/28063\/revisions"}],"predecessor-version":[{"id":28068,"href":"https:\/\/radiorevelacionfm.cl\/index.php?rest_route=\/wp\/v2\/posts\/28063\/revisions\/28068"}],"wp:featuredmedia":[{"embeddable":true,"href":"https:\/\/radiorevelacionfm.cl\/index.php?rest_route=\/wp\/v2\/media\/28064"}],"wp:attachment":[{"href":"https:\/\/radiorevelacionfm.cl\/index.php?rest_route=%2Fwp%2Fv2%2Fmedia&parent=28063"}],"wp:term":[{"taxonomy":"category","embeddable":true,"href":"https:\/\/radiorevelacionfm.cl\/index.php?rest_route=%2Fwp%2Fv2%2Fcategories&post=28063"},{"taxonomy":"post_tag","embeddable":true,"href":"https:\/\/radiorevelacionfm.cl\/index.php?rest_route=%2Fwp%2Fv2%2Ftags&post=28063"}],"curies":[{"name":"wp","href":"https:\/\/api.w.org\/{rel}","templated":true}]}}