{"id":28057,"date":"2023-02-22T16:36:25","date_gmt":"2023-02-22T19:36:25","guid":{"rendered":"https:\/\/radiorevelacionfm.cl\/?p=28057"},"modified":"2023-02-22T18:38:41","modified_gmt":"2023-02-22T21:38:41","slug":"justicia-condena-a-autora-de-microtrafico-quien-suministro-drogas-a-un-interno-en-el-centro-penitenciario","status":"publish","type":"post","link":"https:\/\/radiorevelacionfm.cl\/?p=28057","title":{"rendered":"Justicia condena a Procuradora por microtr\u00e1fico, quien suministr\u00f3 drogas a un interno en el Centro Penitenciario"},"content":{"rendered":"<div class=\"flex_column av_one_full  flex_column_div av-zero-column-padding first  avia-builder-el-0  el_before_av_one_full  avia-builder-el-first  \" style='border-radius:0px; '><div  class='avia-image-container  av-styling-    avia-builder-el-1  avia-builder-el-no-sibling  avia-align-center '  itemprop=\"image\" itemscope=\"itemscope\" itemtype=\"https:\/\/schema.org\/ImageObject\"  ><div class='avia-image-container-inner'><div class='avia-image-overlay-wrap'><img decoding=\"async\" class='wp-image-28059 avia-img-lazy-loading-not-28059 avia_image' src=\"https:\/\/radiorevelacionfm.cl\/wp-content\/uploads\/2023\/02\/carccel_de_coyhaique-1-1.jpg\" alt='' title='carccel_de_coyhaique (1) (1)' height=\"600\" width=\"823\"  itemprop=\"thumbnailUrl\" srcset=\"https:\/\/radiorevelacionfm.cl\/wp-content\/uploads\/2023\/02\/carccel_de_coyhaique-1-1.jpg 823w, https:\/\/radiorevelacionfm.cl\/wp-content\/uploads\/2023\/02\/carccel_de_coyhaique-1-1-300x219.jpg 300w, https:\/\/radiorevelacionfm.cl\/wp-content\/uploads\/2023\/02\/carccel_de_coyhaique-1-1-768x560.jpg 768w, https:\/\/radiorevelacionfm.cl\/wp-content\/uploads\/2023\/02\/carccel_de_coyhaique-1-1-705x514.jpg 705w, https:\/\/radiorevelacionfm.cl\/wp-content\/uploads\/2023\/02\/carccel_de_coyhaique-1-1-600x437.jpg 600w\" sizes=\"(max-width: 823px) 100vw, 823px\" \/><\/div><\/div><\/div><\/div>\n<div class=\"flex_column av_one_full  flex_column_div av-zero-column-padding first  avia-builder-el-2  el_after_av_one_full  el_before_av_one_full  column-top-margin\" style='border-radius:0px; '><section class=\"av_textblock_section \"  itemscope=\"itemscope\" itemtype=\"https:\/\/schema.org\/BlogPosting\" itemprop=\"blogPost\" ><div class='avia_textblock  '   itemprop=\"text\" ><p style=\"text-align: center;\"><strong><span style=\"font-size: 18pt;\">Justicia condena a Procuradora por microtr\u00e1fico, quien suministr\u00f3 drogas a un interno en el Centro Penitenciario<\/span><\/strong><\/p>\n<div id=\"gtx-trans\" style=\"position: absolute; left: -50px; top: 4.31534px;\">\n<div class=\"gtx-trans-icon\"><\/div>\n<\/div>\n<\/div><\/section><\/div><div class=\"flex_column av_one_full  flex_column_div av-zero-column-padding first  avia-builder-el-4  el_after_av_one_full  el_before_av_hr  column-top-margin\" style='border-radius:0px; '><section class=\"av_textblock_section \"  itemscope=\"itemscope\" itemtype=\"https:\/\/schema.org\/BlogPosting\" itemprop=\"blogPost\" ><div class='avia_textblock  '   itemprop=\"text\" ><p class=\"v1MsoNormal\" style=\"text-align: justify;\">El Tribunal de Juicio Oral en lo Penal de Coyhaique conden\u00f3 a Mar\u00eda Bel\u00e9n Fern\u00e1ndez Garc\u00eda a la pena de 3 a\u00f1os y un d\u00eda de presidio, con el beneficio de la libertad vigilada intensiva por igual lapso, en calidad de autora del delito consumado de tr\u00e1fico de drogas en peque\u00f1as cantidades. Il\u00edcito perpetrado en julio de 2021, en la ciudad.<\/p>\n<p class=\"v1MsoNormal\" style=\"text-align: justify;\">En fallo un\u00e1nime (causa rol 89-2022), el tribunal \u2013integrado por los magistrados Pablo Freire Gavil\u00e1n (presidente), Patricio Z\u00fa\u00f1iga Valenzuela y Rosal\u00eda Mansilla Quiroz (redactora)\u2013\u00a0aplic\u00f3, adem\u00e1s, a Fern\u00e1ndez Garc\u00eda las accesorias legales de inhabilitaci\u00f3n absoluta perpetua para derechos pol\u00edticos\u00a0y la\u00a0inhabilitaci\u00f3n absoluta para cargos y oficios p\u00fablicos durante el tiempo de la condena; m\u00e1s el pago de una multa de 5 UTM.<\/p>\n<p class=\"v1MsoNormal\" style=\"text-align: justify;\">En la causa, y de conformidad a lo dispuesto en el art\u00edculo 17 de la Ley 18.216 el tribunal dispuso que \u00abse sustituye la pena corporal impuesta a la sentenciada Fern\u00e1ndez Garc\u00eda por la pena de libertad vigilada intensiva por el tiempo de la condena, esto es, tres a\u00f1os y un d\u00eda, debiendo sujetarse al control permanente de un delegado de Gendarmer\u00eda de Chile, y cumplir con el plan de intervenci\u00f3n individualizado que deber\u00e1 ser elaborado conforme a la ley\u00bb.<\/p>\n<p class=\"v1MsoNormal\" style=\"text-align: justify;\">Durante la vigencia de la pena sustitutiva deber\u00e1 permanecer en su domicilio por un lapso de ocho horas continuas, esto es entre las 22 horas y las seis de la ma\u00f1ana del d\u00eda siguiente.<\/p>\n<p class=\"v1MsoNormal\" style=\"text-align: justify;\">En la causa, el tribunal conden\u00f3 a Fabi\u00e1n Gonzalo Pacheco Baeza (actualmente cumpliendo condena en el CCP de Coyhaique), a asistir de manera obligatoria a un programa de tratamiento para abordar su adicci\u00f3n a las drogas, por 150 d\u00edas, en calidad de autor de la falta consumada de porte de drogas para su consumo personal, exclusivo y pr\u00f3ximo en el tiempo en un lugar p\u00fablico.<\/p>\n<p class=\"v1MsoNormal\" style=\"text-align: justify;\">Una vez que el fallo quede ejecutoriado, el tribunal dispuso que se proceda a la toma de muestras biol\u00f3gicas de los sentenciados para determinar sus respectivas huellas gen\u00e9ticas e incorporaci\u00f3n en el registro nacional de ADN de condenados.<\/p>\n<p class=\"v1MsoNormal\" style=\"text-align: justify;\">El tribunal dio por acreditado, m\u00e1s all\u00e1 de toda duda razonable, que alrededor de las\u00a010:30\u00a0horas del 26 de julio de 2021, la acusada Mar\u00eda Bel\u00e9n Fern\u00e1ndez Garc\u00eda concurri\u00f3 al Centro de Cumplimiento Penitenciario de Coyhaique, en calidad de procuradora, para entrevistarse con el interno Fabi\u00e1n Gonzalo Pacheco Baeza. En dicha oportunidad, la acusada, ingres\u00f3 a la sala de entrevista portando dos bolsa de nylon contenedoras de hierba de\u00a0cannabis sativa\u00a0(marihuana) con un peso neto de 9,61 gramos y 37,40 gramos, respectivamente; m\u00e1s una bolsa de nylon contenedora de clorhidrato de coca\u00edna con un peso neto de 10 gramos.<\/p>\n<p class=\"v1MsoNormal\" style=\"text-align: justify;\">Posteriormente, ingres\u00f3 a dicha sala Pacheco Baeza, lugar donde Fern\u00e1ndez Garc\u00eda procedi\u00f3 a transferirle y suministrarle las tres bolsas con droga, las que ocult\u00f3 en la zona genital.<\/p>\n<p class=\"v1MsoNormal\" style=\"text-align: justify;\">Finalizada la entrevista, el acusado Pacheco Baeza fue registrado por efectivos de Gendarmer\u00eda, quienes lo sorprendieron en posesi\u00f3n de las sustancias il\u00edcitas, y dos cajas de papelillos, marca OCB, y dos cables de color blanco para cargar celulares, tambi\u00e9n entregados por la acusada.<\/p>\n<\/div><\/section><\/div><\/p>\n<div  style='height:50px' class='hr hr-invisible   avia-builder-el-6  el_after_av_one_full  el_before_av_social_share '><span class='hr-inner ' ><span class='hr-inner-style'><\/span><\/span><\/div>\n<div  class='av-social-sharing-box  avia-builder-el-7  el_after_av_hr  el_before_av_hr  '><div class='av-share-box'><h5 class='av-share-link-description av-no-toc '>Compartir esta noticia<\/h5><ul class='av-share-box-list noLightbox'><li class='av-share-link av-social-link-facebook' ><a target=\"_blank\" aria-label=\"Compartir en Facebook\" href='https:\/\/www.facebook.com\/sharer.php?u=https:\/\/radiorevelacionfm.cl\/?p=28057&#038;t=Justicia%20condena%20a%20Procuradora%20por%20microtr%C3%A1fico%2C%20quien%20suministr%C3%B3%20drogas%20a%20un%20interno%20en%20el%20Centro%20Penitenciario' aria-hidden='false' data-av_icon='\ue8f3' data-av_iconfont='entypo-fontello' title='' data-avia-related-tooltip='Compartir en Facebook' rel=\"noopener\"><span class='avia_hidden_link_text'>Compartir en Facebook<\/span><\/a><\/li><li class='av-share-link av-social-link-twitter' ><a target=\"_blank\" aria-label=\"Compartir en Twitter\" href='https:\/\/twitter.com\/share?text=Justicia%20condena%20a%20Procuradora%20por%20microtr%C3%A1fico%2C%20quien%20suministr%C3%B3%20drogas%20a%20un%20interno%20en%20el%20Centro%20Penitenciario&#038;url=https:\/\/radiorevelacionfm.cl\/?p=28057' aria-hidden='false' data-av_icon='\ue8f1' data-av_iconfont='entypo-fontello' title='' data-avia-related-tooltip='Compartir en Twitter' rel=\"noopener\"><span class='avia_hidden_link_text'>Compartir en Twitter<\/span><\/a><\/li><li class='av-share-link av-social-link-whatsapp' ><a target=\"_blank\" aria-label=\"Compartir en Whatsapp\" href='https:\/\/api.whatsapp.com\/send?text=https:\/\/radiorevelacionfm.cl\/?p=28057' aria-hidden='false' data-av_icon='\uf232' data-av_iconfont='entypo-fontello' title='' data-avia-related-tooltip='Compartir en Whatsapp' rel=\"noopener\"><span class='avia_hidden_link_text'>Compartir en Whatsapp<\/span><\/a><\/li><li class='av-share-link av-social-link-linkedin' ><a target=\"_blank\" aria-label=\"Compartir en LinkedIn\" href='https:\/\/linkedin.com\/shareArticle?mini=true&#038;title=Justicia%20condena%20a%20Procuradora%20por%20microtr%C3%A1fico%2C%20quien%20suministr%C3%B3%20drogas%20a%20un%20interno%20en%20el%20Centro%20Penitenciario&#038;url=https:\/\/radiorevelacionfm.cl\/?p=28057' aria-hidden='false' data-av_icon='\ue8fc' data-av_iconfont='entypo-fontello' title='' data-avia-related-tooltip='Compartir en LinkedIn' rel=\"noopener\"><span class='avia_hidden_link_text'>Compartir en LinkedIn<\/span><\/a><\/li><li class='av-share-link av-social-link-mail' ><a  aria-label=\"Compartir por correo\" href='mailto:?subject=Justicia%20condena%20a%20Procuradora%20por%20microtr%C3%A1fico%2C%20quien%20suministr%C3%B3%20drogas%20a%20un%20interno%20en%20el%20Centro%20Penitenciario&#038;body=https:\/\/radiorevelacionfm.cl\/?p=28057' aria-hidden='false' data-av_icon='\ue805' data-av_iconfont='entypo-fontello' title='' data-avia-related-tooltip='Compartir por correo'><span class='avia_hidden_link_text'>Compartir por correo<\/span><\/a><\/li><\/ul><\/div><\/div>\n<div  style='height:50px' class='hr hr-invisible   avia-builder-el-8  el_after_av_social_share  el_before_av_comments_list '><span class='hr-inner ' ><span class='hr-inner-style'><\/span><\/span><\/div>\n<div  class='av-buildercomment  av-blog-meta-html-info-disabled av-blog-meta-tag-disabled  '><\/div>\n","protected":false},"excerpt":{"rendered":"","protected":false},"author":1,"featured_media":28059,"comment_status":"open","ping_status":"open","sticky":false,"template":"","format":"standard","meta":{"footnotes":""},"categories":[55],"tags":[],"class_list":["post-28057","post","type-post","status-publish","format-standard","has-post-thumbnail","hentry","category-justicia"],"jetpack_featured_media_url":"https:\/\/radiorevelacionfm.cl\/wp-content\/uploads\/2023\/02\/carccel_de_coyhaique-1-1.jpg","_links":{"self":[{"href":"https:\/\/radiorevelacionfm.cl\/index.php?rest_route=\/wp\/v2\/posts\/28057","targetHints":{"allow":["GET"]}}],"collection":[{"href":"https:\/\/radiorevelacionfm.cl\/index.php?rest_route=\/wp\/v2\/posts"}],"about":[{"href":"https:\/\/radiorevelacionfm.cl\/index.php?rest_route=\/wp\/v2\/types\/post"}],"author":[{"embeddable":true,"href":"https:\/\/radiorevelacionfm.cl\/index.php?rest_route=\/wp\/v2\/users\/1"}],"replies":[{"embeddable":true,"href":"https:\/\/radiorevelacionfm.cl\/index.php?rest_route=%2Fwp%2Fv2%2Fcomments&post=28057"}],"version-history":[{"count":3,"href":"https:\/\/radiorevelacionfm.cl\/index.php?rest_route=\/wp\/v2\/posts\/28057\/revisions"}],"predecessor-version":[{"id":28066,"href":"https:\/\/radiorevelacionfm.cl\/index.php?rest_route=\/wp\/v2\/posts\/28057\/revisions\/28066"}],"wp:featuredmedia":[{"embeddable":true,"href":"https:\/\/radiorevelacionfm.cl\/index.php?rest_route=\/wp\/v2\/media\/28059"}],"wp:attachment":[{"href":"https:\/\/radiorevelacionfm.cl\/index.php?rest_route=%2Fwp%2Fv2%2Fmedia&parent=28057"}],"wp:term":[{"taxonomy":"category","embeddable":true,"href":"https:\/\/radiorevelacionfm.cl\/index.php?rest_route=%2Fwp%2Fv2%2Fcategories&post=28057"},{"taxonomy":"post_tag","embeddable":true,"href":"https:\/\/radiorevelacionfm.cl\/index.php?rest_route=%2Fwp%2Fv2%2Ftags&post=28057"}],"curies":[{"name":"wp","href":"https:\/\/api.w.org\/{rel}","templated":true}]}}