{"id":28050,"date":"2023-02-22T15:58:06","date_gmt":"2023-02-22T18:58:06","guid":{"rendered":"https:\/\/radiorevelacionfm.cl\/?p=28050"},"modified":"2023-02-22T15:58:06","modified_gmt":"2023-02-22T18:58:06","slug":"musicos-de-aysen-y-magallanes-son-parte-del-podcast-chile-suena-bien","status":"publish","type":"post","link":"https:\/\/radiorevelacionfm.cl\/?p=28050","title":{"rendered":"M\u00fasicos de Ays\u00e9n y Magallanes son parte del podcast \u00abChile Suena Bien\u00bb"},"content":{"rendered":"<div class=\"flex_column av_one_full  flex_column_div av-zero-column-padding first  avia-builder-el-0  el_before_av_one_full  avia-builder-el-first  \" style='border-radius:0px; '><div  class='avia-image-container  av-styling-    avia-builder-el-1  avia-builder-el-no-sibling  avia-align-center '  itemprop=\"image\" itemscope=\"itemscope\" itemtype=\"https:\/\/schema.org\/ImageObject\"  ><div class='avia-image-container-inner'><div class='avia-image-overlay-wrap'><img decoding=\"async\" class='wp-image-28051 avia-img-lazy-loading-not-28051 avia_image' src=\"https:\/\/radiorevelacionfm.cl\/wp-content\/uploads\/2023\/02\/AYSEN-1-1-1.jpg\" alt='' title='AYSEN (1) (1) (1)' height=\"600\" width=\"600\"  itemprop=\"thumbnailUrl\" srcset=\"https:\/\/radiorevelacionfm.cl\/wp-content\/uploads\/2023\/02\/AYSEN-1-1-1.jpg 600w, https:\/\/radiorevelacionfm.cl\/wp-content\/uploads\/2023\/02\/AYSEN-1-1-1-300x300.jpg 300w, https:\/\/radiorevelacionfm.cl\/wp-content\/uploads\/2023\/02\/AYSEN-1-1-1-80x80.jpg 80w, https:\/\/radiorevelacionfm.cl\/wp-content\/uploads\/2023\/02\/AYSEN-1-1-1-36x36.jpg 36w, https:\/\/radiorevelacionfm.cl\/wp-content\/uploads\/2023\/02\/AYSEN-1-1-1-180x180.jpg 180w, https:\/\/radiorevelacionfm.cl\/wp-content\/uploads\/2023\/02\/AYSEN-1-1-1-100x100.jpg 100w\" sizes=\"(max-width: 600px) 100vw, 600px\" \/><\/div><\/div><\/div><\/div><div class=\"flex_column av_one_full  flex_column_div av-zero-column-padding first  avia-builder-el-2  el_after_av_one_full  el_before_av_one_full  column-top-margin\" style='border-radius:0px; '><section class=\"av_textblock_section \"  itemscope=\"itemscope\" itemtype=\"https:\/\/schema.org\/BlogPosting\" itemprop=\"blogPost\" ><div class='avia_textblock  '   itemprop=\"text\" ><p style=\"text-align: center;\"><strong><span style=\"font-size: 18pt;\">M\u00fasicos de Ays\u00e9n y Magallanes son parte del podcast \u00abChile Suena Bien\u00bb<\/span><\/strong><\/p>\n<div id=\"gtx-trans\" style=\"position: absolute; left: -50px; top: 4.31534px;\">\n<div class=\"gtx-trans-icon\"><\/div>\n<\/div>\n<\/div><\/section><\/div><div class=\"flex_column av_one_full  flex_column_div av-zero-column-padding first  avia-builder-el-4  el_after_av_one_full  el_before_av_hr  column-top-margin\" style='border-radius:0px; '><section class=\"av_textblock_section \"  itemscope=\"itemscope\" itemtype=\"https:\/\/schema.org\/BlogPosting\" itemprop=\"blogPost\" ><div class='avia_textblock  '   itemprop=\"text\" ><p style=\"text-align: justify;\">La ingeniera de audio y m\u00fasica Victoria Cordero se encarga de la conducci\u00f3n de \u201cLa magia del sur\u201d, episodio que forma parte del nuevo ciclo del podcast impulsado por la plataforma musicachilena.cl y SCD.<\/p>\n<p style=\"text-align: justify;\">Ya se encuentra disponible en su totalidad la tercera temporada del podcast de\u00a0<em>musicachilena.cl<\/em>\u00a0<a href=\"https:\/\/trackercl1.fidelizador.com\/LF4D15FG78DC5D2EH10657CC8C98425JF4055422D8KF4D15F5B772B7F8CAE7EE9819852F49B\" target=\"_blank\" rel=\"noopener noreferrer\"><strong>Chile Suena Bien<\/strong><\/a>, un espacio dedicado a destacar lo mejor de la m\u00fasica nacional y que en su m\u00e1s reciente ciclo realiza un recorrido sonoro por las distintas regiones del pa\u00eds.<\/p>\n<p style=\"text-align: justify;\">Las regiones de<strong>\u00a0Ays\u00e9n y Magallanes<\/strong>\u00a0tambi\u00e9n son parte del tour musical, que en este tramo est\u00e1 a cargo de la productora, ingeniera de audio y bajista de las bandas Marineros y Plumas,\u00a0<strong>Victoria Cordero<\/strong>, quien en\u00a0<a href=\"https:\/\/trackercl1.fidelizador.com\/LF4D15FG78DC5D2EH10657CC8C98425JF4055422CBKF4D15F5B772B7F8CAE7EE9819852F49B\" target=\"_blank\" rel=\"noopener noreferrer\"><strong>\u201cLa magia del sur\u201d<\/strong><\/a>\u00a0hace un repaso por la m\u00fasica que nace en el extremo sur, los distintos estilos musicales que integran el paisaje sonoro esta \u00e1rea, y la inspiraci\u00f3n de cada m\u00fasica y m\u00fasico, entre otros temas.<\/p>\n<p style=\"text-align: justify;\">En el episodio, la artista de Punta Arenas hace una revisi\u00f3n de las y los m\u00fasicos que hoy en d\u00eda realizan sus creaciones entre fiordos, glaciares y estepas, configurando una banda sonora integrada por artistas como\u00a0<strong>Naara Andariega, Los Klasky y Amanda Kurt<\/strong>, entre otros.<\/p>\n<p style=\"text-align: justify;\">Los siete episodios de la tercera temporada de \u201cChile Suena Bien\u201d recorren la identidad musical de las regiones de Arica y Parinacota, Tarapac\u00e1 y Antofagasta (conduce Natalia Norte); Atacama y Coquimbo (conduce \u00d3scar Hauy\u00f3n); Valpara\u00edso (conduce Pascuala Ilabaca); O&#8217;Higgins, Maule y \u00d1uble (conduce Miguelino del Campo); Biob\u00edo (conduce Mauricio Melo); La Araucan\u00eda, Los R\u00edos y Los Lagos (conduce Melisa Toro); y Ays\u00e9n y Magallanes (conduce Victoria Cordero). Todos est\u00e1n disponibles en el perfil de M\u00fasica Chilena en Spotify.<\/p>\n<\/div><\/section><\/div><div  style='height:50px' class='hr hr-invisible   avia-builder-el-6  el_after_av_one_full  el_before_av_social_share '><span class='hr-inner ' ><span class='hr-inner-style'><\/span><\/span><\/div><\/p>\n<div  class='av-social-sharing-box  avia-builder-el-7  el_after_av_hr  el_before_av_hr  '><div class='av-share-box'><h5 class='av-share-link-description av-no-toc '>Compartir esta noticia<\/h5><ul class='av-share-box-list noLightbox'><li class='av-share-link av-social-link-facebook' ><a target=\"_blank\" aria-label=\"Compartir en Facebook\" href='https:\/\/www.facebook.com\/sharer.php?u=https:\/\/radiorevelacionfm.cl\/?p=28050&#038;t=M%C3%BAsicos%20de%20Ays%C3%A9n%20y%20Magallanes%20son%20parte%20del%20podcast%20%C2%ABChile%20Suena%20Bien%C2%BB' aria-hidden='false' data-av_icon='\ue8f3' data-av_iconfont='entypo-fontello' title='' data-avia-related-tooltip='Compartir en Facebook' rel=\"noopener\"><span class='avia_hidden_link_text'>Compartir en Facebook<\/span><\/a><\/li><li class='av-share-link av-social-link-twitter' ><a target=\"_blank\" aria-label=\"Compartir en Twitter\" href='https:\/\/twitter.com\/share?text=M%C3%BAsicos%20de%20Ays%C3%A9n%20y%20Magallanes%20son%20parte%20del%20podcast%20%C2%ABChile%20Suena%20Bien%C2%BB&#038;url=https:\/\/radiorevelacionfm.cl\/?p=28050' aria-hidden='false' data-av_icon='\ue8f1' data-av_iconfont='entypo-fontello' title='' data-avia-related-tooltip='Compartir en Twitter' rel=\"noopener\"><span class='avia_hidden_link_text'>Compartir en Twitter<\/span><\/a><\/li><li class='av-share-link av-social-link-whatsapp' ><a target=\"_blank\" aria-label=\"Compartir en Whatsapp\" href='https:\/\/api.whatsapp.com\/send?text=https:\/\/radiorevelacionfm.cl\/?p=28050' aria-hidden='false' data-av_icon='\uf232' data-av_iconfont='entypo-fontello' title='' data-avia-related-tooltip='Compartir en Whatsapp' rel=\"noopener\"><span class='avia_hidden_link_text'>Compartir en Whatsapp<\/span><\/a><\/li><li class='av-share-link av-social-link-linkedin' ><a target=\"_blank\" aria-label=\"Compartir en LinkedIn\" href='https:\/\/linkedin.com\/shareArticle?mini=true&#038;title=M%C3%BAsicos%20de%20Ays%C3%A9n%20y%20Magallanes%20son%20parte%20del%20podcast%20%C2%ABChile%20Suena%20Bien%C2%BB&#038;url=https:\/\/radiorevelacionfm.cl\/?p=28050' aria-hidden='false' data-av_icon='\ue8fc' data-av_iconfont='entypo-fontello' title='' data-avia-related-tooltip='Compartir en LinkedIn' rel=\"noopener\"><span class='avia_hidden_link_text'>Compartir en LinkedIn<\/span><\/a><\/li><li class='av-share-link av-social-link-mail' ><a  aria-label=\"Compartir por correo\" href='mailto:?subject=M%C3%BAsicos%20de%20Ays%C3%A9n%20y%20Magallanes%20son%20parte%20del%20podcast%20%C2%ABChile%20Suena%20Bien%C2%BB&#038;body=https:\/\/radiorevelacionfm.cl\/?p=28050' aria-hidden='false' data-av_icon='\ue805' data-av_iconfont='entypo-fontello' title='' data-avia-related-tooltip='Compartir por correo'><span class='avia_hidden_link_text'>Compartir por correo<\/span><\/a><\/li><\/ul><\/div><\/div>\n<div  style='height:50px' class='hr hr-invisible   avia-builder-el-8  el_after_av_social_share  el_before_av_comments_list '><span class='hr-inner ' ><span class='hr-inner-style'><\/span><\/span><\/div>\n<div  class='av-buildercomment  av-blog-meta-html-info-disabled av-blog-meta-tag-disabled  '><\/div>\n","protected":false},"excerpt":{"rendered":"","protected":false},"author":1,"featured_media":28052,"comment_status":"open","ping_status":"open","sticky":false,"template":"","format":"standard","meta":{"footnotes":""},"categories":[43],"tags":[],"class_list":["post-28050","post","type-post","status-publish","format-standard","has-post-thumbnail","hentry","category-musica"],"jetpack_featured_media_url":"https:\/\/radiorevelacionfm.cl\/wp-content\/uploads\/2023\/02\/AYSEN-1-2-1.jpg","_links":{"self":[{"href":"https:\/\/radiorevelacionfm.cl\/index.php?rest_route=\/wp\/v2\/posts\/28050","targetHints":{"allow":["GET"]}}],"collection":[{"href":"https:\/\/radiorevelacionfm.cl\/index.php?rest_route=\/wp\/v2\/posts"}],"about":[{"href":"https:\/\/radiorevelacionfm.cl\/index.php?rest_route=\/wp\/v2\/types\/post"}],"author":[{"embeddable":true,"href":"https:\/\/radiorevelacionfm.cl\/index.php?rest_route=\/wp\/v2\/users\/1"}],"replies":[{"embeddable":true,"href":"https:\/\/radiorevelacionfm.cl\/index.php?rest_route=%2Fwp%2Fv2%2Fcomments&post=28050"}],"version-history":[{"count":2,"href":"https:\/\/radiorevelacionfm.cl\/index.php?rest_route=\/wp\/v2\/posts\/28050\/revisions"}],"predecessor-version":[{"id":28061,"href":"https:\/\/radiorevelacionfm.cl\/index.php?rest_route=\/wp\/v2\/posts\/28050\/revisions\/28061"}],"wp:featuredmedia":[{"embeddable":true,"href":"https:\/\/radiorevelacionfm.cl\/index.php?rest_route=\/wp\/v2\/media\/28052"}],"wp:attachment":[{"href":"https:\/\/radiorevelacionfm.cl\/index.php?rest_route=%2Fwp%2Fv2%2Fmedia&parent=28050"}],"wp:term":[{"taxonomy":"category","embeddable":true,"href":"https:\/\/radiorevelacionfm.cl\/index.php?rest_route=%2Fwp%2Fv2%2Fcategories&post=28050"},{"taxonomy":"post_tag","embeddable":true,"href":"https:\/\/radiorevelacionfm.cl\/index.php?rest_route=%2Fwp%2Fv2%2Ftags&post=28050"}],"curies":[{"name":"wp","href":"https:\/\/api.w.org\/{rel}","templated":true}]}}