{"id":28044,"date":"2023-02-22T11:33:00","date_gmt":"2023-02-22T14:33:00","guid":{"rendered":"https:\/\/radiorevelacionfm.cl\/?p=28044"},"modified":"2023-02-22T11:33:00","modified_gmt":"2023-02-22T14:33:00","slug":"vecinos-de-sector-rio-negro-de-los-torreones-exponen-problematica-vial-y-de-conectividad","status":"publish","type":"post","link":"https:\/\/radiorevelacionfm.cl\/?p=28044","title":{"rendered":"Vecinos de sector R\u00edo Negro de Los Torreones exponen problem\u00e1tica vial y de conectividad"},"content":{"rendered":"<div class=\"flex_column av_one_full  flex_column_div av-zero-column-padding first  avia-builder-el-0  el_before_av_one_full  avia-builder-el-first  \" style='border-radius:0px; '><div  class='avia-image-container  av-styling-    avia-builder-el-1  avia-builder-el-no-sibling  avia-align-center '  itemprop=\"image\" itemscope=\"itemscope\" itemtype=\"https:\/\/schema.org\/ImageObject\"  ><div class='avia-image-container-inner'><div class='avia-image-overlay-wrap'><img decoding=\"async\" class='wp-image-28045 avia-img-lazy-loading-not-28045 avia_image' src=\"https:\/\/radiorevelacionfm.cl\/wp-content\/uploads\/2023\/02\/1677002836571-1_optimized-1.jpg\" alt='' title='1677002836571-(1)_optimized (1)' height=\"600\" width=\"802\"  itemprop=\"thumbnailUrl\" srcset=\"https:\/\/radiorevelacionfm.cl\/wp-content\/uploads\/2023\/02\/1677002836571-1_optimized-1.jpg 802w, https:\/\/radiorevelacionfm.cl\/wp-content\/uploads\/2023\/02\/1677002836571-1_optimized-1-300x224.jpg 300w, https:\/\/radiorevelacionfm.cl\/wp-content\/uploads\/2023\/02\/1677002836571-1_optimized-1-768x575.jpg 768w, https:\/\/radiorevelacionfm.cl\/wp-content\/uploads\/2023\/02\/1677002836571-1_optimized-1-705x527.jpg 705w, https:\/\/radiorevelacionfm.cl\/wp-content\/uploads\/2023\/02\/1677002836571-1_optimized-1-600x449.jpg 600w\" sizes=\"(max-width: 802px) 100vw, 802px\" \/><\/div><\/div><\/div><\/div><div class=\"flex_column av_one_full  flex_column_div av-zero-column-padding first  avia-builder-el-2  el_after_av_one_full  el_before_av_one_full  column-top-margin\" style='border-radius:0px; '><section class=\"av_textblock_section \"  itemscope=\"itemscope\" itemtype=\"https:\/\/schema.org\/BlogPosting\" itemprop=\"blogPost\" ><div class='avia_textblock  '   itemprop=\"text\" ><p style=\"text-align: center;\"><strong><span style=\"font-size: 18pt;\">Vecinos de sector R\u00edo Negro de Los Torreones exponen problem\u00e1tica vial y de conectividad<\/span><\/strong><\/p>\n<div id=\"gtx-trans\" style=\"position: absolute; left: -50px; top: 4.31534px;\">\n<div class=\"gtx-trans-icon\"><\/div>\n<\/div>\n<\/div><\/section><\/div><div class=\"flex_column av_one_full  flex_column_div av-zero-column-padding first  avia-builder-el-4  el_after_av_one_full  el_before_av_hr  column-top-margin\" style='border-radius:0px; '><section class=\"av_textblock_section \"  itemscope=\"itemscope\" itemtype=\"https:\/\/schema.org\/BlogPosting\" itemprop=\"blogPost\" ><div class='avia_textblock  '   itemprop=\"text\" ><p style=\"text-align: justify;\">Esta jornada, el alcalde (s) de Ays\u00e9n, Marco Co\u00f1uecar, junto al diputado Ren\u00e9 Alinco, se reuni\u00f3 con representantes de las vecinas y vecinos del sector R\u00edo Negro de Los Torreones, con el fin de evaluar medidas que permitan afrontar la problem\u00e1tica vial y de conectividad que afecta a los residentes, especialmente durante los meses de invierno.<\/p>\n<p style=\"text-align: justify;\">De acuerdo al relato de los vecinos, este es un problema que vienen experimentando desde hace a\u00f1os, ya que los caminos que conectan el lugar no se encuentran ripiados, adem\u00e1s de no contar con un puente en buen estado, lo que dificulta o imposibilita los traslados durante los meses de invierno debido al aumento de lluvias.<\/p>\n<p style=\"text-align: justify;\">Al respecto, Co\u00f1uecar indic\u00f3 que \u201ccomo Municipalidad, nos encontramos comprometidos y tenemos toda la voluntad para poder apoyar la construcci\u00f3n de caminos y el puente, que son necesidades que tienen desde hace a\u00f1os\u201d, agregando que contaron con la presencia en terreno de la Direcci\u00f3n de Desarrollo Comunitario para evaluar medidas que permitan agilizar la ejecuci\u00f3n de las obras.<\/p>\n<p style=\"text-align: justify;\">\u201cAc\u00e1 hay familias con adultos mayores que tienen necesidades especiales, por lo que con nuestros asistentes sociales recopilaremos los antecedentes que permitan justificar el alcance social\u201d, agreg\u00f3 Co\u00f1uecar sobre las acciones que se est\u00e1n realizando a trav\u00e9s de DIDECO para concretar los avances en conectividad que solicitan los vecinos.<\/p>\n<p style=\"text-align: justify;\">Laura Teca, presidenta del Comit\u00e9 Proadelanto las Cascadas de la Roca, sector R\u00edo Negro, hizo un llamado a las autoridades a nombre de los vecinos del sector: \u201cSomos unas veinte familias, y lo que m\u00e1s nos urge es que tenemos adultos mayores que est\u00e1n enfermos y que necesitan un camino que nos permita movernos, ya que en invierno es imposible transitar (&#8230;) Estamos pidiendo alcantarillas, ripiado de camino y un puente. Queremos llegar a las autoridades para que se conmuevan.\u201d<\/p>\n<p style=\"text-align: justify;\">Al respecto, el diputado Alinco indic\u00f3 que \u201cest\u00e1 la voluntad pol\u00edtica del alcalde de Puerto Ays\u00e9n. Falta contactarse con los otros entes, como Obras P\u00fablicas, Gobierno Regional, Consejeros Regionales para arreglar el camino (&#8230;). Yo, como integrante de la Comisi\u00f3n de Obras P\u00fablicas puedo ayudar como lo hemos hecho en otros lugares de la regi\u00f3n..<\/p>\n<\/div><\/section><\/div><div  style='height:50px' class='hr hr-invisible   avia-builder-el-6  el_after_av_one_full  el_before_av_social_share '><span class='hr-inner ' ><span class='hr-inner-style'><\/span><\/span><\/div><\/p>\n<div  class='av-social-sharing-box  avia-builder-el-7  el_after_av_hr  el_before_av_hr  '><div class='av-share-box'><h5 class='av-share-link-description av-no-toc '>Compartir esta noticia<\/h5><ul class='av-share-box-list noLightbox'><li class='av-share-link av-social-link-facebook' ><a target=\"_blank\" aria-label=\"Compartir en Facebook\" href='https:\/\/www.facebook.com\/sharer.php?u=https:\/\/radiorevelacionfm.cl\/?p=28044&#038;t=Vecinos%20de%20sector%20R%C3%ADo%20Negro%20de%20Los%20Torreones%20exponen%20problem%C3%A1tica%20vial%20y%20de%20conectividad' aria-hidden='false' data-av_icon='\ue8f3' data-av_iconfont='entypo-fontello' title='' data-avia-related-tooltip='Compartir en Facebook' rel=\"noopener\"><span class='avia_hidden_link_text'>Compartir en Facebook<\/span><\/a><\/li><li class='av-share-link av-social-link-twitter' ><a target=\"_blank\" aria-label=\"Compartir en Twitter\" href='https:\/\/twitter.com\/share?text=Vecinos%20de%20sector%20R%C3%ADo%20Negro%20de%20Los%20Torreones%20exponen%20problem%C3%A1tica%20vial%20y%20de%20conectividad&#038;url=https:\/\/radiorevelacionfm.cl\/?p=28044' aria-hidden='false' data-av_icon='\ue8f1' data-av_iconfont='entypo-fontello' title='' data-avia-related-tooltip='Compartir en Twitter' rel=\"noopener\"><span class='avia_hidden_link_text'>Compartir en Twitter<\/span><\/a><\/li><li class='av-share-link av-social-link-whatsapp' ><a target=\"_blank\" aria-label=\"Compartir en Whatsapp\" href='https:\/\/api.whatsapp.com\/send?text=https:\/\/radiorevelacionfm.cl\/?p=28044' aria-hidden='false' data-av_icon='\uf232' data-av_iconfont='entypo-fontello' title='' data-avia-related-tooltip='Compartir en Whatsapp' rel=\"noopener\"><span class='avia_hidden_link_text'>Compartir en Whatsapp<\/span><\/a><\/li><li class='av-share-link av-social-link-linkedin' ><a target=\"_blank\" aria-label=\"Compartir en LinkedIn\" href='https:\/\/linkedin.com\/shareArticle?mini=true&#038;title=Vecinos%20de%20sector%20R%C3%ADo%20Negro%20de%20Los%20Torreones%20exponen%20problem%C3%A1tica%20vial%20y%20de%20conectividad&#038;url=https:\/\/radiorevelacionfm.cl\/?p=28044' aria-hidden='false' data-av_icon='\ue8fc' data-av_iconfont='entypo-fontello' title='' data-avia-related-tooltip='Compartir en LinkedIn' rel=\"noopener\"><span class='avia_hidden_link_text'>Compartir en LinkedIn<\/span><\/a><\/li><li class='av-share-link av-social-link-mail' ><a  aria-label=\"Compartir por correo\" href='mailto:?subject=Vecinos%20de%20sector%20R%C3%ADo%20Negro%20de%20Los%20Torreones%20exponen%20problem%C3%A1tica%20vial%20y%20de%20conectividad&#038;body=https:\/\/radiorevelacionfm.cl\/?p=28044' aria-hidden='false' data-av_icon='\ue805' data-av_iconfont='entypo-fontello' title='' data-avia-related-tooltip='Compartir por correo'><span class='avia_hidden_link_text'>Compartir por correo<\/span><\/a><\/li><\/ul><\/div><\/div>\n<div  style='height:50px' class='hr hr-invisible   avia-builder-el-8  el_after_av_social_share  el_before_av_comments_list '><span class='hr-inner ' ><span class='hr-inner-style'><\/span><\/span><\/div>\n<div  class='av-buildercomment  av-blog-meta-html-info-disabled av-blog-meta-tag-disabled  '><\/div>\n","protected":false},"excerpt":{"rendered":"","protected":false},"author":1,"featured_media":28045,"comment_status":"open","ping_status":"open","sticky":false,"template":"","format":"standard","meta":{"footnotes":""},"categories":[38],"tags":[],"class_list":["post-28044","post","type-post","status-publish","format-standard","has-post-thumbnail","hentry","category-regional"],"jetpack_featured_media_url":"https:\/\/radiorevelacionfm.cl\/wp-content\/uploads\/2023\/02\/1677002836571-1_optimized-1.jpg","_links":{"self":[{"href":"https:\/\/radiorevelacionfm.cl\/index.php?rest_route=\/wp\/v2\/posts\/28044","targetHints":{"allow":["GET"]}}],"collection":[{"href":"https:\/\/radiorevelacionfm.cl\/index.php?rest_route=\/wp\/v2\/posts"}],"about":[{"href":"https:\/\/radiorevelacionfm.cl\/index.php?rest_route=\/wp\/v2\/types\/post"}],"author":[{"embeddable":true,"href":"https:\/\/radiorevelacionfm.cl\/index.php?rest_route=\/wp\/v2\/users\/1"}],"replies":[{"embeddable":true,"href":"https:\/\/radiorevelacionfm.cl\/index.php?rest_route=%2Fwp%2Fv2%2Fcomments&post=28044"}],"version-history":[{"count":2,"href":"https:\/\/radiorevelacionfm.cl\/index.php?rest_route=\/wp\/v2\/posts\/28044\/revisions"}],"predecessor-version":[{"id":28047,"href":"https:\/\/radiorevelacionfm.cl\/index.php?rest_route=\/wp\/v2\/posts\/28044\/revisions\/28047"}],"wp:featuredmedia":[{"embeddable":true,"href":"https:\/\/radiorevelacionfm.cl\/index.php?rest_route=\/wp\/v2\/media\/28045"}],"wp:attachment":[{"href":"https:\/\/radiorevelacionfm.cl\/index.php?rest_route=%2Fwp%2Fv2%2Fmedia&parent=28044"}],"wp:term":[{"taxonomy":"category","embeddable":true,"href":"https:\/\/radiorevelacionfm.cl\/index.php?rest_route=%2Fwp%2Fv2%2Fcategories&post=28044"},{"taxonomy":"post_tag","embeddable":true,"href":"https:\/\/radiorevelacionfm.cl\/index.php?rest_route=%2Fwp%2Fv2%2Ftags&post=28044"}],"curies":[{"name":"wp","href":"https:\/\/api.w.org\/{rel}","templated":true}]}}