{"id":28040,"date":"2023-02-22T11:08:37","date_gmt":"2023-02-22T14:08:37","guid":{"rendered":"https:\/\/radiorevelacionfm.cl\/?p=28040"},"modified":"2023-02-22T11:08:37","modified_gmt":"2023-02-22T14:08:37","slug":"gore-transfiere-recursos-de-emergencia-para-garantizar-funcionamiento-de-planta-electrica-de-guaitecas","status":"publish","type":"post","link":"https:\/\/radiorevelacionfm.cl\/?p=28040","title":{"rendered":"GORE transfiere recursos de emergencia para garantizar funcionamiento de planta el\u00e9ctrica de Guaitecas"},"content":{"rendered":"<div class=\"flex_column av_one_full  flex_column_div av-zero-column-padding first  avia-builder-el-0  el_before_av_one_full  avia-builder-el-first  \" style='border-radius:0px; '><div  class='avia-image-container  av-styling-    avia-builder-el-1  avia-builder-el-no-sibling  avia-align-center '  itemprop=\"image\" itemscope=\"itemscope\" itemtype=\"https:\/\/schema.org\/ImageObject\"  ><div class='avia-image-container-inner'><div class='avia-image-overlay-wrap'><img decoding=\"async\" class='wp-image-28041 avia-img-lazy-loading-not-28041 avia_image' src=\"https:\/\/radiorevelacionfm.cl\/wp-content\/uploads\/2023\/02\/Melinka-2-1-1.jpeg\" alt='' title='Melinka 2 (1) (1)' height=\"600\" width=\"901\"  itemprop=\"thumbnailUrl\" srcset=\"https:\/\/radiorevelacionfm.cl\/wp-content\/uploads\/2023\/02\/Melinka-2-1-1.jpeg 901w, https:\/\/radiorevelacionfm.cl\/wp-content\/uploads\/2023\/02\/Melinka-2-1-1-300x200.jpeg 300w, https:\/\/radiorevelacionfm.cl\/wp-content\/uploads\/2023\/02\/Melinka-2-1-1-768x511.jpeg 768w, https:\/\/radiorevelacionfm.cl\/wp-content\/uploads\/2023\/02\/Melinka-2-1-1-705x469.jpeg 705w, https:\/\/radiorevelacionfm.cl\/wp-content\/uploads\/2023\/02\/Melinka-2-1-1-600x400.jpeg 600w\" sizes=\"(max-width: 901px) 100vw, 901px\" \/><\/div><\/div><\/div><\/div><div class=\"flex_column av_one_full  flex_column_div av-zero-column-padding first  avia-builder-el-2  el_after_av_one_full  el_before_av_one_full  column-top-margin\" style='border-radius:0px; '><section class=\"av_textblock_section \"  itemscope=\"itemscope\" itemtype=\"https:\/\/schema.org\/BlogPosting\" itemprop=\"blogPost\" ><div class='avia_textblock  '   itemprop=\"text\" ><p style=\"text-align: center;\"><strong><span style=\"font-size: 18pt;\">GORE transfiere recursos de emergencia para garantizar funcionamiento de planta el\u00e9ctrica de Guaitecas<\/span><\/strong><\/p>\n<div id=\"gtx-trans\" style=\"position: absolute; left: -50px; top: 4.31534px;\">\n<div class=\"gtx-trans-icon\"><\/div>\n<\/div>\n<\/div><\/section><\/div><div class=\"flex_column av_one_full  flex_column_div av-zero-column-padding first  avia-builder-el-4  el_after_av_one_full  el_before_av_hr  column-top-margin\" style='border-radius:0px; '><section class=\"av_textblock_section \"  itemscope=\"itemscope\" itemtype=\"https:\/\/schema.org\/BlogPosting\" itemprop=\"blogPost\" ><div class='avia_textblock  '   itemprop=\"text\" ><p dir=\"ltr\" style=\"text-align: justify;\">Este martes el Gobierno Regional de Ays\u00e9n transfiri\u00f3 m\u00e1s de $302 millones a la planta de energ\u00eda de la comuna de Guaitecas, que abastece a las localidades de Melinka y Repollal, como un adelanto del subsidio autorizado para el presente a\u00f1o. Con ello, se garantiza el funcionamiento de la empresa en lo inmediato.<\/p>\n<p dir=\"ltr\" style=\"text-align: justify;\">\u00abDesde el Gobierno Regional y su Consejo estamos muy contentos de haber podido realizar la transferencia de recursos para la empresa el\u00e9ctrica de Guaitecas. Son $302 millones que aporta el Gobierno Regional. Esto es un subsidio para la operaci\u00f3n de dicha planta. All\u00ed, sabemos que el costo de generar energ\u00eda es muy alto y, por tanto, entendemos que tambi\u00e9n hay un proceso hoy de revisi\u00f3n de la tarifa por parte de la empresa el\u00e9ctrica\u00bb, expres\u00f3 la Gobernadora Andrea Mac\u00edas Palma.<\/p>\n<p dir=\"ltr\" style=\"text-align: justify;\">Mediante la gesti\u00f3n del Gobierno Regional, se logr\u00f3 que el Ministerio de Energ\u00eda ratificara este a\u00f1o que la comuna de Guaitecas posee, a trav\u00e9s de su planta, un sistema de autogeneraci\u00f3n el\u00e9ctrica. Para conseguir esto, el Ejecutivo regional tuvo que enviar a la cartera de Energ\u00eda la propuesta de la solicitud de la empresa, representada por el alcalde Marcos Silva, y adem\u00e1s reconocer que era necesario realizar un anticipo de emergencia.<\/p>\n<p dir=\"ltr\" style=\"text-align: justify;\">\u00abComo regi\u00f3n tenemos problemas en cuanto a la generaci\u00f3n de energ\u00eda a\u00fan en algunos lugares, uno de ellos es la comuna de Guaitecas, donde estamos en un proceso de evaluaci\u00f3n de nuevos sistemas, de poder generar energ\u00eda a trav\u00e9s de sistemas fotovoltaicos y e\u00f3licos. Ese proceso de evaluaci\u00f3n se est\u00e1 llevando a cabo porque entendemos que la comunidad lo que requiere es una soluci\u00f3n permanente en materia de generaci\u00f3n el\u00e9ctrica\u00bb, precis\u00f3 la Gobernadora Regional.<\/p>\n<p dir=\"ltr\" style=\"text-align: justify;\">Con la transferencia, la m\u00e1xima autoridad de la Regi\u00f3n de Ays\u00e9n aclar\u00f3 que la planta podr\u00e1 continuar operando para abastecer a las localidades. Mientras, y de forma paralela, el Gobierno Regional seguir\u00e1 avanzando en el proceso con la Subsecretar\u00eda de Energ\u00eda.<\/p>\n<\/div><\/section><\/div><div  style='height:50px' class='hr hr-invisible   avia-builder-el-6  el_after_av_one_full  el_before_av_social_share '><span class='hr-inner ' ><span class='hr-inner-style'><\/span><\/span><\/div><\/p>\n<div  class='av-social-sharing-box  avia-builder-el-7  el_after_av_hr  el_before_av_hr  '><div class='av-share-box'><h5 class='av-share-link-description av-no-toc '>Compartir esta noticia<\/h5><ul class='av-share-box-list noLightbox'><li class='av-share-link av-social-link-facebook' ><a target=\"_blank\" aria-label=\"Compartir en Facebook\" href='https:\/\/www.facebook.com\/sharer.php?u=https:\/\/radiorevelacionfm.cl\/?p=28040&#038;t=GORE%20transfiere%20recursos%20de%20emergencia%20para%20garantizar%20funcionamiento%20de%20planta%20el%C3%A9ctrica%20de%20Guaitecas' aria-hidden='false' data-av_icon='\ue8f3' data-av_iconfont='entypo-fontello' title='' data-avia-related-tooltip='Compartir en Facebook' rel=\"noopener\"><span class='avia_hidden_link_text'>Compartir en Facebook<\/span><\/a><\/li><li class='av-share-link av-social-link-twitter' ><a target=\"_blank\" aria-label=\"Compartir en Twitter\" href='https:\/\/twitter.com\/share?text=GORE%20transfiere%20recursos%20de%20emergencia%20para%20garantizar%20funcionamiento%20de%20planta%20el%C3%A9ctrica%20de%20Guaitecas&#038;url=https:\/\/radiorevelacionfm.cl\/?p=28040' aria-hidden='false' data-av_icon='\ue8f1' data-av_iconfont='entypo-fontello' title='' data-avia-related-tooltip='Compartir en Twitter' rel=\"noopener\"><span class='avia_hidden_link_text'>Compartir en Twitter<\/span><\/a><\/li><li class='av-share-link av-social-link-whatsapp' ><a target=\"_blank\" aria-label=\"Compartir en Whatsapp\" href='https:\/\/api.whatsapp.com\/send?text=https:\/\/radiorevelacionfm.cl\/?p=28040' aria-hidden='false' data-av_icon='\uf232' data-av_iconfont='entypo-fontello' title='' data-avia-related-tooltip='Compartir en Whatsapp' rel=\"noopener\"><span class='avia_hidden_link_text'>Compartir en Whatsapp<\/span><\/a><\/li><li class='av-share-link av-social-link-linkedin' ><a target=\"_blank\" aria-label=\"Compartir en LinkedIn\" href='https:\/\/linkedin.com\/shareArticle?mini=true&#038;title=GORE%20transfiere%20recursos%20de%20emergencia%20para%20garantizar%20funcionamiento%20de%20planta%20el%C3%A9ctrica%20de%20Guaitecas&#038;url=https:\/\/radiorevelacionfm.cl\/?p=28040' aria-hidden='false' data-av_icon='\ue8fc' data-av_iconfont='entypo-fontello' title='' data-avia-related-tooltip='Compartir en LinkedIn' rel=\"noopener\"><span class='avia_hidden_link_text'>Compartir en LinkedIn<\/span><\/a><\/li><li class='av-share-link av-social-link-mail' ><a  aria-label=\"Compartir por correo\" href='mailto:?subject=GORE%20transfiere%20recursos%20de%20emergencia%20para%20garantizar%20funcionamiento%20de%20planta%20el%C3%A9ctrica%20de%20Guaitecas&#038;body=https:\/\/radiorevelacionfm.cl\/?p=28040' aria-hidden='false' data-av_icon='\ue805' data-av_iconfont='entypo-fontello' title='' data-avia-related-tooltip='Compartir por correo'><span class='avia_hidden_link_text'>Compartir por correo<\/span><\/a><\/li><\/ul><\/div><\/div>\n<div  style='height:50px' class='hr hr-invisible   avia-builder-el-8  el_after_av_social_share  el_before_av_comments_list '><span class='hr-inner ' ><span class='hr-inner-style'><\/span><\/span><\/div>\n<div  class='av-buildercomment  av-blog-meta-html-info-disabled av-blog-meta-tag-disabled  '><\/div>\n","protected":false},"excerpt":{"rendered":"","protected":false},"author":1,"featured_media":28041,"comment_status":"open","ping_status":"open","sticky":false,"template":"","format":"standard","meta":{"footnotes":""},"categories":[38],"tags":[],"class_list":["post-28040","post","type-post","status-publish","format-standard","has-post-thumbnail","hentry","category-regional"],"jetpack_featured_media_url":"https:\/\/radiorevelacionfm.cl\/wp-content\/uploads\/2023\/02\/Melinka-2-1-1.jpeg","_links":{"self":[{"href":"https:\/\/radiorevelacionfm.cl\/index.php?rest_route=\/wp\/v2\/posts\/28040","targetHints":{"allow":["GET"]}}],"collection":[{"href":"https:\/\/radiorevelacionfm.cl\/index.php?rest_route=\/wp\/v2\/posts"}],"about":[{"href":"https:\/\/radiorevelacionfm.cl\/index.php?rest_route=\/wp\/v2\/types\/post"}],"author":[{"embeddable":true,"href":"https:\/\/radiorevelacionfm.cl\/index.php?rest_route=\/wp\/v2\/users\/1"}],"replies":[{"embeddable":true,"href":"https:\/\/radiorevelacionfm.cl\/index.php?rest_route=%2Fwp%2Fv2%2Fcomments&post=28040"}],"version-history":[{"count":2,"href":"https:\/\/radiorevelacionfm.cl\/index.php?rest_route=\/wp\/v2\/posts\/28040\/revisions"}],"predecessor-version":[{"id":28043,"href":"https:\/\/radiorevelacionfm.cl\/index.php?rest_route=\/wp\/v2\/posts\/28040\/revisions\/28043"}],"wp:featuredmedia":[{"embeddable":true,"href":"https:\/\/radiorevelacionfm.cl\/index.php?rest_route=\/wp\/v2\/media\/28041"}],"wp:attachment":[{"href":"https:\/\/radiorevelacionfm.cl\/index.php?rest_route=%2Fwp%2Fv2%2Fmedia&parent=28040"}],"wp:term":[{"taxonomy":"category","embeddable":true,"href":"https:\/\/radiorevelacionfm.cl\/index.php?rest_route=%2Fwp%2Fv2%2Fcategories&post=28040"},{"taxonomy":"post_tag","embeddable":true,"href":"https:\/\/radiorevelacionfm.cl\/index.php?rest_route=%2Fwp%2Fv2%2Ftags&post=28040"}],"curies":[{"name":"wp","href":"https:\/\/api.w.org\/{rel}","templated":true}]}}