{"id":28036,"date":"2023-02-22T10:00:22","date_gmt":"2023-02-22T13:00:22","guid":{"rendered":"https:\/\/radiorevelacionfm.cl\/?p=28036"},"modified":"2023-02-22T10:00:22","modified_gmt":"2023-02-22T13:00:22","slug":"campesinas-y-campesinos-de-aysen-participan-de-capacitacion-para-postular-a-fondos-fia","status":"publish","type":"post","link":"https:\/\/radiorevelacionfm.cl\/?p=28036","title":{"rendered":"Campesinas y campesinos de Ays\u00e9n participan de capacitaci\u00f3n para postular a fondos FIA"},"content":{"rendered":"<div class=\"flex_column av_one_full  flex_column_div av-zero-column-padding first  avia-builder-el-0  el_before_av_one_full  avia-builder-el-first  \" style='border-radius:0px; '><div  class='avia-image-container  av-styling-    avia-builder-el-1  avia-builder-el-no-sibling  avia-align-center '  itemprop=\"image\" itemscope=\"itemscope\" itemtype=\"https:\/\/schema.org\/ImageObject\"  ><div class='avia-image-container-inner'><div class='avia-image-overlay-wrap'><img decoding=\"async\" class='wp-image-28037 avia-img-lazy-loading-not-28037 avia_image' src=\"https:\/\/radiorevelacionfm.cl\/wp-content\/uploads\/2023\/02\/LRM_20230221_111715-1-1.jpg\" alt='' title='LRM_20230221_111715 (1) (1)' height=\"600\" width=\"862\"  itemprop=\"thumbnailUrl\" srcset=\"https:\/\/radiorevelacionfm.cl\/wp-content\/uploads\/2023\/02\/LRM_20230221_111715-1-1.jpg 862w, https:\/\/radiorevelacionfm.cl\/wp-content\/uploads\/2023\/02\/LRM_20230221_111715-1-1-300x209.jpg 300w, https:\/\/radiorevelacionfm.cl\/wp-content\/uploads\/2023\/02\/LRM_20230221_111715-1-1-768x535.jpg 768w, https:\/\/radiorevelacionfm.cl\/wp-content\/uploads\/2023\/02\/LRM_20230221_111715-1-1-705x491.jpg 705w, https:\/\/radiorevelacionfm.cl\/wp-content\/uploads\/2023\/02\/LRM_20230221_111715-1-1-600x418.jpg 600w\" sizes=\"(max-width: 862px) 100vw, 862px\" \/><\/div><\/div><\/div><\/div><div class=\"flex_column av_one_full  flex_column_div av-zero-column-padding first  avia-builder-el-2  el_after_av_one_full  el_before_av_one_full  column-top-margin\" style='border-radius:0px; '><section class=\"av_textblock_section \"  itemscope=\"itemscope\" itemtype=\"https:\/\/schema.org\/BlogPosting\" itemprop=\"blogPost\" ><div class='avia_textblock  '   itemprop=\"text\" ><p style=\"text-align: center;\"><span style=\"font-size: 18pt;\"><strong>Campesinas y campesinos de Ays\u00e9n participan de capacitaci\u00f3n para postular a fondos FIA<\/strong><\/span><\/p>\n<div id=\"gtx-trans\" style=\"position: absolute; left: -50px; top: 4.31534px;\">\n<div class=\"gtx-trans-icon\"><\/div>\n<\/div>\n<\/div><\/section><\/div><div class=\"flex_column av_one_full  flex_column_div av-zero-column-padding first  avia-builder-el-4  el_after_av_one_full  el_before_av_hr  column-top-margin\" style='border-radius:0px; '><section class=\"av_textblock_section \"  itemscope=\"itemscope\" itemtype=\"https:\/\/schema.org\/BlogPosting\" itemprop=\"blogPost\" ><div class='avia_textblock  '   itemprop=\"text\" ><p style=\"text-align: justify;\">La ma\u00f1ana de este martes, campesinas y campesinos de Ays\u00e9n inscritos en la Oficina del Campesino, participaron de una capacitaci\u00f3n organizada por la Seremi de Agricultura en las dependencias de la Municipalidad de Ays\u00e9n, en la que se les orient\u00f3 respecto de c\u00f3mo postular a los fondos FIA (Fundaci\u00f3n para la Innovaci\u00f3n Agraria).<\/p>\n<p style=\"text-align: justify;\">Este es un programa financiado con fondos del Gobierno Regional de Ays\u00e9n. De acuerdo a la profesional de apoyo de la Seremi de Agricultura, Mar\u00eda Schmidt, \u201ctiene como objetivo fomentar la producci\u00f3n hortofrut\u00edcola a nivel regional, que beneficia con inversi\u00f3n directa a las y los productores que tengan una trayectoria y se encuentren trabajando en el rubro de manera permanente\u201d.<\/p>\n<p style=\"text-align: justify;\">Esto, se enmarca dentro del lineamiento que ha seguido la entidad, la cual busca consolidar la seguridad y soberan\u00eda alimentaria en el pa\u00eds. Actualmente se encuentran trabajando con la Fundaci\u00f3n para la Innovaci\u00f3n Agraria con el fin de poder incorporar a agricultores que no se encuentren inscritos en INDAP.<\/p>\n<p style=\"text-align: justify;\">\u201cComo Oficina del Campesino estamos apoyando a todos los campesinos de Ays\u00e9n, tanto del rubro hort\u00edcola como frut\u00edcola. Para nosotros, es muy importante que las personas puedan aprender de esta capacitaci\u00f3n\u201d, indic\u00f3 Nadia Bravo, de la oficina, quien aprovech\u00f3 de recalcar que las bases de la postulaci\u00f3n cubren inversiones de hasta 10 millones de pesos, lo que permitir\u00eda a los agricultores adquirir equipamiento e infraestructura que les permita agilizar su producci\u00f3n y hacer crecer su negocio.<\/p>\n<p style=\"text-align: justify;\">Quienes deseen m\u00e1s informaci\u00f3n sobre el actual proceso de postulaci\u00f3n, deben contactarse con la Oficina del Campesino de la Municipalidad de Ays\u00e9n, en la que se les entregar\u00e1 orientaci\u00f3n e informaci\u00f3n sobre los formularios a completar para postular sus proyectos.<\/p>\n<\/div><\/section><\/div><div  style='height:50px' class='hr hr-invisible   avia-builder-el-6  el_after_av_one_full  el_before_av_social_share '><span class='hr-inner ' ><span class='hr-inner-style'><\/span><\/span><\/div><\/p>\n<div  class='av-social-sharing-box  avia-builder-el-7  el_after_av_hr  el_before_av_hr  '><div class='av-share-box'><h5 class='av-share-link-description av-no-toc '>Compartir esta noticia<\/h5><ul class='av-share-box-list noLightbox'><li class='av-share-link av-social-link-facebook' ><a target=\"_blank\" aria-label=\"Compartir en Facebook\" href='https:\/\/www.facebook.com\/sharer.php?u=https:\/\/radiorevelacionfm.cl\/?p=28036&#038;t=Campesinas%20y%20campesinos%20de%20Ays%C3%A9n%20participan%20de%20capacitaci%C3%B3n%20para%20postular%20a%20fondos%20FIA' aria-hidden='false' data-av_icon='\ue8f3' data-av_iconfont='entypo-fontello' title='' data-avia-related-tooltip='Compartir en Facebook' rel=\"noopener\"><span class='avia_hidden_link_text'>Compartir en Facebook<\/span><\/a><\/li><li class='av-share-link av-social-link-twitter' ><a target=\"_blank\" aria-label=\"Compartir en Twitter\" href='https:\/\/twitter.com\/share?text=Campesinas%20y%20campesinos%20de%20Ays%C3%A9n%20participan%20de%20capacitaci%C3%B3n%20para%20postular%20a%20fondos%20FIA&#038;url=https:\/\/radiorevelacionfm.cl\/?p=28036' aria-hidden='false' data-av_icon='\ue8f1' data-av_iconfont='entypo-fontello' title='' data-avia-related-tooltip='Compartir en Twitter' rel=\"noopener\"><span class='avia_hidden_link_text'>Compartir en Twitter<\/span><\/a><\/li><li class='av-share-link av-social-link-whatsapp' ><a target=\"_blank\" aria-label=\"Compartir en Whatsapp\" href='https:\/\/api.whatsapp.com\/send?text=https:\/\/radiorevelacionfm.cl\/?p=28036' aria-hidden='false' data-av_icon='\uf232' data-av_iconfont='entypo-fontello' title='' data-avia-related-tooltip='Compartir en Whatsapp' rel=\"noopener\"><span class='avia_hidden_link_text'>Compartir en Whatsapp<\/span><\/a><\/li><li class='av-share-link av-social-link-linkedin' ><a target=\"_blank\" aria-label=\"Compartir en LinkedIn\" href='https:\/\/linkedin.com\/shareArticle?mini=true&#038;title=Campesinas%20y%20campesinos%20de%20Ays%C3%A9n%20participan%20de%20capacitaci%C3%B3n%20para%20postular%20a%20fondos%20FIA&#038;url=https:\/\/radiorevelacionfm.cl\/?p=28036' aria-hidden='false' data-av_icon='\ue8fc' data-av_iconfont='entypo-fontello' title='' data-avia-related-tooltip='Compartir en LinkedIn' rel=\"noopener\"><span class='avia_hidden_link_text'>Compartir en LinkedIn<\/span><\/a><\/li><li class='av-share-link av-social-link-mail' ><a  aria-label=\"Compartir por correo\" href='mailto:?subject=Campesinas%20y%20campesinos%20de%20Ays%C3%A9n%20participan%20de%20capacitaci%C3%B3n%20para%20postular%20a%20fondos%20FIA&#038;body=https:\/\/radiorevelacionfm.cl\/?p=28036' aria-hidden='false' data-av_icon='\ue805' data-av_iconfont='entypo-fontello' title='' data-avia-related-tooltip='Compartir por correo'><span class='avia_hidden_link_text'>Compartir por correo<\/span><\/a><\/li><\/ul><\/div><\/div>\n<div  style='height:50px' class='hr hr-invisible   avia-builder-el-8  el_after_av_social_share  el_before_av_comments_list '><span class='hr-inner ' ><span class='hr-inner-style'><\/span><\/span><\/div>\n<div  class='av-buildercomment  av-blog-meta-html-info-disabled av-blog-meta-tag-disabled  '><\/div>\n","protected":false},"excerpt":{"rendered":"","protected":false},"author":1,"featured_media":28037,"comment_status":"open","ping_status":"open","sticky":false,"template":"","format":"standard","meta":{"footnotes":""},"categories":[38],"tags":[],"class_list":["post-28036","post","type-post","status-publish","format-standard","has-post-thumbnail","hentry","category-regional"],"jetpack_featured_media_url":"https:\/\/radiorevelacionfm.cl\/wp-content\/uploads\/2023\/02\/LRM_20230221_111715-1-1.jpg","_links":{"self":[{"href":"https:\/\/radiorevelacionfm.cl\/index.php?rest_route=\/wp\/v2\/posts\/28036","targetHints":{"allow":["GET"]}}],"collection":[{"href":"https:\/\/radiorevelacionfm.cl\/index.php?rest_route=\/wp\/v2\/posts"}],"about":[{"href":"https:\/\/radiorevelacionfm.cl\/index.php?rest_route=\/wp\/v2\/types\/post"}],"author":[{"embeddable":true,"href":"https:\/\/radiorevelacionfm.cl\/index.php?rest_route=\/wp\/v2\/users\/1"}],"replies":[{"embeddable":true,"href":"https:\/\/radiorevelacionfm.cl\/index.php?rest_route=%2Fwp%2Fv2%2Fcomments&post=28036"}],"version-history":[{"count":2,"href":"https:\/\/radiorevelacionfm.cl\/index.php?rest_route=\/wp\/v2\/posts\/28036\/revisions"}],"predecessor-version":[{"id":28039,"href":"https:\/\/radiorevelacionfm.cl\/index.php?rest_route=\/wp\/v2\/posts\/28036\/revisions\/28039"}],"wp:featuredmedia":[{"embeddable":true,"href":"https:\/\/radiorevelacionfm.cl\/index.php?rest_route=\/wp\/v2\/media\/28037"}],"wp:attachment":[{"href":"https:\/\/radiorevelacionfm.cl\/index.php?rest_route=%2Fwp%2Fv2%2Fmedia&parent=28036"}],"wp:term":[{"taxonomy":"category","embeddable":true,"href":"https:\/\/radiorevelacionfm.cl\/index.php?rest_route=%2Fwp%2Fv2%2Fcategories&post=28036"},{"taxonomy":"post_tag","embeddable":true,"href":"https:\/\/radiorevelacionfm.cl\/index.php?rest_route=%2Fwp%2Fv2%2Ftags&post=28036"}],"curies":[{"name":"wp","href":"https:\/\/api.w.org\/{rel}","templated":true}]}}