{"id":28031,"date":"2023-02-21T19:42:19","date_gmt":"2023-02-21T22:42:19","guid":{"rendered":"https:\/\/radiorevelacionfm.cl\/?p=28031"},"modified":"2023-02-21T19:42:19","modified_gmt":"2023-02-21T22:42:19","slug":"autoridades-comunales-y-provinciales-se-reunen-para-unificar-criterios-para-la-realizacion-de-eventos-masivos-en-aysen","status":"publish","type":"post","link":"https:\/\/radiorevelacionfm.cl\/?p=28031","title":{"rendered":"Autoridades comunales y provinciales se re\u00fanen para unificar criterios para la realizaci\u00f3n de eventos masivos en Ays\u00e9n"},"content":{"rendered":"<div class=\"flex_column av_one_full  flex_column_div av-zero-column-padding first  avia-builder-el-0  el_before_av_one_full  avia-builder-el-first  \" style='border-radius:0px; '><div  class='avia-image-container  av-styling-    avia-builder-el-1  avia-builder-el-no-sibling  avia-align-center '  itemprop=\"image\" itemscope=\"itemscope\" itemtype=\"https:\/\/schema.org\/ImageObject\"  ><div class='avia-image-container-inner'><div class='avia-image-overlay-wrap'><img decoding=\"async\" class='wp-image-28032 avia-img-lazy-loading-not-28032 avia_image' src=\"https:\/\/radiorevelacionfm.cl\/wp-content\/uploads\/2023\/02\/LRM_20230221_163623-1-1.jpg\" alt='' title='LRM_20230221_163623 (1) (1)' height=\"600\" width=\"887\"  itemprop=\"thumbnailUrl\" srcset=\"https:\/\/radiorevelacionfm.cl\/wp-content\/uploads\/2023\/02\/LRM_20230221_163623-1-1.jpg 887w, https:\/\/radiorevelacionfm.cl\/wp-content\/uploads\/2023\/02\/LRM_20230221_163623-1-1-300x203.jpg 300w, https:\/\/radiorevelacionfm.cl\/wp-content\/uploads\/2023\/02\/LRM_20230221_163623-1-1-768x520.jpg 768w, https:\/\/radiorevelacionfm.cl\/wp-content\/uploads\/2023\/02\/LRM_20230221_163623-1-1-705x477.jpg 705w, https:\/\/radiorevelacionfm.cl\/wp-content\/uploads\/2023\/02\/LRM_20230221_163623-1-1-600x406.jpg 600w\" sizes=\"(max-width: 887px) 100vw, 887px\" \/><\/div><\/div><\/div><\/div><div class=\"flex_column av_one_full  flex_column_div av-zero-column-padding first  avia-builder-el-2  el_after_av_one_full  el_before_av_one_full  column-top-margin\" style='border-radius:0px; '><section class=\"av_textblock_section \"  itemscope=\"itemscope\" itemtype=\"https:\/\/schema.org\/BlogPosting\" itemprop=\"blogPost\" ><div class='avia_textblock  '   itemprop=\"text\" ><p style=\"text-align: center;\"><span style=\"font-size: 18pt;\"><strong>Autoridades comunales y provinciales se re\u00fanen para unificar criterios para la realizaci\u00f3n de eventos masivos en Ays\u00e9n<\/strong><\/span><\/p>\n<div id=\"gtx-trans\" style=\"position: absolute; left: -50px; top: 4.31534px;\">\n<div class=\"gtx-trans-icon\"><\/div>\n<\/div>\n<\/div><\/section><\/div><div class=\"flex_column av_one_full  flex_column_div av-zero-column-padding first  avia-builder-el-4  el_after_av_one_full  el_before_av_hr  column-top-margin\" style='border-radius:0px; '><section class=\"av_textblock_section \"  itemscope=\"itemscope\" itemtype=\"https:\/\/schema.org\/BlogPosting\" itemprop=\"blogPost\" ><div class='avia_textblock  '   itemprop=\"text\" ><p style=\"text-align: justify;\">La tarde de este martes, el alcalde (s) de Ays\u00e9n, Marco Co\u00f1uecar, se reuni\u00f3 con el jefe de gabinete de la Delegaci\u00f3n Presidencial Provincial de Ays\u00e9n, Sebasti\u00e1n Vega, y representantes de las polic\u00edas, y diversas agrupaciones tanto municipales, como provinciales y comunales, con el fin de aunar criterios que permitan ordenar las competencias de cada instituci\u00f3n al momento de autorizar eventos masivos en Ays\u00e9n.<\/p>\n<p style=\"text-align: justify;\">En la instancia, realizada en las dependencias de la Municipalidad de Ays\u00e9n, se definieron y delimitaron las atribuciones que tienen los diferentes organismos, as\u00ed como los plazos en que se deben solicitar los respectivos permisos para la realizaci\u00f3n de eventos en espacios p\u00fablicos, ya sean estos con o sin fines de lucro.<\/p>\n<p style=\"text-align: justify;\">Respecto de este tema, el delegado presidencial provincial Vega, indic\u00f3 que \u201cla principal relevancia de esta instancia es poder sentarnos a conversar con los actores que participan en la toma de estas decisiones, con el fin de unificar criterios y bajar la informaci\u00f3n a la comunidad para evitar posibles confusiones\u201d, agregando que \u201ccomo funcionarios p\u00fablicos, debemos comprometernos con la comunidad a educarlos y ense\u00f1arles cu\u00e1les son los conductos regulares para que sus actividades se encuentren dentro de la normativa\u201d.<\/p>\n<p style=\"text-align: justify;\">Sobre los acuerdos, \u00d3scar Az\u00f3car, administrador de la Municipalidad de Ays\u00e9n, indic\u00f3 que \u201clo que buscan este tipo de reuniones es generar alianzas estrat\u00e9gicas entre los diferentes \u00f3rganos de la administraci\u00f3n del Estado, para poder ordenar y visibilizar de cara al p\u00fablico a qu\u00e9 instituci\u00f3n le corresponde cada permiso\u201d.<\/p>\n<p style=\"text-align: justify;\">En esta misma l\u00ednea, Az\u00f3car mencion\u00f3 algunos ejemplos de los permisos: \u201cCortes de tr\u00e1nsito, corresponde canalizar la solicitud a trav\u00e9s de la Direcci\u00f3n de Tr\u00e1nsito de la Municipalidad de Ays\u00e9n; el rodeo y carreras a la chilena deben solicitarse al Servicio Agr\u00edcola Ganadero; eventos en la v\u00eda p\u00fablica deben solicitarse a trav\u00e9s de la Delegaci\u00f3n Presidencial Provincial con dos d\u00edas h\u00e1biles de anticipaci\u00f3n; eventos masivos que consideren pagos de rentas y patentes, deben tramitarse en la Oficina de Rentas del municipio\u201d.<\/p>\n<p style=\"text-align: justify;\">Gracias a este tipo de instancias, se permite agilizar el proceso para que la comunidad pueda gestionar la realizaci\u00f3n de actividades en los espacios p\u00fablicos de la comuna, con lo que se fomenta la participaci\u00f3n e inclusi\u00f3n de todas y todos los ayseninos.<\/p>\n<\/div><\/section><\/div><div  style='height:50px' class='hr hr-invisible   avia-builder-el-6  el_after_av_one_full  el_before_av_social_share '><span class='hr-inner ' ><span class='hr-inner-style'><\/span><\/span><\/div><\/p>\n<div  class='av-social-sharing-box  avia-builder-el-7  el_after_av_hr  el_before_av_hr  '><div class='av-share-box'><h5 class='av-share-link-description av-no-toc '>Compartir esta noticia<\/h5><ul class='av-share-box-list noLightbox'><li class='av-share-link av-social-link-facebook' ><a target=\"_blank\" aria-label=\"Compartir en Facebook\" href='https:\/\/www.facebook.com\/sharer.php?u=https:\/\/radiorevelacionfm.cl\/?p=28031&#038;t=Autoridades%20comunales%20y%20provinciales%20se%20re%C3%BAnen%20para%20unificar%20criterios%20para%20la%20realizaci%C3%B3n%20de%20eventos%20masivos%20en%20Ays%C3%A9n' aria-hidden='false' data-av_icon='\ue8f3' data-av_iconfont='entypo-fontello' title='' data-avia-related-tooltip='Compartir en Facebook' rel=\"noopener\"><span class='avia_hidden_link_text'>Compartir en Facebook<\/span><\/a><\/li><li class='av-share-link av-social-link-twitter' ><a target=\"_blank\" aria-label=\"Compartir en Twitter\" href='https:\/\/twitter.com\/share?text=Autoridades%20comunales%20y%20provinciales%20se%20re%C3%BAnen%20para%20unificar%20criterios%20para%20la%20realizaci%C3%B3n%20de%20eventos%20masivos%20en%20Ays%C3%A9n&#038;url=https:\/\/radiorevelacionfm.cl\/?p=28031' aria-hidden='false' data-av_icon='\ue8f1' data-av_iconfont='entypo-fontello' title='' data-avia-related-tooltip='Compartir en Twitter' rel=\"noopener\"><span class='avia_hidden_link_text'>Compartir en Twitter<\/span><\/a><\/li><li class='av-share-link av-social-link-whatsapp' ><a target=\"_blank\" aria-label=\"Compartir en Whatsapp\" href='https:\/\/api.whatsapp.com\/send?text=https:\/\/radiorevelacionfm.cl\/?p=28031' aria-hidden='false' data-av_icon='\uf232' data-av_iconfont='entypo-fontello' title='' data-avia-related-tooltip='Compartir en Whatsapp' rel=\"noopener\"><span class='avia_hidden_link_text'>Compartir en Whatsapp<\/span><\/a><\/li><li class='av-share-link av-social-link-linkedin' ><a target=\"_blank\" aria-label=\"Compartir en LinkedIn\" href='https:\/\/linkedin.com\/shareArticle?mini=true&#038;title=Autoridades%20comunales%20y%20provinciales%20se%20re%C3%BAnen%20para%20unificar%20criterios%20para%20la%20realizaci%C3%B3n%20de%20eventos%20masivos%20en%20Ays%C3%A9n&#038;url=https:\/\/radiorevelacionfm.cl\/?p=28031' aria-hidden='false' data-av_icon='\ue8fc' data-av_iconfont='entypo-fontello' title='' data-avia-related-tooltip='Compartir en LinkedIn' rel=\"noopener\"><span class='avia_hidden_link_text'>Compartir en LinkedIn<\/span><\/a><\/li><li class='av-share-link av-social-link-mail' ><a  aria-label=\"Compartir por correo\" href='mailto:?subject=Autoridades%20comunales%20y%20provinciales%20se%20re%C3%BAnen%20para%20unificar%20criterios%20para%20la%20realizaci%C3%B3n%20de%20eventos%20masivos%20en%20Ays%C3%A9n&#038;body=https:\/\/radiorevelacionfm.cl\/?p=28031' aria-hidden='false' data-av_icon='\ue805' data-av_iconfont='entypo-fontello' title='' data-avia-related-tooltip='Compartir por correo'><span class='avia_hidden_link_text'>Compartir por correo<\/span><\/a><\/li><\/ul><\/div><\/div>\n<div  style='height:50px' class='hr hr-invisible   avia-builder-el-8  el_after_av_social_share  el_before_av_comments_list '><span class='hr-inner ' ><span class='hr-inner-style'><\/span><\/span><\/div>\n<div  class='av-buildercomment  av-blog-meta-html-info-disabled av-blog-meta-tag-disabled  '><\/div>\n","protected":false},"excerpt":{"rendered":"","protected":false},"author":1,"featured_media":28032,"comment_status":"open","ping_status":"open","sticky":false,"template":"","format":"standard","meta":{"footnotes":""},"categories":[38],"tags":[],"class_list":["post-28031","post","type-post","status-publish","format-standard","has-post-thumbnail","hentry","category-regional"],"jetpack_featured_media_url":"https:\/\/radiorevelacionfm.cl\/wp-content\/uploads\/2023\/02\/LRM_20230221_163623-1-1.jpg","_links":{"self":[{"href":"https:\/\/radiorevelacionfm.cl\/index.php?rest_route=\/wp\/v2\/posts\/28031","targetHints":{"allow":["GET"]}}],"collection":[{"href":"https:\/\/radiorevelacionfm.cl\/index.php?rest_route=\/wp\/v2\/posts"}],"about":[{"href":"https:\/\/radiorevelacionfm.cl\/index.php?rest_route=\/wp\/v2\/types\/post"}],"author":[{"embeddable":true,"href":"https:\/\/radiorevelacionfm.cl\/index.php?rest_route=\/wp\/v2\/users\/1"}],"replies":[{"embeddable":true,"href":"https:\/\/radiorevelacionfm.cl\/index.php?rest_route=%2Fwp%2Fv2%2Fcomments&post=28031"}],"version-history":[{"count":2,"href":"https:\/\/radiorevelacionfm.cl\/index.php?rest_route=\/wp\/v2\/posts\/28031\/revisions"}],"predecessor-version":[{"id":28034,"href":"https:\/\/radiorevelacionfm.cl\/index.php?rest_route=\/wp\/v2\/posts\/28031\/revisions\/28034"}],"wp:featuredmedia":[{"embeddable":true,"href":"https:\/\/radiorevelacionfm.cl\/index.php?rest_route=\/wp\/v2\/media\/28032"}],"wp:attachment":[{"href":"https:\/\/radiorevelacionfm.cl\/index.php?rest_route=%2Fwp%2Fv2%2Fmedia&parent=28031"}],"wp:term":[{"taxonomy":"category","embeddable":true,"href":"https:\/\/radiorevelacionfm.cl\/index.php?rest_route=%2Fwp%2Fv2%2Fcategories&post=28031"},{"taxonomy":"post_tag","embeddable":true,"href":"https:\/\/radiorevelacionfm.cl\/index.php?rest_route=%2Fwp%2Fv2%2Ftags&post=28031"}],"curies":[{"name":"wp","href":"https:\/\/api.w.org\/{rel}","templated":true}]}}