{"id":28028,"date":"2023-02-22T09:44:31","date_gmt":"2023-02-22T12:44:31","guid":{"rendered":"https:\/\/radiorevelacionfm.cl\/?p=28028"},"modified":"2023-02-22T09:44:31","modified_gmt":"2023-02-22T12:44:31","slug":"seremi-de-gobierno-valoro-cooperacion-publico-privada-ante-incendios-en-zona-centro-sur-del-pais","status":"publish","type":"post","link":"https:\/\/radiorevelacionfm.cl\/?p=28028","title":{"rendered":"Seremi de Gobierno valor\u00f3 cooperaci\u00f3n p\u00fablico privada ante incendios en zona centro sur del pa\u00eds"},"content":{"rendered":"<div class=\"flex_column av_one_full  flex_column_div av-zero-column-padding first  avia-builder-el-0  el_before_av_one_full  avia-builder-el-first  \" style='border-radius:0px; '><div  class='avia-image-container  av-styling-    avia-builder-el-1  avia-builder-el-no-sibling  avia-align-center '  itemprop=\"image\" itemscope=\"itemscope\" itemtype=\"https:\/\/schema.org\/ImageObject\"  ><div class='avia-image-container-inner'><div class='avia-image-overlay-wrap'><img decoding=\"async\" class='wp-image-28029 avia-img-lazy-loading-not-28029 avia_image' src=\"https:\/\/radiorevelacionfm.cl\/wp-content\/uploads\/2023\/02\/Seremi-Gobierno_Tatiana-Pla-Alvarez-1-1.jpeg\" alt='' title='Seremi Gobierno_Tatiana Pl\u00e1 \u00c1lvarez (1) (1)' height=\"600\" width=\"800\"  itemprop=\"thumbnailUrl\" srcset=\"https:\/\/radiorevelacionfm.cl\/wp-content\/uploads\/2023\/02\/Seremi-Gobierno_Tatiana-Pla-Alvarez-1-1.jpeg 800w, https:\/\/radiorevelacionfm.cl\/wp-content\/uploads\/2023\/02\/Seremi-Gobierno_Tatiana-Pla-Alvarez-1-1-300x225.jpeg 300w, https:\/\/radiorevelacionfm.cl\/wp-content\/uploads\/2023\/02\/Seremi-Gobierno_Tatiana-Pla-Alvarez-1-1-768x576.jpeg 768w, https:\/\/radiorevelacionfm.cl\/wp-content\/uploads\/2023\/02\/Seremi-Gobierno_Tatiana-Pla-Alvarez-1-1-705x529.jpeg 705w, https:\/\/radiorevelacionfm.cl\/wp-content\/uploads\/2023\/02\/Seremi-Gobierno_Tatiana-Pla-Alvarez-1-1-600x450.jpeg 600w\" sizes=\"(max-width: 800px) 100vw, 800px\" \/><\/div><\/div><\/div><\/div><div class=\"flex_column av_one_full  flex_column_div av-zero-column-padding first  avia-builder-el-2  el_after_av_one_full  el_before_av_one_full  column-top-margin\" style='border-radius:0px; '><section class=\"av_textblock_section \"  itemscope=\"itemscope\" itemtype=\"https:\/\/schema.org\/BlogPosting\" itemprop=\"blogPost\" ><div class='avia_textblock  '   itemprop=\"text\" ><p style=\"text-align: center;\"><strong><span style=\"font-size: 18pt;\">Seremi de Gobierno valor\u00f3 cooperaci\u00f3n p\u00fablico privada ante incendios en zona centro sur del pa\u00eds<\/span><\/strong><\/p>\n<div id=\"gtx-trans\" style=\"position: absolute; left: -50px; top: 4.31534px;\">\n<div class=\"gtx-trans-icon\"><\/div>\n<\/div>\n<\/div><\/section><\/div><div class=\"flex_column av_one_full  flex_column_div av-zero-column-padding first  avia-builder-el-4  el_after_av_one_full  el_before_av_hr  column-top-margin\" style='border-radius:0px; '><section class=\"av_textblock_section \"  itemscope=\"itemscope\" itemtype=\"https:\/\/schema.org\/BlogPosting\" itemprop=\"blogPost\" ><div class='avia_textblock  '   itemprop=\"text\" ><p style=\"text-align: justify;\">La Seremi de Gobierno de Ays\u00e9n, Tatiana Pl\u00e1 \u00c1lvarez, relev\u00f3 los avances en la Mesa de Cooperaci\u00f3n P\u00fablico-Privada surgida a ra\u00edz de los incendios forestales que afectan la zona centro-sur \u00a0del pa\u00eds, y que fueron dados a conocer este martes en Santiago por la ministra (S) secretaria general de Gobierno, Valeska Naranjo, y la subsecretaria de Servicios Sociales y coordinadora del Equipo de Recuperaci\u00f3n \u00a0y Ayudas Tempranas del Gobierno, Francisca Perales.<\/p>\n<p style=\"text-align: justify;\">En tal sentido, la Seremi \u00a0inform\u00f3 que la instancia P\u00fablico \u2013 Privada se constituy\u00f3 para centralizar los requerimientos de los municipios de las comunas afectadas por la emergencia, y as\u00ed facilitar la llegada de enseres y art\u00edculos de primera necesidad de forma oportuna a las personas.<\/p>\n<p style=\"text-align: justify;\">En la reuni\u00f3n de este martes participaron la ministra (s) secretaria general de Gobierno, Valeska Naranjo; la ministra (s) de Desarrollo Social, Paula Poblete; la subsecretaria de Servicios Sociales, Francisca Perales; el subsecretario de Evaluaci\u00f3n Social (s) Mat\u00edas Coci\u00f1a, el director de Senapred, Mauricio Tapia, la directora de la Divisi\u00f3n de Organizaciones Sociales, Javiera Hausdorf, y representantes de organizaciones de la sociedad civil como Hogar de Cristo, Cruz Roja Chile, TECHO-Chile, ADRA Chile, la Comunidad de Organizaciones Solidarias, Desaf\u00edo Levantemos Chile, la Red de Alimentos y el Ej\u00e9rcito de Salvaci\u00f3n.<\/p>\n<p style=\"text-align: justify;\">En la reuni\u00f3n se presentaron las plataformas -ya disponibles-, a trav\u00e9s de la web del Gobierno y se compartieron los avances de las organizaciones que se encuentran trabajando en la emergencia, as\u00ed como tambi\u00e9n de aquellos municipios afectados que han rellenado el formulario de levantamiento de necesidades, permitiendo obtener datos certeros respecto a sus prioridades.<\/p>\n<p style=\"text-align: justify;\">La Seremi Tatiana Pl\u00e1 \u00c1lvarez explic\u00f3 que mediante la iniciativa ha sido posible canalizar la informaci\u00f3n y coordinar la entrega de ayudas que son producto de la cooperaci\u00f3n p\u00fablico-privada. Tambi\u00e9n destac\u00f3 que desde el comienzo de la emergencia el Gobierno de Chile ha trabajado para ir en apoyo de las personas afectadas por los incendios. Por lo mismo, junto a la coordinaci\u00f3n de ayudas a trav\u00e9s del equipo interministerial, explic\u00f3 que se ha buscado \u201cllevar soluciones concretas y tempranas para las familias afectadas por los incendios\u201d.<\/p>\n<p style=\"text-align: justify;\">\u201cDesde el Gobierno esta iniciativa se proyecta como una herramienta de utilidad fundamental para otras emergencias, y que seguiremos desarrollando, porque nos permite integrar ayudas entre ambos sectores, sistematizar informaci\u00f3n y aportar con eficiencia a las personas\u201d, agreg\u00f3.<\/p>\n<p style=\"text-align: justify;\">La portavoz concluy\u00f3 manifestando que \u201cComo Gobierno agradecemos a todas las organizaciones que han puesto su esfuerzo y han colaborado desinteresada y an\u00f3nimamente con sus compatriotas en un momento en que es especialmente necesario el apoyo de todos los sectores\u201d.<\/p>\n<p style=\"text-align: justify;\">Para colaborar directamente con alguna de estas organizaciones, ya sea como persona natural o desde alguna organizaci\u00f3n, puedes ingresar a <a href=\"https:\/\/www.gob.cl\/comoayudar\/\"><u>https:\/\/www.gob.cl\/comoayudar\/<\/u><\/a><\/p>\n<\/div><\/section><\/div><div  style='height:50px' class='hr hr-invisible   avia-builder-el-6  el_after_av_one_full  el_before_av_social_share '><span class='hr-inner ' ><span class='hr-inner-style'><\/span><\/span><\/div><\/p>\n<div  class='av-social-sharing-box  avia-builder-el-7  el_after_av_hr  el_before_av_hr  '><div class='av-share-box'><h5 class='av-share-link-description av-no-toc '>Compartir esta noticia<\/h5><ul class='av-share-box-list noLightbox'><li class='av-share-link av-social-link-facebook' ><a target=\"_blank\" aria-label=\"Compartir en Facebook\" href='https:\/\/www.facebook.com\/sharer.php?u=https:\/\/radiorevelacionfm.cl\/?p=28028&#038;t=Seremi%20de%20Gobierno%20valor%C3%B3%20cooperaci%C3%B3n%20p%C3%BAblico%20privada%20ante%20incendios%20en%20zona%20centro%20sur%20del%20pa%C3%ADs' aria-hidden='false' data-av_icon='\ue8f3' data-av_iconfont='entypo-fontello' title='' data-avia-related-tooltip='Compartir en Facebook' rel=\"noopener\"><span class='avia_hidden_link_text'>Compartir en Facebook<\/span><\/a><\/li><li class='av-share-link av-social-link-twitter' ><a target=\"_blank\" aria-label=\"Compartir en Twitter\" href='https:\/\/twitter.com\/share?text=Seremi%20de%20Gobierno%20valor%C3%B3%20cooperaci%C3%B3n%20p%C3%BAblico%20privada%20ante%20incendios%20en%20zona%20centro%20sur%20del%20pa%C3%ADs&#038;url=https:\/\/radiorevelacionfm.cl\/?p=28028' aria-hidden='false' data-av_icon='\ue8f1' data-av_iconfont='entypo-fontello' title='' data-avia-related-tooltip='Compartir en Twitter' rel=\"noopener\"><span class='avia_hidden_link_text'>Compartir en Twitter<\/span><\/a><\/li><li class='av-share-link av-social-link-whatsapp' ><a target=\"_blank\" aria-label=\"Compartir en Whatsapp\" href='https:\/\/api.whatsapp.com\/send?text=https:\/\/radiorevelacionfm.cl\/?p=28028' aria-hidden='false' data-av_icon='\uf232' data-av_iconfont='entypo-fontello' title='' data-avia-related-tooltip='Compartir en Whatsapp' rel=\"noopener\"><span class='avia_hidden_link_text'>Compartir en Whatsapp<\/span><\/a><\/li><li class='av-share-link av-social-link-linkedin' ><a target=\"_blank\" aria-label=\"Compartir en LinkedIn\" href='https:\/\/linkedin.com\/shareArticle?mini=true&#038;title=Seremi%20de%20Gobierno%20valor%C3%B3%20cooperaci%C3%B3n%20p%C3%BAblico%20privada%20ante%20incendios%20en%20zona%20centro%20sur%20del%20pa%C3%ADs&#038;url=https:\/\/radiorevelacionfm.cl\/?p=28028' aria-hidden='false' data-av_icon='\ue8fc' data-av_iconfont='entypo-fontello' title='' data-avia-related-tooltip='Compartir en LinkedIn' rel=\"noopener\"><span class='avia_hidden_link_text'>Compartir en LinkedIn<\/span><\/a><\/li><li class='av-share-link av-social-link-mail' ><a  aria-label=\"Compartir por correo\" href='mailto:?subject=Seremi%20de%20Gobierno%20valor%C3%B3%20cooperaci%C3%B3n%20p%C3%BAblico%20privada%20ante%20incendios%20en%20zona%20centro%20sur%20del%20pa%C3%ADs&#038;body=https:\/\/radiorevelacionfm.cl\/?p=28028' aria-hidden='false' data-av_icon='\ue805' data-av_iconfont='entypo-fontello' title='' data-avia-related-tooltip='Compartir por correo'><span class='avia_hidden_link_text'>Compartir por correo<\/span><\/a><\/li><\/ul><\/div><\/div>\n<div  style='height:50px' class='hr hr-invisible   avia-builder-el-8  el_after_av_social_share  el_before_av_comments_list '><span class='hr-inner ' ><span class='hr-inner-style'><\/span><\/span><\/div>\n<div  class='av-buildercomment  av-blog-meta-html-info-disabled av-blog-meta-tag-disabled  '><\/div>\n","protected":false},"excerpt":{"rendered":"","protected":false},"author":1,"featured_media":28029,"comment_status":"open","ping_status":"open","sticky":false,"template":"","format":"standard","meta":{"footnotes":""},"categories":[38],"tags":[],"class_list":["post-28028","post","type-post","status-publish","format-standard","has-post-thumbnail","hentry","category-regional"],"jetpack_featured_media_url":"https:\/\/radiorevelacionfm.cl\/wp-content\/uploads\/2023\/02\/Seremi-Gobierno_Tatiana-Pla-Alvarez-1-1.jpeg","_links":{"self":[{"href":"https:\/\/radiorevelacionfm.cl\/index.php?rest_route=\/wp\/v2\/posts\/28028","targetHints":{"allow":["GET"]}}],"collection":[{"href":"https:\/\/radiorevelacionfm.cl\/index.php?rest_route=\/wp\/v2\/posts"}],"about":[{"href":"https:\/\/radiorevelacionfm.cl\/index.php?rest_route=\/wp\/v2\/types\/post"}],"author":[{"embeddable":true,"href":"https:\/\/radiorevelacionfm.cl\/index.php?rest_route=\/wp\/v2\/users\/1"}],"replies":[{"embeddable":true,"href":"https:\/\/radiorevelacionfm.cl\/index.php?rest_route=%2Fwp%2Fv2%2Fcomments&post=28028"}],"version-history":[{"count":2,"href":"https:\/\/radiorevelacionfm.cl\/index.php?rest_route=\/wp\/v2\/posts\/28028\/revisions"}],"predecessor-version":[{"id":28035,"href":"https:\/\/radiorevelacionfm.cl\/index.php?rest_route=\/wp\/v2\/posts\/28028\/revisions\/28035"}],"wp:featuredmedia":[{"embeddable":true,"href":"https:\/\/radiorevelacionfm.cl\/index.php?rest_route=\/wp\/v2\/media\/28029"}],"wp:attachment":[{"href":"https:\/\/radiorevelacionfm.cl\/index.php?rest_route=%2Fwp%2Fv2%2Fmedia&parent=28028"}],"wp:term":[{"taxonomy":"category","embeddable":true,"href":"https:\/\/radiorevelacionfm.cl\/index.php?rest_route=%2Fwp%2Fv2%2Fcategories&post=28028"},{"taxonomy":"post_tag","embeddable":true,"href":"https:\/\/radiorevelacionfm.cl\/index.php?rest_route=%2Fwp%2Fv2%2Ftags&post=28028"}],"curies":[{"name":"wp","href":"https:\/\/api.w.org\/{rel}","templated":true}]}}