{"id":28024,"date":"2023-02-21T16:21:27","date_gmt":"2023-02-21T19:21:27","guid":{"rendered":"https:\/\/radiorevelacionfm.cl\/?p=28024"},"modified":"2023-02-21T16:21:27","modified_gmt":"2023-02-21T19:21:27","slug":"mujer-con-discapacidad-visual-y-su-perra-guia-recorren-la-carretera-austral-en-bicicleta-para-visibilizar-el-turismo-inclusivo","status":"publish","type":"post","link":"https:\/\/radiorevelacionfm.cl\/?p=28024","title":{"rendered":"Mujer con discapacidad visual y su perra gu\u00eda recorren la Carretera Austral en bicicleta para visibilizar el turismo inclusivo"},"content":{"rendered":"<div class=\"flex_column av_one_full  flex_column_div av-zero-column-padding first  avia-builder-el-0  el_before_av_one_full  avia-builder-el-first  \" style='border-radius:0px; '><div  class='avia-image-container  av-styling-    avia-builder-el-1  avia-builder-el-no-sibling  avia-align-center '  itemprop=\"image\" itemscope=\"itemscope\" itemtype=\"https:\/\/schema.org\/ImageObject\"  ><div class='avia-image-container-inner'><div class='avia-image-overlay-wrap'><img decoding=\"async\" class='wp-image-28025 avia-img-lazy-loading-not-28025 avia_image' src=\"https:\/\/radiorevelacionfm.cl\/wp-content\/uploads\/2023\/02\/RUTA-SIN-BARRERAS-2-1-1.jpeg\" alt='' title='RUTA SIN BARRERAS (2) (1) (1)' height=\"600\" width=\"1065\"  itemprop=\"thumbnailUrl\" srcset=\"https:\/\/radiorevelacionfm.cl\/wp-content\/uploads\/2023\/02\/RUTA-SIN-BARRERAS-2-1-1.jpeg 1065w, https:\/\/radiorevelacionfm.cl\/wp-content\/uploads\/2023\/02\/RUTA-SIN-BARRERAS-2-1-1-300x169.jpeg 300w, https:\/\/radiorevelacionfm.cl\/wp-content\/uploads\/2023\/02\/RUTA-SIN-BARRERAS-2-1-1-1030x580.jpeg 1030w, https:\/\/radiorevelacionfm.cl\/wp-content\/uploads\/2023\/02\/RUTA-SIN-BARRERAS-2-1-1-768x433.jpeg 768w, https:\/\/radiorevelacionfm.cl\/wp-content\/uploads\/2023\/02\/RUTA-SIN-BARRERAS-2-1-1-705x397.jpeg 705w, https:\/\/radiorevelacionfm.cl\/wp-content\/uploads\/2023\/02\/RUTA-SIN-BARRERAS-2-1-1-600x338.jpeg 600w\" sizes=\"(max-width: 1065px) 100vw, 1065px\" \/><\/div><\/div><\/div><\/div><div class=\"flex_column av_one_full  flex_column_div av-zero-column-padding first  avia-builder-el-2  el_after_av_one_full  el_before_av_one_full  column-top-margin\" style='border-radius:0px; '><section class=\"av_textblock_section \"  itemscope=\"itemscope\" itemtype=\"https:\/\/schema.org\/BlogPosting\" itemprop=\"blogPost\" ><div class='avia_textblock  '   itemprop=\"text\" ><p style=\"text-align: center;\"><strong><span style=\"font-size: 18pt;\">Mujer con discapacidad visual y su perra gu\u00eda recorren la Carretera Austral en bicicleta para visibilizar el turismo inclusivo<\/span><\/strong><\/p>\n<div id=\"gtx-trans\" style=\"position: absolute; left: -50px; top: 4.31534px;\">\n<div class=\"gtx-trans-icon\"><\/div>\n<\/div>\n<\/div><\/section><\/div><div class=\"flex_column av_one_full  flex_column_div av-zero-column-padding first  avia-builder-el-4  el_after_av_one_full  el_before_av_hr  column-top-margin\" style='border-radius:0px; '><section class=\"av_textblock_section \"  itemscope=\"itemscope\" itemtype=\"https:\/\/schema.org\/BlogPosting\" itemprop=\"blogPost\" ><div class='avia_textblock  '   itemprop=\"text\" ><p style=\"text-align: justify;\">Para visibilizar el turismo inclusivo, la persona ciega Soledad Toro, decidi\u00f3 hacer un gesto poderoso y para ello entren\u00f3 f\u00edsica y mentalmente, meses de preparaci\u00f3n para comenzar su traves\u00eda por la Carretera Austral, junto a su perra gu\u00eda Frida, cuyo primer tramo inici\u00f3 el pasado 3 de febrero desde la ciudad de Puerto Montt, en bicicleta y con destino final Coyhaique.<\/p>\n<p style=\"text-align: justify;\">Esta semana lleg\u00f3 a Villa Ma\u00f1ihuales, comunidad que la acogi\u00f3 con decenas de personas que la recibieron con sus bicicletas y con gran despliegue de alegr\u00eda y felicidad. \u201cHa sido intenso, hemos tenido de todo en el camino, ha sido un descubrir toda la ruta de la carretera austral, respecto a c\u00f3mo est\u00e1n nuestros compa\u00f1eros, compa\u00f1eras con discapacidad y sus familias y tambi\u00e9n ir descubriendo c\u00f3mo est\u00e1 la accesibilidad. Ha sido una tremenda experiencia llegar hasta ac\u00e1\u201d, subray\u00f3 la persona con discapacidad visual.<\/p>\n<p style=\"text-align: justify;\">Sin embargo, reconoce que el territorio austral debe trabajar para mejorar la accesibilidad y empatizar con las personas con discapacidades que viven en lugares rurales.<\/p>\n<p style=\"text-align: justify;\">Con su perrita gu\u00eda de 4 a\u00f1os, quien vino durante el camino en un carrito especialmente adecuado para ella, parti\u00f3 desde la capital de Los Lagos para recorrer casi 700 kil\u00f3metros en bicicleta, con unos 80 kilos de carga.<\/p>\n<p style=\"text-align: justify;\">El proyecto es organizado a nivel local por la Agrupaci\u00f3n de Ciegos de la Patagonia (ACIPA) a trav\u00e9s de su presidenta, Cristina Barrientos, quien destac\u00f3 el esfuerzo de Soledad y Frida para llegar hasta la regi\u00f3n de Ays\u00e9n. \u201cTenemos que hablar de accesibilidad universal, porque no es solamente para las personas con discapacidad y eso es lo que hay que entender, la accesibilidad es para todos: ni\u00f1os, personas mayores, mujeres embarazadas. Soledad quiso hacer esta traves\u00eda con viento, mucha lluvia en Puyuhuapi, para contarnos y decirnos que nuestro territorio no es accesible y es un trabajo por hacer. Le doy las gracias al Servicio de Salud Ays\u00e9n, en el encuentro de esta gran compa\u00f1era que se atrevi\u00f3 a hacer esta ruta sin barreras\u201d, manifest\u00f3.<\/p>\n<p style=\"text-align: justify;\">La \u201cRuta Sin Barreras\u201d significa m\u00e1s de veinte d\u00edas en bicicleta, sectores con fr\u00edo y lluvia, pero con la gentileza, afecto y cari\u00f1o de muchas personas que fueron parte de la traves\u00eda. \u201cEn un d\u00eda y paisaje hermoso, lo m\u00e1s hermoso son las personas y en Ma\u00f1ihuales damos una clara se\u00f1al que la inclusi\u00f3n es responsabilidad de todas las personas. El Servicio de Salud Ays\u00e9n y en particular como CECOSF de Ma\u00f1ihuales estamos dando una se\u00f1al clara, acompa\u00f1ando con nuestros funcionarios y funcionarias esta inclusi\u00f3n y se\u00f1al que somos parte de ella\u201d, puntualiz\u00f3 el encargado del sector Salud de Ma\u00f1ihuales, Jorge Montecinos.<\/p>\n<p style=\"text-align: justify;\">La comunidad esper\u00f3 en plena Carretera Austral a Soledad y su perra gu\u00eda, tras lo cual compartieron momentos de camarader\u00eda con distintas organizaciones y con otras personas ciegas. \u201cComo comunidad queremos ser inclusivos, que la gente que venga a nuestra comunidad se sienta bien y este es el mejor ejemplo. Somos muchas personas que trabajamos para llevar a cabo esta actividad, con mucho cari\u00f1o para recibir a quien viene de viaje, junto a su perrita y agradecer a Carabineros por su buena disposici\u00f3n y al CECOSF, que nos invit\u00f3 a ser parte de esta actividad\u201d, cerr\u00f3 Beatriz Oyarzo, de la delegaci\u00f3n municipal de Villa Ma\u00f1ihuales.<\/p>\n<\/div><\/section><\/div><div  style='height:50px' class='hr hr-invisible   avia-builder-el-6  el_after_av_one_full  el_before_av_social_share '><span class='hr-inner ' ><span class='hr-inner-style'><\/span><\/span><\/div><\/p>\n<div  class='av-social-sharing-box  avia-builder-el-7  el_after_av_hr  el_before_av_hr  '><div class='av-share-box'><h5 class='av-share-link-description av-no-toc '>Compartir esta noticia<\/h5><ul class='av-share-box-list noLightbox'><li class='av-share-link av-social-link-facebook' ><a target=\"_blank\" aria-label=\"Compartir en Facebook\" href='https:\/\/www.facebook.com\/sharer.php?u=https:\/\/radiorevelacionfm.cl\/?p=28024&#038;t=Mujer%20con%20discapacidad%20visual%20y%20su%20perra%20gu%C3%ADa%20recorren%20la%20Carretera%20Austral%20en%20bicicleta%20para%20visibilizar%20el%20turismo%20inclusivo' aria-hidden='false' data-av_icon='\ue8f3' data-av_iconfont='entypo-fontello' title='' data-avia-related-tooltip='Compartir en Facebook' rel=\"noopener\"><span class='avia_hidden_link_text'>Compartir en Facebook<\/span><\/a><\/li><li class='av-share-link av-social-link-twitter' ><a target=\"_blank\" aria-label=\"Compartir en Twitter\" href='https:\/\/twitter.com\/share?text=Mujer%20con%20discapacidad%20visual%20y%20su%20perra%20gu%C3%ADa%20recorren%20la%20Carretera%20Austral%20en%20bicicleta%20para%20visibilizar%20el%20turismo%20inclusivo&#038;url=https:\/\/radiorevelacionfm.cl\/?p=28024' aria-hidden='false' data-av_icon='\ue8f1' data-av_iconfont='entypo-fontello' title='' data-avia-related-tooltip='Compartir en Twitter' rel=\"noopener\"><span class='avia_hidden_link_text'>Compartir en Twitter<\/span><\/a><\/li><li class='av-share-link av-social-link-whatsapp' ><a target=\"_blank\" aria-label=\"Compartir en Whatsapp\" href='https:\/\/api.whatsapp.com\/send?text=https:\/\/radiorevelacionfm.cl\/?p=28024' aria-hidden='false' data-av_icon='\uf232' data-av_iconfont='entypo-fontello' title='' data-avia-related-tooltip='Compartir en Whatsapp' rel=\"noopener\"><span class='avia_hidden_link_text'>Compartir en Whatsapp<\/span><\/a><\/li><li class='av-share-link av-social-link-linkedin' ><a target=\"_blank\" aria-label=\"Compartir en LinkedIn\" href='https:\/\/linkedin.com\/shareArticle?mini=true&#038;title=Mujer%20con%20discapacidad%20visual%20y%20su%20perra%20gu%C3%ADa%20recorren%20la%20Carretera%20Austral%20en%20bicicleta%20para%20visibilizar%20el%20turismo%20inclusivo&#038;url=https:\/\/radiorevelacionfm.cl\/?p=28024' aria-hidden='false' data-av_icon='\ue8fc' data-av_iconfont='entypo-fontello' title='' data-avia-related-tooltip='Compartir en LinkedIn' rel=\"noopener\"><span class='avia_hidden_link_text'>Compartir en LinkedIn<\/span><\/a><\/li><li class='av-share-link av-social-link-mail' ><a  aria-label=\"Compartir por correo\" href='mailto:?subject=Mujer%20con%20discapacidad%20visual%20y%20su%20perra%20gu%C3%ADa%20recorren%20la%20Carretera%20Austral%20en%20bicicleta%20para%20visibilizar%20el%20turismo%20inclusivo&#038;body=https:\/\/radiorevelacionfm.cl\/?p=28024' aria-hidden='false' data-av_icon='\ue805' data-av_iconfont='entypo-fontello' title='' data-avia-related-tooltip='Compartir por correo'><span class='avia_hidden_link_text'>Compartir por correo<\/span><\/a><\/li><\/ul><\/div><\/div>\n<div  style='height:50px' class='hr hr-invisible   avia-builder-el-8  el_after_av_social_share  el_before_av_comments_list '><span class='hr-inner ' ><span class='hr-inner-style'><\/span><\/span><\/div>\n<div  class='av-buildercomment  av-blog-meta-html-info-disabled av-blog-meta-tag-disabled  '><\/div>\n","protected":false},"excerpt":{"rendered":"","protected":false},"author":1,"featured_media":28025,"comment_status":"open","ping_status":"open","sticky":false,"template":"","format":"standard","meta":{"footnotes":""},"categories":[38],"tags":[],"class_list":["post-28024","post","type-post","status-publish","format-standard","has-post-thumbnail","hentry","category-regional"],"jetpack_featured_media_url":"https:\/\/radiorevelacionfm.cl\/wp-content\/uploads\/2023\/02\/RUTA-SIN-BARRERAS-2-1-1.jpeg","_links":{"self":[{"href":"https:\/\/radiorevelacionfm.cl\/index.php?rest_route=\/wp\/v2\/posts\/28024","targetHints":{"allow":["GET"]}}],"collection":[{"href":"https:\/\/radiorevelacionfm.cl\/index.php?rest_route=\/wp\/v2\/posts"}],"about":[{"href":"https:\/\/radiorevelacionfm.cl\/index.php?rest_route=\/wp\/v2\/types\/post"}],"author":[{"embeddable":true,"href":"https:\/\/radiorevelacionfm.cl\/index.php?rest_route=\/wp\/v2\/users\/1"}],"replies":[{"embeddable":true,"href":"https:\/\/radiorevelacionfm.cl\/index.php?rest_route=%2Fwp%2Fv2%2Fcomments&post=28024"}],"version-history":[{"count":2,"href":"https:\/\/radiorevelacionfm.cl\/index.php?rest_route=\/wp\/v2\/posts\/28024\/revisions"}],"predecessor-version":[{"id":28027,"href":"https:\/\/radiorevelacionfm.cl\/index.php?rest_route=\/wp\/v2\/posts\/28024\/revisions\/28027"}],"wp:featuredmedia":[{"embeddable":true,"href":"https:\/\/radiorevelacionfm.cl\/index.php?rest_route=\/wp\/v2\/media\/28025"}],"wp:attachment":[{"href":"https:\/\/radiorevelacionfm.cl\/index.php?rest_route=%2Fwp%2Fv2%2Fmedia&parent=28024"}],"wp:term":[{"taxonomy":"category","embeddable":true,"href":"https:\/\/radiorevelacionfm.cl\/index.php?rest_route=%2Fwp%2Fv2%2Fcategories&post=28024"},{"taxonomy":"post_tag","embeddable":true,"href":"https:\/\/radiorevelacionfm.cl\/index.php?rest_route=%2Fwp%2Fv2%2Ftags&post=28024"}],"curies":[{"name":"wp","href":"https:\/\/api.w.org\/{rel}","templated":true}]}}