{"id":28017,"date":"2023-02-21T15:45:52","date_gmt":"2023-02-21T18:45:52","guid":{"rendered":"https:\/\/radiorevelacionfm.cl\/?p=28017"},"modified":"2023-02-21T15:45:52","modified_gmt":"2023-02-21T18:45:52","slug":"mas-de-600-personas-disfrutaron-del-gran-asado-comunitario-en-la-semana-cisnense","status":"publish","type":"post","link":"https:\/\/radiorevelacionfm.cl\/?p=28017","title":{"rendered":"M\u00e1s de 600 personas disfrutaron del gran \u201casado comunitario\u201d en la semana Cisnense"},"content":{"rendered":"<div class=\"flex_column av_one_full  flex_column_div av-zero-column-padding first  avia-builder-el-0  el_before_av_one_full  avia-builder-el-first  \" style='border-radius:0px; '><div  class='avia-image-container  av-styling-    avia-builder-el-1  avia-builder-el-no-sibling  avia-align-center '  itemprop=\"image\" itemscope=\"itemscope\" itemtype=\"https:\/\/schema.org\/ImageObject\"  ><div class='avia-image-container-inner'><div class='avia-image-overlay-wrap'><img decoding=\"async\" class='wp-image-28018 avia-img-lazy-loading-not-28018 avia_image' src=\"https:\/\/radiorevelacionfm.cl\/wp-content\/uploads\/2023\/02\/ASADO-COMUNITARIO-2-1-1.jpeg\" alt='' title='ASADO COMUNITARIO 2 (1) (1)' height=\"600\" width=\"1067\"  itemprop=\"thumbnailUrl\" srcset=\"https:\/\/radiorevelacionfm.cl\/wp-content\/uploads\/2023\/02\/ASADO-COMUNITARIO-2-1-1.jpeg 1067w, https:\/\/radiorevelacionfm.cl\/wp-content\/uploads\/2023\/02\/ASADO-COMUNITARIO-2-1-1-300x169.jpeg 300w, https:\/\/radiorevelacionfm.cl\/wp-content\/uploads\/2023\/02\/ASADO-COMUNITARIO-2-1-1-1030x579.jpeg 1030w, https:\/\/radiorevelacionfm.cl\/wp-content\/uploads\/2023\/02\/ASADO-COMUNITARIO-2-1-1-768x432.jpeg 768w, https:\/\/radiorevelacionfm.cl\/wp-content\/uploads\/2023\/02\/ASADO-COMUNITARIO-2-1-1-705x396.jpeg 705w, https:\/\/radiorevelacionfm.cl\/wp-content\/uploads\/2023\/02\/ASADO-COMUNITARIO-2-1-1-600x337.jpeg 600w\" sizes=\"(max-width: 1067px) 100vw, 1067px\" \/><\/div><\/div><\/div><\/div><div class=\"flex_column av_one_full  flex_column_div av-zero-column-padding first  avia-builder-el-2  el_after_av_one_full  el_before_av_one_full  column-top-margin\" style='border-radius:0px; '><section class=\"av_textblock_section \"  itemscope=\"itemscope\" itemtype=\"https:\/\/schema.org\/BlogPosting\" itemprop=\"blogPost\" ><div class='avia_textblock  '   itemprop=\"text\" ><p style=\"text-align: center;\"><strong><span style=\"font-size: 18pt;\">M\u00e1s de 600 personas disfrutaron del gran \u201casado comunitario\u201d en la semana Cisnense<\/span><\/strong><\/p>\n<div id=\"gtx-trans\" style=\"position: absolute; left: -50px; top: 4.31534px;\">\n<div class=\"gtx-trans-icon\"><\/div>\n<\/div>\n<\/div><\/section><\/div><div class=\"flex_column av_one_full  flex_column_div av-zero-column-padding first  avia-builder-el-4  el_after_av_one_full  el_before_av_hr  column-top-margin\" style='border-radius:0px; '><section class=\"av_textblock_section \"  itemscope=\"itemscope\" itemtype=\"https:\/\/schema.org\/BlogPosting\" itemprop=\"blogPost\" ><div class='avia_textblock  '   itemprop=\"text\" ><p style=\"text-align: justify;\">Puerto Cisnes se encuentra celebrando un a\u00f1o m\u00e1s como ciudad y una actividad que destac\u00f3 durante estos \u00faltimos d\u00edas fue, el gran \u201casado comunitario\u201d, que se cocin\u00f3 en medio del principal paseo p\u00fablico de la localidad y donde m\u00e1s de 600 personas, entre vecinos y vecinas junto a turistas compartieron este plato tradicional y que est\u00e1 presente en cada festejo importante en la regi\u00f3n de Ays\u00e9n.<\/p>\n<p style=\"text-align: justify;\">La actividad fue preparada y coordinada por la organizaci\u00f3n social y cultural \u201cSemana Cisnense\u201d, es por ello que, su vocero y delegado, Cristian Segovia, se mostr\u00f3 contento con el desarrollo de esta iniciativa y de la gran convocatoria que se logr\u00f3.<\/p>\n<p style=\"text-align: justify;\">\u201cFue una tarde muy entretenida la organizaci\u00f3n de este asado comunitario que fue programado y lo llevamos a cabo en nuestra ciudad, permiti\u00f3 que acudieran alrededor de 650 personas, gran participaci\u00f3n de la comunidad de Puerto Cisnes y adem\u00e1s visitantes que se encontraban en la localidad. Destacar que, toda la organizaci\u00f3n sali\u00f3 correctamente, hubo mucha presencia de turistas, que estaban muy contentos con esta iniciativa\u201d.<\/p>\n<p style=\"text-align: justify;\">Para la organizaci\u00f3n de este evento, fue muy importante contar con el apoyo de empresas que est\u00e1n comprometidas con la comunidad, como es el caso de AquaChile.<\/p>\n<p style=\"text-align: justify;\">\u201cComo empresa AquaChile estamos muy contentos de poder un a\u00f1o m\u00e1s apoyar y ser parte de esta importante celebraci\u00f3n de aniversario \u00abSemana Cisnense\u00bb, consideramos importante para la comunidad la puesta en valor de actividades culturales y de tradiciones, as\u00ed tambi\u00e9n, la posibilidad de asistir a diversas actividades recreativas realizadas por la organizaci\u00f3n, para generar un espacio de encuentro y diversi\u00f3n entre vecinas y vecinos\u201d, indic\u00f3, Roc\u00edo Sanzana Gonz\u00e1lez, encargada de Comunidades AquaChile Cisnes.<\/p>\n<p style=\"text-align: justify;\">Desde la organizaci\u00f3n del \u201casado comunitario\u201d, remarcaron que producto del resultado de la actividad, ya se encuentran dispuestos para ir preparando replicar la iniciativa durante el pr\u00f3ximo a\u00f1o.<\/p>\n<\/div><\/section><\/div><div  style='height:50px' class='hr hr-invisible   avia-builder-el-6  el_after_av_one_full  el_before_av_social_share '><span class='hr-inner ' ><span class='hr-inner-style'><\/span><\/span><\/div><\/p>\n<div  class='av-social-sharing-box  avia-builder-el-7  el_after_av_hr  el_before_av_hr  '><div class='av-share-box'><h5 class='av-share-link-description av-no-toc '>Compartir esta noticia<\/h5><ul class='av-share-box-list noLightbox'><li class='av-share-link av-social-link-facebook' ><a target=\"_blank\" aria-label=\"Compartir en Facebook\" href='https:\/\/www.facebook.com\/sharer.php?u=https:\/\/radiorevelacionfm.cl\/?p=28017&#038;t=M%C3%A1s%20de%20600%20personas%20disfrutaron%20del%20gran%20%E2%80%9Casado%20comunitario%E2%80%9D%20en%20la%20semana%20Cisnense' aria-hidden='false' data-av_icon='\ue8f3' data-av_iconfont='entypo-fontello' title='' data-avia-related-tooltip='Compartir en Facebook' rel=\"noopener\"><span class='avia_hidden_link_text'>Compartir en Facebook<\/span><\/a><\/li><li class='av-share-link av-social-link-twitter' ><a target=\"_blank\" aria-label=\"Compartir en Twitter\" href='https:\/\/twitter.com\/share?text=M%C3%A1s%20de%20600%20personas%20disfrutaron%20del%20gran%20%E2%80%9Casado%20comunitario%E2%80%9D%20en%20la%20semana%20Cisnense&#038;url=https:\/\/radiorevelacionfm.cl\/?p=28017' aria-hidden='false' data-av_icon='\ue8f1' data-av_iconfont='entypo-fontello' title='' data-avia-related-tooltip='Compartir en Twitter' rel=\"noopener\"><span class='avia_hidden_link_text'>Compartir en Twitter<\/span><\/a><\/li><li class='av-share-link av-social-link-whatsapp' ><a target=\"_blank\" aria-label=\"Compartir en Whatsapp\" href='https:\/\/api.whatsapp.com\/send?text=https:\/\/radiorevelacionfm.cl\/?p=28017' aria-hidden='false' data-av_icon='\uf232' data-av_iconfont='entypo-fontello' title='' data-avia-related-tooltip='Compartir en Whatsapp' rel=\"noopener\"><span class='avia_hidden_link_text'>Compartir en Whatsapp<\/span><\/a><\/li><li class='av-share-link av-social-link-linkedin' ><a target=\"_blank\" aria-label=\"Compartir en LinkedIn\" href='https:\/\/linkedin.com\/shareArticle?mini=true&#038;title=M%C3%A1s%20de%20600%20personas%20disfrutaron%20del%20gran%20%E2%80%9Casado%20comunitario%E2%80%9D%20en%20la%20semana%20Cisnense&#038;url=https:\/\/radiorevelacionfm.cl\/?p=28017' aria-hidden='false' data-av_icon='\ue8fc' data-av_iconfont='entypo-fontello' title='' data-avia-related-tooltip='Compartir en LinkedIn' rel=\"noopener\"><span class='avia_hidden_link_text'>Compartir en LinkedIn<\/span><\/a><\/li><li class='av-share-link av-social-link-mail' ><a  aria-label=\"Compartir por correo\" href='mailto:?subject=M%C3%A1s%20de%20600%20personas%20disfrutaron%20del%20gran%20%E2%80%9Casado%20comunitario%E2%80%9D%20en%20la%20semana%20Cisnense&#038;body=https:\/\/radiorevelacionfm.cl\/?p=28017' aria-hidden='false' data-av_icon='\ue805' data-av_iconfont='entypo-fontello' title='' data-avia-related-tooltip='Compartir por correo'><span class='avia_hidden_link_text'>Compartir por correo<\/span><\/a><\/li><\/ul><\/div><\/div>\n<div  style='height:50px' class='hr hr-invisible   avia-builder-el-8  el_after_av_social_share  el_before_av_comments_list '><span class='hr-inner ' ><span class='hr-inner-style'><\/span><\/span><\/div>\n<div  class='av-buildercomment  av-blog-meta-html-info-disabled av-blog-meta-tag-disabled  '><\/div>\n","protected":false},"excerpt":{"rendered":"","protected":false},"author":1,"featured_media":28018,"comment_status":"open","ping_status":"open","sticky":false,"template":"","format":"standard","meta":{"footnotes":""},"categories":[38],"tags":[],"class_list":["post-28017","post","type-post","status-publish","format-standard","has-post-thumbnail","hentry","category-regional"],"jetpack_featured_media_url":"https:\/\/radiorevelacionfm.cl\/wp-content\/uploads\/2023\/02\/ASADO-COMUNITARIO-2-1-1.jpeg","_links":{"self":[{"href":"https:\/\/radiorevelacionfm.cl\/index.php?rest_route=\/wp\/v2\/posts\/28017","targetHints":{"allow":["GET"]}}],"collection":[{"href":"https:\/\/radiorevelacionfm.cl\/index.php?rest_route=\/wp\/v2\/posts"}],"about":[{"href":"https:\/\/radiorevelacionfm.cl\/index.php?rest_route=\/wp\/v2\/types\/post"}],"author":[{"embeddable":true,"href":"https:\/\/radiorevelacionfm.cl\/index.php?rest_route=\/wp\/v2\/users\/1"}],"replies":[{"embeddable":true,"href":"https:\/\/radiorevelacionfm.cl\/index.php?rest_route=%2Fwp%2Fv2%2Fcomments&post=28017"}],"version-history":[{"count":2,"href":"https:\/\/radiorevelacionfm.cl\/index.php?rest_route=\/wp\/v2\/posts\/28017\/revisions"}],"predecessor-version":[{"id":28020,"href":"https:\/\/radiorevelacionfm.cl\/index.php?rest_route=\/wp\/v2\/posts\/28017\/revisions\/28020"}],"wp:featuredmedia":[{"embeddable":true,"href":"https:\/\/radiorevelacionfm.cl\/index.php?rest_route=\/wp\/v2\/media\/28018"}],"wp:attachment":[{"href":"https:\/\/radiorevelacionfm.cl\/index.php?rest_route=%2Fwp%2Fv2%2Fmedia&parent=28017"}],"wp:term":[{"taxonomy":"category","embeddable":true,"href":"https:\/\/radiorevelacionfm.cl\/index.php?rest_route=%2Fwp%2Fv2%2Fcategories&post=28017"},{"taxonomy":"post_tag","embeddable":true,"href":"https:\/\/radiorevelacionfm.cl\/index.php?rest_route=%2Fwp%2Fv2%2Ftags&post=28017"}],"curies":[{"name":"wp","href":"https:\/\/api.w.org\/{rel}","templated":true}]}}