{"id":28013,"date":"2023-02-21T17:30:38","date_gmt":"2023-02-21T20:30:38","guid":{"rendered":"https:\/\/radiorevelacionfm.cl\/?p=28013"},"modified":"2023-02-21T17:49:19","modified_gmt":"2023-02-21T20:49:19","slug":"cientos-de-coyhaiquinos-disfrutaron-de-ciencia-publica-en-verano","status":"publish","type":"post","link":"https:\/\/radiorevelacionfm.cl\/?p=28013","title":{"rendered":"Cientos de coyhaiquinos disfrutaron de Ciencia P\u00fablica en Verano"},"content":{"rendered":"<div class=\"flex_column av_one_full  flex_column_div av-zero-column-padding first  avia-builder-el-0  el_before_av_one_full  avia-builder-el-first  \" style='border-radius:0px; '><div  class='avia-image-container  av-styling-    avia-builder-el-1  avia-builder-el-no-sibling  avia-align-center '  itemprop=\"image\" itemscope=\"itemscope\" itemtype=\"https:\/\/schema.org\/ImageObject\"  ><div class='avia-image-container-inner'><div class='avia-image-overlay-wrap'><img decoding=\"async\" class='wp-image-28014 avia-img-lazy-loading-not-28014 avia_image' src=\"https:\/\/radiorevelacionfm.cl\/wp-content\/uploads\/2023\/02\/20230217_173247_hdr-1_optimized.jpg\" alt='' title='20230217_173247_hdr-(1)_optimized' height=\"600\" width=\"1066\"  itemprop=\"thumbnailUrl\" srcset=\"https:\/\/radiorevelacionfm.cl\/wp-content\/uploads\/2023\/02\/20230217_173247_hdr-1_optimized.jpg 1066w, https:\/\/radiorevelacionfm.cl\/wp-content\/uploads\/2023\/02\/20230217_173247_hdr-1_optimized-300x169.jpg 300w, https:\/\/radiorevelacionfm.cl\/wp-content\/uploads\/2023\/02\/20230217_173247_hdr-1_optimized-1030x580.jpg 1030w, https:\/\/radiorevelacionfm.cl\/wp-content\/uploads\/2023\/02\/20230217_173247_hdr-1_optimized-768x432.jpg 768w, https:\/\/radiorevelacionfm.cl\/wp-content\/uploads\/2023\/02\/20230217_173247_hdr-1_optimized-705x397.jpg 705w, https:\/\/radiorevelacionfm.cl\/wp-content\/uploads\/2023\/02\/20230217_173247_hdr-1_optimized-600x338.jpg 600w\" sizes=\"(max-width: 1066px) 100vw, 1066px\" \/><\/div><\/div><\/div><\/div><div class=\"flex_column av_one_full  flex_column_div av-zero-column-padding first  avia-builder-el-2  el_after_av_one_full  el_before_av_one_full  column-top-margin\" style='border-radius:0px; '><section class=\"av_textblock_section \"  itemscope=\"itemscope\" itemtype=\"https:\/\/schema.org\/BlogPosting\" itemprop=\"blogPost\" ><div class='avia_textblock  '   itemprop=\"text\" ><p style=\"text-align: center;\"><span style=\"font-size: 18pt;\"><b><span lang=\"es\">Cientos de coyhaiquinos disfrutaron de Ciencia P\u00fablica en Verano<\/span><\/b><\/span><\/p>\n<div id=\"gtx-trans\" style=\"position: absolute; left: -50px; top: 4.31534px;\">\n<div class=\"gtx-trans-icon\"><\/div>\n<\/div>\n<\/div><\/section><\/div><div class=\"flex_column av_one_full  flex_column_div av-zero-column-padding first  avia-builder-el-4  el_after_av_one_full  el_before_av_hr  column-top-margin\" style='border-radius:0px; '><section class=\"av_textblock_section \"  itemscope=\"itemscope\" itemtype=\"https:\/\/schema.org\/BlogPosting\" itemprop=\"blogPost\" ><div class='avia_textblock  '   itemprop=\"text\" ><p class=\"v1MsoNormal\" style=\"text-align: justify;\"><span lang=\"es\">La Plaza de Armas de la ciudad fue el punto de encuentro donde las familias coyhaiquinas pudieron aprender sobre ciencia, alimentaci\u00f3n saludable, actividad f\u00edsica y disfrutar de productos locales gracias a Ciencia P\u00fablica en Verano, iniciativa del Ministerio de Ciencia, Tecnolog\u00eda, Conocimiento e Innovaci\u00f3n (CTCI).<\/span><\/p>\n<p class=\"v1MsoNormal\" style=\"text-align: justify;\"><span lang=\"es\">La seremi de Ciencia de la macrozona Austral, Ver\u00f3nica Vallejos, se\u00f1al\u00f3 que estaba \u00abmuy contenta\u00bb con la convocatoria a la actividad, afirmando que se cumpli\u00f3 el objetivo de entregarle a la comunidad el conocimiento necesario para que puedan tomar decisiones para su vida. \u00abEstamos trabajando por democratizar el conocimiento y lo estamos haciendo con temas comunes y beneficiosos para la vida de las personas. Hoy unimos ciencia, nutrici\u00f3n y vida saludable de una forma l\u00fadica, invitamos a diversas instituciones a que se nos unieran y dieran a conocer su quehacer, pero fuera de sus lugares de trabajo, acerc\u00e1ndolas a las personas y permitiendo que ellas se apropien de los espacios p\u00fablicos\u00bb.<\/span><\/p>\n<p class=\"v1MsoNormal\" style=\"text-align: justify;\"><span lang=\"es\">Alimentos y producci\u00f3n saludable de hortalizas (INIA Tamel Aike); conservaci\u00f3n de la biodiversidad y cuidado alimentario en relaci\u00f3n a la marea roja (IFOP); poner en valor los ecosistemas naturales de la regi\u00f3n (CIEP); alimentaci\u00f3n escolar (JUNAEB); y exhibici\u00f3n de alimentos saludables de producci\u00f3n regional (INFOR, Seremi Agricultura), fueron algunos de los stands presentes con informaci\u00f3n y degustaciones gratis.<\/span><\/p>\n<p class=\"v1MsoNormal\" style=\"text-align: justify;\"><span lang=\"es\">Paulina Rojas de INFOR, coment\u00f3 que fue una buena oportunidad para que los asistentes conocieran los frutos silvestres de la zona y sus productos derivados, como mermeladas, jugos, conservas, etc. Tambi\u00e9n sirvi\u00f3 de ventana para mostrar el trabajo que realizan los recolectores y dar identidad a las localidades a las que \u00e9stos pertenecen. \u00abMuchas de las personas que habitan la regi\u00f3n no consumen estos frutos y es bueno tener estas instancias para que conozcan que hay una oportunidad de alimentaci\u00f3n saludable con frutos de recolecci\u00f3n, que no es solamente traer fruta desde afuera sino tambi\u00e9n hay fruta en la regi\u00f3n que podemos procesar y as\u00ed alimentarnos sano\u00bb.<\/span><\/p>\n<p class=\"v1MsoNormal\" style=\"text-align: justify;\"><span lang=\"es\">La actividad tambi\u00e9n cont\u00f3 con la participaci\u00f3n del conocido chef local Cristian Balboa, quien en vivo y en directo prepar\u00f3 un cordero con risotto de hongos silvestres -plato t\u00edpico de la zona- el que fue degustado por el Delegado Presidencial, Rodrigo Araya, junto a algunos miembros del p\u00fablico. Adem\u00e1s, se realiz\u00f3 una activaci\u00f3n f\u00edsica para los m\u00e1s peque\u00f1os que estuvo a cargo del profesor Franco Cayupi.<\/span><\/p>\n<p class=\"v1MsoNormal\" style=\"text-align: justify;\"><span lang=\"es\">Con respecto a la iniciativa, el delegado coment\u00f3 que \u00abel tema de ciencia est\u00e1 enfocado en la alimentaci\u00f3n saludable por lo tanto los stands que est\u00e1n aqu\u00ed, como el del Ministerio de Agricultura, INIA, INFOR, programas de desarrollo hort\u00edcola, est\u00e1n entregando esa informaci\u00f3n\u00bb. Aprovech\u00f3 de hacer un llamado a la comunidad a que revisen el material que posee el Ministerio de Ciencia, tanto impreso como a trav\u00e9s de sus aplicaciones, donde aprender\u00e1n de diversos temas cient\u00edficos, \u00abla invitaci\u00f3n es a participar, investigar, incorporarse a esta difusi\u00f3n de conocimiento que ha sido tan exitoso. Esperamos seguir replicando actividades de este tipo y as\u00ed cumplir con el mandato de nuestro Presidente, Gabriel Boric, de acercar los conocimientos a toda la poblaci\u00f3n y a toda la comunidad\u00bb.<\/span><\/p>\n<p class=\"v1MsoNormal\" style=\"text-align: justify;\"><span lang=\"es\">Durante la jornada se presentaron algunas c\u00e1psulas de \u00abDale Color\u00bb, serie animada sobre los beneficios nutricionales de las frutas y verduras, y al cierre se present\u00f3 el grupo musical Cantando Aprendo a Hablar, quienes fueron los encargados de hacer bailar tanto a grandes y peque\u00f1os con temas emblem\u00e1ticos como \u00abA comer verduras\u00bb y \u00abPalo, pelo, pila\u00bb.\u00a0<\/span><\/p>\n<\/div><\/section><\/div><div  style='height:50px' class='hr hr-invisible   avia-builder-el-6  el_after_av_one_full  el_before_av_social_share '><span class='hr-inner ' ><span class='hr-inner-style'><\/span><\/span><\/div><\/p>\n<div  class='av-social-sharing-box  avia-builder-el-7  el_after_av_hr  el_before_av_hr  '><div class='av-share-box'><h5 class='av-share-link-description av-no-toc '>Compartir esta noticia<\/h5><ul class='av-share-box-list noLightbox'><li class='av-share-link av-social-link-facebook' ><a target=\"_blank\" aria-label=\"Compartir en Facebook\" href='https:\/\/www.facebook.com\/sharer.php?u=https:\/\/radiorevelacionfm.cl\/?p=28013&#038;t=Cientos%20de%20coyhaiquinos%20disfrutaron%20de%20Ciencia%20P%C3%BAblica%20en%20Verano' aria-hidden='false' data-av_icon='\ue8f3' data-av_iconfont='entypo-fontello' title='' data-avia-related-tooltip='Compartir en Facebook' rel=\"noopener\"><span class='avia_hidden_link_text'>Compartir en Facebook<\/span><\/a><\/li><li class='av-share-link av-social-link-twitter' ><a target=\"_blank\" aria-label=\"Compartir en Twitter\" href='https:\/\/twitter.com\/share?text=Cientos%20de%20coyhaiquinos%20disfrutaron%20de%20Ciencia%20P%C3%BAblica%20en%20Verano&#038;url=https:\/\/radiorevelacionfm.cl\/?p=28013' aria-hidden='false' data-av_icon='\ue8f1' data-av_iconfont='entypo-fontello' title='' data-avia-related-tooltip='Compartir en Twitter' rel=\"noopener\"><span class='avia_hidden_link_text'>Compartir en Twitter<\/span><\/a><\/li><li class='av-share-link av-social-link-whatsapp' ><a target=\"_blank\" aria-label=\"Compartir en Whatsapp\" href='https:\/\/api.whatsapp.com\/send?text=https:\/\/radiorevelacionfm.cl\/?p=28013' aria-hidden='false' data-av_icon='\uf232' data-av_iconfont='entypo-fontello' title='' data-avia-related-tooltip='Compartir en Whatsapp' rel=\"noopener\"><span class='avia_hidden_link_text'>Compartir en Whatsapp<\/span><\/a><\/li><li class='av-share-link av-social-link-linkedin' ><a target=\"_blank\" aria-label=\"Compartir en LinkedIn\" href='https:\/\/linkedin.com\/shareArticle?mini=true&#038;title=Cientos%20de%20coyhaiquinos%20disfrutaron%20de%20Ciencia%20P%C3%BAblica%20en%20Verano&#038;url=https:\/\/radiorevelacionfm.cl\/?p=28013' aria-hidden='false' data-av_icon='\ue8fc' data-av_iconfont='entypo-fontello' title='' data-avia-related-tooltip='Compartir en LinkedIn' rel=\"noopener\"><span class='avia_hidden_link_text'>Compartir en LinkedIn<\/span><\/a><\/li><li class='av-share-link av-social-link-mail' ><a  aria-label=\"Compartir por correo\" href='mailto:?subject=Cientos%20de%20coyhaiquinos%20disfrutaron%20de%20Ciencia%20P%C3%BAblica%20en%20Verano&#038;body=https:\/\/radiorevelacionfm.cl\/?p=28013' aria-hidden='false' data-av_icon='\ue805' data-av_iconfont='entypo-fontello' title='' data-avia-related-tooltip='Compartir por correo'><span class='avia_hidden_link_text'>Compartir por correo<\/span><\/a><\/li><\/ul><\/div><\/div>\n<div  style='height:50px' class='hr hr-invisible   avia-builder-el-8  el_after_av_social_share  el_before_av_comments_list '><span class='hr-inner ' ><span class='hr-inner-style'><\/span><\/span><\/div>\n<div  class='av-buildercomment  av-blog-meta-html-info-disabled av-blog-meta-tag-disabled  '><\/div>\n","protected":false},"excerpt":{"rendered":"","protected":false},"author":1,"featured_media":28014,"comment_status":"open","ping_status":"open","sticky":false,"template":"","format":"standard","meta":{"footnotes":""},"categories":[53],"tags":[],"class_list":["post-28013","post","type-post","status-publish","format-standard","has-post-thumbnail","hentry","category-ciencia"],"jetpack_featured_media_url":"https:\/\/radiorevelacionfm.cl\/wp-content\/uploads\/2023\/02\/20230217_173247_hdr-1_optimized.jpg","_links":{"self":[{"href":"https:\/\/radiorevelacionfm.cl\/index.php?rest_route=\/wp\/v2\/posts\/28013","targetHints":{"allow":["GET"]}}],"collection":[{"href":"https:\/\/radiorevelacionfm.cl\/index.php?rest_route=\/wp\/v2\/posts"}],"about":[{"href":"https:\/\/radiorevelacionfm.cl\/index.php?rest_route=\/wp\/v2\/types\/post"}],"author":[{"embeddable":true,"href":"https:\/\/radiorevelacionfm.cl\/index.php?rest_route=\/wp\/v2\/users\/1"}],"replies":[{"embeddable":true,"href":"https:\/\/radiorevelacionfm.cl\/index.php?rest_route=%2Fwp%2Fv2%2Fcomments&post=28013"}],"version-history":[{"count":2,"href":"https:\/\/radiorevelacionfm.cl\/index.php?rest_route=\/wp\/v2\/posts\/28013\/revisions"}],"predecessor-version":[{"id":28016,"href":"https:\/\/radiorevelacionfm.cl\/index.php?rest_route=\/wp\/v2\/posts\/28013\/revisions\/28016"}],"wp:featuredmedia":[{"embeddable":true,"href":"https:\/\/radiorevelacionfm.cl\/index.php?rest_route=\/wp\/v2\/media\/28014"}],"wp:attachment":[{"href":"https:\/\/radiorevelacionfm.cl\/index.php?rest_route=%2Fwp%2Fv2%2Fmedia&parent=28013"}],"wp:term":[{"taxonomy":"category","embeddable":true,"href":"https:\/\/radiorevelacionfm.cl\/index.php?rest_route=%2Fwp%2Fv2%2Fcategories&post=28013"},{"taxonomy":"post_tag","embeddable":true,"href":"https:\/\/radiorevelacionfm.cl\/index.php?rest_route=%2Fwp%2Fv2%2Ftags&post=28013"}],"curies":[{"name":"wp","href":"https:\/\/api.w.org\/{rel}","templated":true}]}}