{"id":28010,"date":"2023-02-21T13:39:06","date_gmt":"2023-02-21T16:39:06","guid":{"rendered":"https:\/\/radiorevelacionfm.cl\/?p=28010"},"modified":"2023-02-21T13:39:06","modified_gmt":"2023-02-21T16:39:06","slug":"corte-de-coyhaique-confirma-condena-de-5-anos-y-seis-meses-de-presidio-por-homicidio-frustrado","status":"publish","type":"post","link":"https:\/\/radiorevelacionfm.cl\/?p=28010","title":{"rendered":"Corte de Coyhaique confirma condena de 5 a\u00f1os y seis meses de presidio por homicidio frustrado"},"content":{"rendered":"<div class=\"flex_column av_one_full  flex_column_div av-zero-column-padding first  avia-builder-el-0  el_before_av_one_full  avia-builder-el-first  \" style='border-radius:0px; '><div  class='avia-image-container  av-styling-    avia-builder-el-1  avia-builder-el-no-sibling  avia-align-center '  itemprop=\"image\" itemscope=\"itemscope\" itemtype=\"https:\/\/schema.org\/ImageObject\"  ><div class='avia-image-container-inner'><div class='avia-image-overlay-wrap'><img decoding=\"async\" class='wp-image-8540 avia-img-lazy-loading-not-8540 avia_image' src=\"https:\/\/radiorevelacionfm.cl\/wp-content\/uploads\/2021\/09\/foto-corte-apelaciones-coyhaique-1_optimized.jpg\" alt='' title='foto-corte-apelaciones-coyhaique-(1)_optimized' height=\"600\" width=\"1078\"  itemprop=\"thumbnailUrl\" srcset=\"https:\/\/radiorevelacionfm.cl\/wp-content\/uploads\/2021\/09\/foto-corte-apelaciones-coyhaique-1_optimized.jpg 1078w, https:\/\/radiorevelacionfm.cl\/wp-content\/uploads\/2021\/09\/foto-corte-apelaciones-coyhaique-1_optimized-300x167.jpg 300w, https:\/\/radiorevelacionfm.cl\/wp-content\/uploads\/2021\/09\/foto-corte-apelaciones-coyhaique-1_optimized-1030x573.jpg 1030w, https:\/\/radiorevelacionfm.cl\/wp-content\/uploads\/2021\/09\/foto-corte-apelaciones-coyhaique-1_optimized-768x427.jpg 768w, https:\/\/radiorevelacionfm.cl\/wp-content\/uploads\/2021\/09\/foto-corte-apelaciones-coyhaique-1_optimized-705x392.jpg 705w, https:\/\/radiorevelacionfm.cl\/wp-content\/uploads\/2021\/09\/foto-corte-apelaciones-coyhaique-1_optimized-600x334.jpg 600w\" sizes=\"(max-width: 1078px) 100vw, 1078px\" \/><\/div><\/div><\/div><\/div><div class=\"flex_column av_one_full  flex_column_div av-zero-column-padding first  avia-builder-el-2  el_after_av_one_full  el_before_av_one_full  column-top-margin\" style='border-radius:0px; '><section class=\"av_textblock_section \"  itemscope=\"itemscope\" itemtype=\"https:\/\/schema.org\/BlogPosting\" itemprop=\"blogPost\" ><div class='avia_textblock  '   itemprop=\"text\" ><p style=\"text-align: center;\"><span style=\"font-size: 18pt;\"><b>Corte de Coyhaique confirma condena\u00a0de 5 a\u00f1os y seis meses\u00a0de presidio por homicidio frustrado<\/b><\/span><\/p>\n<div id=\"gtx-trans\" style=\"position: absolute; left: -50px; top: 4.31534px;\">\n<div class=\"gtx-trans-icon\"><\/div>\n<\/div>\n<\/div><\/section><\/div><div class=\"flex_column av_one_full  flex_column_div av-zero-column-padding first  avia-builder-el-4  el_after_av_one_full  el_before_av_hr  column-top-margin\" style='border-radius:0px; '><section class=\"av_textblock_section \"  itemscope=\"itemscope\" itemtype=\"https:\/\/schema.org\/BlogPosting\" itemprop=\"blogPost\" ><div class='avia_textblock  '   itemprop=\"text\" ><p class=\"v1MsoNormal\" style=\"text-align: justify;\">La Corte de Apelaciones de Coyhaique rechaz\u00f3 el recurso de nulidad interpuesto en contra de la sentencia que conden\u00f3 a Maycol Yonathan Cuevas P\u00e9rez\u00a0a la pena de 5 a\u00f1os y seis meses de presidio y al pago de una multa a beneficio fiscal de 2 UTM, en calidad de autor del delito frustrado de homicidio y de la falta consumada de lesiones leves, respectivamente.\u00a0Il\u00edcitos perpetrados en mayo del a\u00f1o pasado, en la ciudad.<\/p>\n<p class=\"v1MsoNormal\" style=\"text-align: justify;\">En fallo un\u00e1nime, la Primera Sala del tribunal de alzada \u2013integrada por los ministros Pedro Castro Espinoza, Natalia Rencoret Oliva y el abogado (i) Marcos Gallegos Rodr\u00edguez\u2013 descart\u00f3 infracci\u00f3n de ley en la sentencia impugnada, dictada por el\u00a0Tribunal de Juicio Oral en lo Penal de Coyhaique.<\/p>\n<p class=\"v1MsoNormal\" style=\"text-align: justify;\">\u00ab(&#8230;) las motivaciones del fallo en cuesti\u00f3n han explicitado que los hechos concluidos y establecidos por ella tienen una raz\u00f3n de ser u obedecen a una raz\u00f3n determinada, seg\u00fan la prueba rendida en autos, de tal manera esta segunda causal de nulidad del presente recurso habr\u00e1 de ser rechazada y as\u00ed se declarar\u00e1 en lo resolutivo, especialmente si se considera el tenor del art\u00edculo 297, del C\u00f3digo Procesal Penal, en cuanto a la libertad de apreciaci\u00f3n de la prueba y no habi\u00e9ndose transgredido ninguno de los principios y elementos que limitan dicha apreciaci\u00f3n (&#8230;)\u00bb, sostiene el fallo.<\/p>\n<p class=\"v1MsoNormal\" style=\"text-align: justify;\">La resoluci\u00f3n agrega que: \u00ab(&#8230;) a mayor abundamiento, las m\u00e1ximas de experiencia, que no cita el recurrente, no han sido sobrepasadas ni infringidas por los sentenciadores. Los principios de la l\u00f3gica, como se razon\u00f3, tampoco se han infraccionado, toda vez que a las deducciones que realiz\u00f3 el impugnador, pueden agregarse otras, de partida las que llevaron al Tribunal a la condena del imputado, sin que aquel hubiere transgredido los conocimientos cient\u00edficamente afianzados, los que tampoco se mencionan\u00bb.<\/p>\n<p class=\"v1MsoNormal\" style=\"text-align: justify;\">Por tanto, se resuelve:\u00a0\u00ab<b>SE DECLARA SIN LUGAR Y SE RECHAZA<\/b>, sin costas, el recurso de nulidad deducido por la defensa, en contra de la sentencia dictada con fecha 11 de diciembre del a\u00f1o 2022, en cuanto se conden\u00f3 al acusado Maycol Yonathan Cuevas P\u00e9rez por el delito de homicidio en grado de frustrado, en perjuicio de Jaime Tureuna Oyarz\u00fan, previsto y sancionado en el art\u00edculo 391 N\u00b0 2 del C\u00f3digo Penal en grado de frustrado y de lesiones leves en perjuicio del mismo, previsto y sancionado en el art\u00edculo 494 N\u00b0 5 del C\u00f3digo Penal, en grado de consumado, cometido ambos delitos en la ciudad de Coyhaique el d\u00eda 1 de Mayo de 2022, a las penas que se establecen en lo resolutivo del fallo, sentencia que, en consecuencia, no es nula, como tampoco el juicio en la que se dict\u00f3\u00bb.<\/p>\n<\/div><\/section><\/div><div  style='height:50px' class='hr hr-invisible   avia-builder-el-6  el_after_av_one_full  el_before_av_social_share '><span class='hr-inner ' ><span class='hr-inner-style'><\/span><\/span><\/div><\/p>\n<div  class='av-social-sharing-box  avia-builder-el-7  el_after_av_hr  el_before_av_hr  '><div class='av-share-box'><h5 class='av-share-link-description av-no-toc '>Compartir esta noticia<\/h5><ul class='av-share-box-list noLightbox'><li class='av-share-link av-social-link-facebook' ><a target=\"_blank\" aria-label=\"Compartir en Facebook\" href='https:\/\/www.facebook.com\/sharer.php?u=https:\/\/radiorevelacionfm.cl\/?p=28010&#038;t=Corte%20de%20Coyhaique%20confirma%20condena%20de%205%20a%C3%B1os%20y%20seis%20meses%20de%20presidio%20por%20homicidio%20frustrado' aria-hidden='false' data-av_icon='\ue8f3' data-av_iconfont='entypo-fontello' title='' data-avia-related-tooltip='Compartir en Facebook' rel=\"noopener\"><span class='avia_hidden_link_text'>Compartir en Facebook<\/span><\/a><\/li><li class='av-share-link av-social-link-twitter' ><a target=\"_blank\" aria-label=\"Compartir en Twitter\" href='https:\/\/twitter.com\/share?text=Corte%20de%20Coyhaique%20confirma%20condena%20de%205%20a%C3%B1os%20y%20seis%20meses%20de%20presidio%20por%20homicidio%20frustrado&#038;url=https:\/\/radiorevelacionfm.cl\/?p=28010' aria-hidden='false' data-av_icon='\ue8f1' data-av_iconfont='entypo-fontello' title='' data-avia-related-tooltip='Compartir en Twitter' rel=\"noopener\"><span class='avia_hidden_link_text'>Compartir en Twitter<\/span><\/a><\/li><li class='av-share-link av-social-link-whatsapp' ><a target=\"_blank\" aria-label=\"Compartir en Whatsapp\" href='https:\/\/api.whatsapp.com\/send?text=https:\/\/radiorevelacionfm.cl\/?p=28010' aria-hidden='false' data-av_icon='\uf232' data-av_iconfont='entypo-fontello' title='' data-avia-related-tooltip='Compartir en Whatsapp' rel=\"noopener\"><span class='avia_hidden_link_text'>Compartir en Whatsapp<\/span><\/a><\/li><li class='av-share-link av-social-link-linkedin' ><a target=\"_blank\" aria-label=\"Compartir en LinkedIn\" href='https:\/\/linkedin.com\/shareArticle?mini=true&#038;title=Corte%20de%20Coyhaique%20confirma%20condena%20de%205%20a%C3%B1os%20y%20seis%20meses%20de%20presidio%20por%20homicidio%20frustrado&#038;url=https:\/\/radiorevelacionfm.cl\/?p=28010' aria-hidden='false' data-av_icon='\ue8fc' data-av_iconfont='entypo-fontello' title='' data-avia-related-tooltip='Compartir en LinkedIn' rel=\"noopener\"><span class='avia_hidden_link_text'>Compartir en LinkedIn<\/span><\/a><\/li><li class='av-share-link av-social-link-mail' ><a  aria-label=\"Compartir por correo\" href='mailto:?subject=Corte%20de%20Coyhaique%20confirma%20condena%20de%205%20a%C3%B1os%20y%20seis%20meses%20de%20presidio%20por%20homicidio%20frustrado&#038;body=https:\/\/radiorevelacionfm.cl\/?p=28010' aria-hidden='false' data-av_icon='\ue805' data-av_iconfont='entypo-fontello' title='' data-avia-related-tooltip='Compartir por correo'><span class='avia_hidden_link_text'>Compartir por correo<\/span><\/a><\/li><\/ul><\/div><\/div>\n<div  style='height:50px' class='hr hr-invisible   avia-builder-el-8  el_after_av_social_share  el_before_av_comments_list '><span class='hr-inner ' ><span class='hr-inner-style'><\/span><\/span><\/div>\n<div  class='av-buildercomment  av-blog-meta-html-info-disabled av-blog-meta-tag-disabled  '><\/div>\n","protected":false},"excerpt":{"rendered":"","protected":false},"author":1,"featured_media":8540,"comment_status":"open","ping_status":"open","sticky":false,"template":"","format":"standard","meta":{"footnotes":""},"categories":[55],"tags":[],"class_list":["post-28010","post","type-post","status-publish","format-standard","has-post-thumbnail","hentry","category-justicia"],"jetpack_featured_media_url":"https:\/\/radiorevelacionfm.cl\/wp-content\/uploads\/2021\/09\/foto-corte-apelaciones-coyhaique-1_optimized.jpg","_links":{"self":[{"href":"https:\/\/radiorevelacionfm.cl\/index.php?rest_route=\/wp\/v2\/posts\/28010","targetHints":{"allow":["GET"]}}],"collection":[{"href":"https:\/\/radiorevelacionfm.cl\/index.php?rest_route=\/wp\/v2\/posts"}],"about":[{"href":"https:\/\/radiorevelacionfm.cl\/index.php?rest_route=\/wp\/v2\/types\/post"}],"author":[{"embeddable":true,"href":"https:\/\/radiorevelacionfm.cl\/index.php?rest_route=\/wp\/v2\/users\/1"}],"replies":[{"embeddable":true,"href":"https:\/\/radiorevelacionfm.cl\/index.php?rest_route=%2Fwp%2Fv2%2Fcomments&post=28010"}],"version-history":[{"count":2,"href":"https:\/\/radiorevelacionfm.cl\/index.php?rest_route=\/wp\/v2\/posts\/28010\/revisions"}],"predecessor-version":[{"id":28012,"href":"https:\/\/radiorevelacionfm.cl\/index.php?rest_route=\/wp\/v2\/posts\/28010\/revisions\/28012"}],"wp:featuredmedia":[{"embeddable":true,"href":"https:\/\/radiorevelacionfm.cl\/index.php?rest_route=\/wp\/v2\/media\/8540"}],"wp:attachment":[{"href":"https:\/\/radiorevelacionfm.cl\/index.php?rest_route=%2Fwp%2Fv2%2Fmedia&parent=28010"}],"wp:term":[{"taxonomy":"category","embeddable":true,"href":"https:\/\/radiorevelacionfm.cl\/index.php?rest_route=%2Fwp%2Fv2%2Fcategories&post=28010"},{"taxonomy":"post_tag","embeddable":true,"href":"https:\/\/radiorevelacionfm.cl\/index.php?rest_route=%2Fwp%2Fv2%2Ftags&post=28010"}],"curies":[{"name":"wp","href":"https:\/\/api.w.org\/{rel}","templated":true}]}}