{"id":28006,"date":"2023-02-21T12:49:34","date_gmt":"2023-02-21T15:49:34","guid":{"rendered":"https:\/\/radiorevelacionfm.cl\/?p=28006"},"modified":"2023-02-21T12:49:34","modified_gmt":"2023-02-21T15:49:34","slug":"diputado-calisto-y-vecinos-destacaron-avances-en-proyecto-habitacional-de-villa-frei-y-solicitan-que-este-ano-se-gestionen-los-subsidios","status":"publish","type":"post","link":"https:\/\/radiorevelacionfm.cl\/?p=28006","title":{"rendered":"Diputado Calisto y vecinos destacaron avances en proyecto habitacional de Villa Frei y solicitan que este a\u00f1o se gestionen los subsidios"},"content":{"rendered":"<div class=\"flex_column av_one_full  flex_column_div av-zero-column-padding first  avia-builder-el-0  el_before_av_one_full  avia-builder-el-first  \" style='border-radius:0px; '><div  class='avia-image-container  av-styling-    avia-builder-el-1  avia-builder-el-no-sibling  avia-align-center '  itemprop=\"image\" itemscope=\"itemscope\" itemtype=\"https:\/\/schema.org\/ImageObject\"  ><div class='avia-image-container-inner'><div class='avia-image-overlay-wrap'><img decoding=\"async\" class='wp-image-28007 avia-img-lazy-loading-not-28007 avia_image' src=\"https:\/\/radiorevelacionfm.cl\/wp-content\/uploads\/2023\/02\/FOTO-CALISTO-VILLA-FREI-1.jpeg\" alt='' title='FOTO CALISTO VILLA FREI (1)' height=\"605\" width=\"1070\"  itemprop=\"thumbnailUrl\" srcset=\"https:\/\/radiorevelacionfm.cl\/wp-content\/uploads\/2023\/02\/FOTO-CALISTO-VILLA-FREI-1.jpeg 1070w, https:\/\/radiorevelacionfm.cl\/wp-content\/uploads\/2023\/02\/FOTO-CALISTO-VILLA-FREI-1-300x170.jpeg 300w, https:\/\/radiorevelacionfm.cl\/wp-content\/uploads\/2023\/02\/FOTO-CALISTO-VILLA-FREI-1-1030x582.jpeg 1030w, https:\/\/radiorevelacionfm.cl\/wp-content\/uploads\/2023\/02\/FOTO-CALISTO-VILLA-FREI-1-768x434.jpeg 768w, https:\/\/radiorevelacionfm.cl\/wp-content\/uploads\/2023\/02\/FOTO-CALISTO-VILLA-FREI-1-705x399.jpeg 705w, https:\/\/radiorevelacionfm.cl\/wp-content\/uploads\/2023\/02\/FOTO-CALISTO-VILLA-FREI-1-600x339.jpeg 600w\" sizes=\"(max-width: 1070px) 100vw, 1070px\" \/><\/div><\/div><\/div><\/div><div class=\"flex_column av_one_full  flex_column_div av-zero-column-padding first  avia-builder-el-2  el_after_av_one_full  el_before_av_one_full  column-top-margin\" style='border-radius:0px; '><section class=\"av_textblock_section \"  itemscope=\"itemscope\" itemtype=\"https:\/\/schema.org\/BlogPosting\" itemprop=\"blogPost\" ><div class='avia_textblock  '   itemprop=\"text\" ><p style=\"text-align: center;\"><span style=\"font-size: 18pt;\"><b><span lang=\"ES\">Diputado Calisto y vecinos destacaron avances en proyecto habitacional de Villa Frei y solicitan que este a\u00f1o se gestionen los subsidios<\/span><\/b><\/span><\/p>\n<div id=\"gtx-trans\" style=\"position: absolute; left: -50px; top: 4.31534px;\">\n<div class=\"gtx-trans-icon\"><\/div>\n<\/div>\n<\/div><\/section><\/div><div class=\"flex_column av_one_full  flex_column_div av-zero-column-padding first  avia-builder-el-4  el_after_av_one_full  el_before_av_hr  column-top-margin\" style='border-radius:0px; '><section class=\"av_textblock_section \"  itemscope=\"itemscope\" itemtype=\"https:\/\/schema.org\/BlogPosting\" itemprop=\"blogPost\" ><div class='avia_textblock  '   itemprop=\"text\" ><p style=\"font-weight: 400; text-align: justify;\">Junto con valorar la confirmaci\u00f3n de un terreno que beneficiar\u00e1 a tres comit\u00e9s de Villa Frei, el diputado Miguel \u00c1ngel Calisto inst\u00f3 a Serviu para que durante este a\u00f1o se puedan realizar las postulaciones a los subsidios habitacionales que permitir\u00e1n iniciar la construcci\u00f3n de las viviendas en esta localidad, proyecto que adem\u00e1s incluye una planta de tratamiento de aguas que beneficiar\u00e1 a toda la comunidad.<\/p>\n<p style=\"font-weight: 400; text-align: justify;\">Seg\u00fan el diputado, \u201cnos reunimos con los dirigentes y socios del comit\u00e9 Ilusi\u00f3n, quienes est\u00e1n recibiendo el terreno para iniciar los tr\u00e1mites para la postulaci\u00f3n de la construcci\u00f3n de las viviendas, que esperamos pueda ser este a\u00f1o. Ac\u00e1 se construir\u00e1n m\u00e1s de cien viviendas, donde tambi\u00e9n se incluyen los comit\u00e9s Tehuelche y Camino a un Sue\u00f1o\u201d.<\/p>\n<p style=\"font-weight: 400; text-align: justify;\">\u201cEste proyecto, donde hemos estado trabajando en conjunto con los dirigentes, adem\u00e1s incluye la construcci\u00f3n de una planta de tratamiento de aguas, que no s\u00f3lo beneficiar\u00e1 a los comit\u00e9s, sino que tambi\u00e9n servir\u00e1 para todos los vecinos de Villa Frei, por lo que es de especial importancia, porque va a significar un beneficio comunitario\u201d, se\u00f1al\u00f3.<\/p>\n<p style=\"font-weight: 400; text-align: justify;\">Por su parte, la presidenta del comit\u00e9 Ilusi\u00f3n, Viviana Rauque, afirm\u00f3 que \u201c quiero dar las gracias por acompa\u00f1ar. Esperamos que este a\u00f1o con la empresa Xinta podamos postular a nuestras casas y as\u00ed podamos apurar el proceso\u201d.<\/p>\n<p style=\"font-weight: 400; text-align: justify;\">En tanto, Fernando Jara de la empresa Xinta, se\u00f1al\u00f3 que \u201ctenemos el compromiso de terreno, con un proyecto bien avanzado. Son dos lotes, el lote cuatro ya est\u00e1 con ante proyecto y el dos en la municipalidad para revisarlo. En paralelo estamos trabajando en el proyecto de urbanizaci\u00f3n, ingenier\u00eda de agua potable, alcantarillado, electricidad y aguas lluvias\u201d.<\/p>\n<p style=\"font-weight: 400; text-align: justify;\">Finalmente, indic\u00f3 que \u201ceste proyecto considera algo muy importante, que fue solicitado por los vecinos y el diputado, que es una planta de tratamiento, porque la localidad no cuenta con esto. El proyecto considera el dise\u00f1o de la planta, lo que va a beneficiar a todos los vecinos de Villa Frei\u201d.<\/p>\n<\/div><\/section><\/div><div  style='height:50px' class='hr hr-invisible   avia-builder-el-6  el_after_av_one_full  el_before_av_social_share '><span class='hr-inner ' ><span class='hr-inner-style'><\/span><\/span><\/div><\/p>\n<div  class='av-social-sharing-box  avia-builder-el-7  el_after_av_hr  el_before_av_hr  '><div class='av-share-box'><h5 class='av-share-link-description av-no-toc '>Compartir esta noticia<\/h5><ul class='av-share-box-list noLightbox'><li class='av-share-link av-social-link-facebook' ><a target=\"_blank\" aria-label=\"Compartir en Facebook\" href='https:\/\/www.facebook.com\/sharer.php?u=https:\/\/radiorevelacionfm.cl\/?p=28006&#038;t=Diputado%20Calisto%20y%20vecinos%20destacaron%20avances%20en%20proyecto%20habitacional%20de%20Villa%20Frei%20y%20solicitan%20que%20este%20a%C3%B1o%20se%20gestionen%20los%20subsidios' aria-hidden='false' data-av_icon='\ue8f3' data-av_iconfont='entypo-fontello' title='' data-avia-related-tooltip='Compartir en Facebook' rel=\"noopener\"><span class='avia_hidden_link_text'>Compartir en Facebook<\/span><\/a><\/li><li class='av-share-link av-social-link-twitter' ><a target=\"_blank\" aria-label=\"Compartir en Twitter\" href='https:\/\/twitter.com\/share?text=Diputado%20Calisto%20y%20vecinos%20destacaron%20avances%20en%20proyecto%20habitacional%20de%20Villa%20Frei%20y%20solicitan%20que%20este%20a%C3%B1o%20se%20gestionen%20los%20subsidios&#038;url=https:\/\/radiorevelacionfm.cl\/?p=28006' aria-hidden='false' data-av_icon='\ue8f1' data-av_iconfont='entypo-fontello' title='' data-avia-related-tooltip='Compartir en Twitter' rel=\"noopener\"><span class='avia_hidden_link_text'>Compartir en Twitter<\/span><\/a><\/li><li class='av-share-link av-social-link-whatsapp' ><a target=\"_blank\" aria-label=\"Compartir en Whatsapp\" href='https:\/\/api.whatsapp.com\/send?text=https:\/\/radiorevelacionfm.cl\/?p=28006' aria-hidden='false' data-av_icon='\uf232' data-av_iconfont='entypo-fontello' title='' data-avia-related-tooltip='Compartir en Whatsapp' rel=\"noopener\"><span class='avia_hidden_link_text'>Compartir en Whatsapp<\/span><\/a><\/li><li class='av-share-link av-social-link-linkedin' ><a target=\"_blank\" aria-label=\"Compartir en LinkedIn\" href='https:\/\/linkedin.com\/shareArticle?mini=true&#038;title=Diputado%20Calisto%20y%20vecinos%20destacaron%20avances%20en%20proyecto%20habitacional%20de%20Villa%20Frei%20y%20solicitan%20que%20este%20a%C3%B1o%20se%20gestionen%20los%20subsidios&#038;url=https:\/\/radiorevelacionfm.cl\/?p=28006' aria-hidden='false' data-av_icon='\ue8fc' data-av_iconfont='entypo-fontello' title='' data-avia-related-tooltip='Compartir en LinkedIn' rel=\"noopener\"><span class='avia_hidden_link_text'>Compartir en LinkedIn<\/span><\/a><\/li><li class='av-share-link av-social-link-mail' ><a  aria-label=\"Compartir por correo\" href='mailto:?subject=Diputado%20Calisto%20y%20vecinos%20destacaron%20avances%20en%20proyecto%20habitacional%20de%20Villa%20Frei%20y%20solicitan%20que%20este%20a%C3%B1o%20se%20gestionen%20los%20subsidios&#038;body=https:\/\/radiorevelacionfm.cl\/?p=28006' aria-hidden='false' data-av_icon='\ue805' data-av_iconfont='entypo-fontello' title='' data-avia-related-tooltip='Compartir por correo'><span class='avia_hidden_link_text'>Compartir por correo<\/span><\/a><\/li><\/ul><\/div><\/div>\n<div  style='height:50px' class='hr hr-invisible   avia-builder-el-8  el_after_av_social_share  el_before_av_comments_list '><span class='hr-inner ' ><span class='hr-inner-style'><\/span><\/span><\/div>\n<div  class='av-buildercomment  av-blog-meta-html-info-disabled av-blog-meta-tag-disabled  '><\/div>\n","protected":false},"excerpt":{"rendered":"","protected":false},"author":1,"featured_media":28007,"comment_status":"open","ping_status":"open","sticky":false,"template":"","format":"standard","meta":{"footnotes":""},"categories":[35],"tags":[],"class_list":["post-28006","post","type-post","status-publish","format-standard","has-post-thumbnail","hentry","category-politica"],"jetpack_featured_media_url":"https:\/\/radiorevelacionfm.cl\/wp-content\/uploads\/2023\/02\/FOTO-CALISTO-VILLA-FREI-1.jpeg","_links":{"self":[{"href":"https:\/\/radiorevelacionfm.cl\/index.php?rest_route=\/wp\/v2\/posts\/28006","targetHints":{"allow":["GET"]}}],"collection":[{"href":"https:\/\/radiorevelacionfm.cl\/index.php?rest_route=\/wp\/v2\/posts"}],"about":[{"href":"https:\/\/radiorevelacionfm.cl\/index.php?rest_route=\/wp\/v2\/types\/post"}],"author":[{"embeddable":true,"href":"https:\/\/radiorevelacionfm.cl\/index.php?rest_route=\/wp\/v2\/users\/1"}],"replies":[{"embeddable":true,"href":"https:\/\/radiorevelacionfm.cl\/index.php?rest_route=%2Fwp%2Fv2%2Fcomments&post=28006"}],"version-history":[{"count":2,"href":"https:\/\/radiorevelacionfm.cl\/index.php?rest_route=\/wp\/v2\/posts\/28006\/revisions"}],"predecessor-version":[{"id":28009,"href":"https:\/\/radiorevelacionfm.cl\/index.php?rest_route=\/wp\/v2\/posts\/28006\/revisions\/28009"}],"wp:featuredmedia":[{"embeddable":true,"href":"https:\/\/radiorevelacionfm.cl\/index.php?rest_route=\/wp\/v2\/media\/28007"}],"wp:attachment":[{"href":"https:\/\/radiorevelacionfm.cl\/index.php?rest_route=%2Fwp%2Fv2%2Fmedia&parent=28006"}],"wp:term":[{"taxonomy":"category","embeddable":true,"href":"https:\/\/radiorevelacionfm.cl\/index.php?rest_route=%2Fwp%2Fv2%2Fcategories&post=28006"},{"taxonomy":"post_tag","embeddable":true,"href":"https:\/\/radiorevelacionfm.cl\/index.php?rest_route=%2Fwp%2Fv2%2Ftags&post=28006"}],"curies":[{"name":"wp","href":"https:\/\/api.w.org\/{rel}","templated":true}]}}