{"id":28002,"date":"2023-02-21T12:42:39","date_gmt":"2023-02-21T15:42:39","guid":{"rendered":"https:\/\/radiorevelacionfm.cl\/?p=28002"},"modified":"2023-02-21T12:42:39","modified_gmt":"2023-02-21T15:42:39","slug":"en-puqueldon-entregaron-reconocimiento-a-jose-pincol-director-del-conjunto-chiloaysen","status":"publish","type":"post","link":"https:\/\/radiorevelacionfm.cl\/?p=28002","title":{"rendered":"En Puqueld\u00f3n entregaron reconocimiento a Jos\u00e9 Pincol, director del conjunto Chiloays\u00e9n"},"content":{"rendered":"<div class=\"flex_column av_one_full  flex_column_div av-zero-column-padding first  avia-builder-el-0  el_before_av_one_full  avia-builder-el-first  \" style='border-radius:0px; '><div  class='avia-image-container  av-styling-    avia-builder-el-1  avia-builder-el-no-sibling  avia-align-center '  itemprop=\"image\" itemscope=\"itemscope\" itemtype=\"https:\/\/schema.org\/ImageObject\"  ><div class='avia-image-container-inner'><div class='avia-image-overlay-wrap'><img decoding=\"async\" class='wp-image-28003 avia-img-lazy-loading-not-28003 avia_image' src=\"https:\/\/radiorevelacionfm.cl\/wp-content\/uploads\/2023\/02\/FB_IMG_1676393738402-1-1-1.jpg\" alt='' title='FB_IMG_1676393738402 (1) (1) (1)' height=\"600\" width=\"900\"  itemprop=\"thumbnailUrl\" srcset=\"https:\/\/radiorevelacionfm.cl\/wp-content\/uploads\/2023\/02\/FB_IMG_1676393738402-1-1-1.jpg 900w, https:\/\/radiorevelacionfm.cl\/wp-content\/uploads\/2023\/02\/FB_IMG_1676393738402-1-1-1-300x200.jpg 300w, https:\/\/radiorevelacionfm.cl\/wp-content\/uploads\/2023\/02\/FB_IMG_1676393738402-1-1-1-768x512.jpg 768w, https:\/\/radiorevelacionfm.cl\/wp-content\/uploads\/2023\/02\/FB_IMG_1676393738402-1-1-1-705x470.jpg 705w, https:\/\/radiorevelacionfm.cl\/wp-content\/uploads\/2023\/02\/FB_IMG_1676393738402-1-1-1-600x400.jpg 600w\" sizes=\"(max-width: 900px) 100vw, 900px\" \/><\/div><\/div><\/div><\/div><div class=\"flex_column av_one_full  flex_column_div av-zero-column-padding first  avia-builder-el-2  el_after_av_one_full  el_before_av_one_full  column-top-margin\" style='border-radius:0px; '><section class=\"av_textblock_section \"  itemscope=\"itemscope\" itemtype=\"https:\/\/schema.org\/BlogPosting\" itemprop=\"blogPost\" ><div class='avia_textblock  '   itemprop=\"text\" ><p style=\"text-align: center;\"><strong><span style=\"font-size: 18pt;\">En Puqueld\u00f3n entregaron reconocimiento a Jos\u00e9 Pincol, director del conjunto Chiloays\u00e9n<\/span><\/strong><\/p>\n<div id=\"gtx-trans\" style=\"position: absolute; left: -50px; top: 4.31534px;\">\n<div class=\"gtx-trans-icon\"><\/div>\n<\/div>\n<\/div><\/section><\/div><div class=\"flex_column av_one_full  flex_column_div av-zero-column-padding first  avia-builder-el-4  el_after_av_one_full  el_before_av_hr  column-top-margin\" style='border-radius:0px; '><section class=\"av_textblock_section \"  itemscope=\"itemscope\" itemtype=\"https:\/\/schema.org\/BlogPosting\" itemprop=\"blogPost\" ><div class='avia_textblock  '   itemprop=\"text\" ><p style=\"text-align: justify;\">Esta jornada, el director del conjunto folcl\u00f3rico Chiloays\u00e9n, Jos\u00e9 Pincol, recibi\u00f3 un reconocimiento de parte de la Municipalidad de Puqueld\u00f3n, mediante el cual hicieron una distinci\u00f3n al aporte que ha entregado a la preservaci\u00f3n de la cultura chilota en Ays\u00e9n.<\/p>\n<p style=\"text-align: justify;\">En la jornada, presidida por el alcalde de Puqueld\u00f3n, el encargado de Cultura del municipio lemuyano dedic\u00f3 unas palabras al rol que ha ejercido Pincol durante estos a\u00f1os en los que ha encabezado la agrupaci\u00f3n folcl\u00f3rica Chiloays\u00e9n como el C\u00edrculo de Hijos y Amigos de Chilo\u00e9.<\/p>\n<p style=\"text-align: justify;\">\u201cEstamos muy contentos, estuvimos reci\u00e9n con Jos\u00e9 Pincol, quien ha rescatado las tradiciones del pueblo chilote, y fue reconocido por la Municipalidad de Puqueld\u00f3n\u201d, indic\u00f3 el alcalde (s) de Ays\u00e9n, Marco Co\u00f1uecar, quien aprovech\u00f3 la instancia para reafirmar el compromiso del municipio con la cultura local.<\/p>\n<p style=\"text-align: justify;\">\u201cTuve la grata misi\u00f3n de recibir un reconocimiento como cultor en la Patagonia y defensor de la cultura chilota en la regi\u00f3n\u201d, indic\u00f3 Pincol, quien asegur\u00f3 que la entrega del galard\u00f3n signific\u00f3 una sorpresa para \u00e9l, ya que no sab\u00eda que recibir\u00eda tan importante m\u00e9rito.<\/p>\n<p style=\"text-align: justify;\">De esta forma, se reconoce la importancia de rescatar las ra\u00edces culturales de Ays\u00e9n, adem\u00e1s del esfuerzo por mantener vivas las tradiciones folcl\u00f3ricas que constituyen la base de nuestra comunidad.<\/p>\n<\/div><\/section><\/div><div  style='height:50px' class='hr hr-invisible   avia-builder-el-6  el_after_av_one_full  el_before_av_social_share '><span class='hr-inner ' ><span class='hr-inner-style'><\/span><\/span><\/div><\/p>\n<div  class='av-social-sharing-box  avia-builder-el-7  el_after_av_hr  el_before_av_hr  '><div class='av-share-box'><h5 class='av-share-link-description av-no-toc '>Compartir esta noticia<\/h5><ul class='av-share-box-list noLightbox'><li class='av-share-link av-social-link-facebook' ><a target=\"_blank\" aria-label=\"Compartir en Facebook\" href='https:\/\/www.facebook.com\/sharer.php?u=https:\/\/radiorevelacionfm.cl\/?p=28002&#038;t=En%20Puqueld%C3%B3n%20entregaron%20reconocimiento%20a%20Jos%C3%A9%20Pincol%2C%20director%20del%20conjunto%20Chiloays%C3%A9n' aria-hidden='false' data-av_icon='\ue8f3' data-av_iconfont='entypo-fontello' title='' data-avia-related-tooltip='Compartir en Facebook' rel=\"noopener\"><span class='avia_hidden_link_text'>Compartir en Facebook<\/span><\/a><\/li><li class='av-share-link av-social-link-twitter' ><a target=\"_blank\" aria-label=\"Compartir en Twitter\" href='https:\/\/twitter.com\/share?text=En%20Puqueld%C3%B3n%20entregaron%20reconocimiento%20a%20Jos%C3%A9%20Pincol%2C%20director%20del%20conjunto%20Chiloays%C3%A9n&#038;url=https:\/\/radiorevelacionfm.cl\/?p=28002' aria-hidden='false' data-av_icon='\ue8f1' data-av_iconfont='entypo-fontello' title='' data-avia-related-tooltip='Compartir en Twitter' rel=\"noopener\"><span class='avia_hidden_link_text'>Compartir en Twitter<\/span><\/a><\/li><li class='av-share-link av-social-link-whatsapp' ><a target=\"_blank\" aria-label=\"Compartir en Whatsapp\" href='https:\/\/api.whatsapp.com\/send?text=https:\/\/radiorevelacionfm.cl\/?p=28002' aria-hidden='false' data-av_icon='\uf232' data-av_iconfont='entypo-fontello' title='' data-avia-related-tooltip='Compartir en Whatsapp' rel=\"noopener\"><span class='avia_hidden_link_text'>Compartir en Whatsapp<\/span><\/a><\/li><li class='av-share-link av-social-link-linkedin' ><a target=\"_blank\" aria-label=\"Compartir en LinkedIn\" href='https:\/\/linkedin.com\/shareArticle?mini=true&#038;title=En%20Puqueld%C3%B3n%20entregaron%20reconocimiento%20a%20Jos%C3%A9%20Pincol%2C%20director%20del%20conjunto%20Chiloays%C3%A9n&#038;url=https:\/\/radiorevelacionfm.cl\/?p=28002' aria-hidden='false' data-av_icon='\ue8fc' data-av_iconfont='entypo-fontello' title='' data-avia-related-tooltip='Compartir en LinkedIn' rel=\"noopener\"><span class='avia_hidden_link_text'>Compartir en LinkedIn<\/span><\/a><\/li><li class='av-share-link av-social-link-mail' ><a  aria-label=\"Compartir por correo\" href='mailto:?subject=En%20Puqueld%C3%B3n%20entregaron%20reconocimiento%20a%20Jos%C3%A9%20Pincol%2C%20director%20del%20conjunto%20Chiloays%C3%A9n&#038;body=https:\/\/radiorevelacionfm.cl\/?p=28002' aria-hidden='false' data-av_icon='\ue805' data-av_iconfont='entypo-fontello' title='' data-avia-related-tooltip='Compartir por correo'><span class='avia_hidden_link_text'>Compartir por correo<\/span><\/a><\/li><\/ul><\/div><\/div>\n<div  style='height:50px' class='hr hr-invisible   avia-builder-el-8  el_after_av_social_share  el_before_av_comments_list '><span class='hr-inner ' ><span class='hr-inner-style'><\/span><\/span><\/div>\n<div  class='av-buildercomment  av-blog-meta-html-info-disabled av-blog-meta-tag-disabled  '><\/div>\n","protected":false},"excerpt":{"rendered":"","protected":false},"author":1,"featured_media":28003,"comment_status":"open","ping_status":"open","sticky":false,"template":"","format":"standard","meta":{"footnotes":""},"categories":[38],"tags":[],"class_list":["post-28002","post","type-post","status-publish","format-standard","has-post-thumbnail","hentry","category-regional"],"jetpack_featured_media_url":"https:\/\/radiorevelacionfm.cl\/wp-content\/uploads\/2023\/02\/FB_IMG_1676393738402-1-1-1.jpg","_links":{"self":[{"href":"https:\/\/radiorevelacionfm.cl\/index.php?rest_route=\/wp\/v2\/posts\/28002","targetHints":{"allow":["GET"]}}],"collection":[{"href":"https:\/\/radiorevelacionfm.cl\/index.php?rest_route=\/wp\/v2\/posts"}],"about":[{"href":"https:\/\/radiorevelacionfm.cl\/index.php?rest_route=\/wp\/v2\/types\/post"}],"author":[{"embeddable":true,"href":"https:\/\/radiorevelacionfm.cl\/index.php?rest_route=\/wp\/v2\/users\/1"}],"replies":[{"embeddable":true,"href":"https:\/\/radiorevelacionfm.cl\/index.php?rest_route=%2Fwp%2Fv2%2Fcomments&post=28002"}],"version-history":[{"count":2,"href":"https:\/\/radiorevelacionfm.cl\/index.php?rest_route=\/wp\/v2\/posts\/28002\/revisions"}],"predecessor-version":[{"id":28005,"href":"https:\/\/radiorevelacionfm.cl\/index.php?rest_route=\/wp\/v2\/posts\/28002\/revisions\/28005"}],"wp:featuredmedia":[{"embeddable":true,"href":"https:\/\/radiorevelacionfm.cl\/index.php?rest_route=\/wp\/v2\/media\/28003"}],"wp:attachment":[{"href":"https:\/\/radiorevelacionfm.cl\/index.php?rest_route=%2Fwp%2Fv2%2Fmedia&parent=28002"}],"wp:term":[{"taxonomy":"category","embeddable":true,"href":"https:\/\/radiorevelacionfm.cl\/index.php?rest_route=%2Fwp%2Fv2%2Fcategories&post=28002"},{"taxonomy":"post_tag","embeddable":true,"href":"https:\/\/radiorevelacionfm.cl\/index.php?rest_route=%2Fwp%2Fv2%2Ftags&post=28002"}],"curies":[{"name":"wp","href":"https:\/\/api.w.org\/{rel}","templated":true}]}}