{"id":27996,"date":"2023-02-21T09:49:24","date_gmt":"2023-02-21T12:49:24","guid":{"rendered":"https:\/\/radiorevelacionfm.cl\/?p=27996"},"modified":"2023-02-21T09:49:24","modified_gmt":"2023-02-21T12:49:24","slug":"reconocen-a-empresa-transportes-san-rafael-por-romper-el-aislamiento-de-la-comuna-de-guaitecas","status":"publish","type":"post","link":"https:\/\/radiorevelacionfm.cl\/?p=27996","title":{"rendered":"Reconocen a empresa Transportes San Rafael por romper el aislamiento de la comuna de Guaitecas"},"content":{"rendered":"<div class=\"flex_column av_one_full  flex_column_div av-zero-column-padding first  avia-builder-el-0  el_before_av_one_full  avia-builder-el-first  \" style='border-radius:0px; '><div  class='avia-image-container  av-styling-    avia-builder-el-1  avia-builder-el-no-sibling  avia-align-center '  itemprop=\"image\" itemscope=\"itemscope\" itemtype=\"https:\/\/schema.org\/ImageObject\"  ><div class='avia-image-container-inner'><div class='avia-image-overlay-wrap'><img decoding=\"async\" class='wp-image-27997 avia-img-lazy-loading-not-27997 avia_image' src=\"https:\/\/radiorevelacionfm.cl\/wp-content\/uploads\/2023\/02\/whatsapp-image-2023-02-20-at-09_optimized.04.28-1.jpeg\" alt='' title='whatsapp-image-2023-02-20-at-09_optimized.04.28-(1)' height=\"600\" width=\"1302\"  itemprop=\"thumbnailUrl\" srcset=\"https:\/\/radiorevelacionfm.cl\/wp-content\/uploads\/2023\/02\/whatsapp-image-2023-02-20-at-09_optimized.04.28-1.jpeg 1302w, https:\/\/radiorevelacionfm.cl\/wp-content\/uploads\/2023\/02\/whatsapp-image-2023-02-20-at-09_optimized.04.28-1-300x138.jpeg 300w, https:\/\/radiorevelacionfm.cl\/wp-content\/uploads\/2023\/02\/whatsapp-image-2023-02-20-at-09_optimized.04.28-1-1030x475.jpeg 1030w, https:\/\/radiorevelacionfm.cl\/wp-content\/uploads\/2023\/02\/whatsapp-image-2023-02-20-at-09_optimized.04.28-1-768x354.jpeg 768w, https:\/\/radiorevelacionfm.cl\/wp-content\/uploads\/2023\/02\/whatsapp-image-2023-02-20-at-09_optimized.04.28-1-705x325.jpeg 705w, https:\/\/radiorevelacionfm.cl\/wp-content\/uploads\/2023\/02\/whatsapp-image-2023-02-20-at-09_optimized.04.28-1-600x276.jpeg 600w\" sizes=\"(max-width: 1302px) 100vw, 1302px\" \/><\/div><\/div><\/div><\/div><div class=\"flex_column av_one_full  flex_column_div av-zero-column-padding first  avia-builder-el-2  el_after_av_one_full  el_before_av_one_full  column-top-margin\" style='border-radius:0px; '><section class=\"av_textblock_section \"  itemscope=\"itemscope\" itemtype=\"https:\/\/schema.org\/BlogPosting\" itemprop=\"blogPost\" ><div class='avia_textblock  '   itemprop=\"text\" ><p style=\"text-align: center;\"><strong><span style=\"font-size: 18pt;\">Reconocen a empresa Transportes San Rafael por romper el aislamiento de la comuna de Guaitecas<\/span><\/strong><\/p>\n<div id=\"gtx-trans\" style=\"position: absolute; left: -50px; top: 4.31534px;\">\n<div class=\"gtx-trans-icon\"><\/div>\n<\/div>\n<\/div><\/section><\/div><div class=\"flex_column av_one_full  flex_column_div av-zero-column-padding first  avia-builder-el-4  el_after_av_one_full  el_before_av_hr  column-top-margin\" style='border-radius:0px; '><section class=\"av_textblock_section \"  itemscope=\"itemscope\" itemtype=\"https:\/\/schema.org\/BlogPosting\" itemprop=\"blogPost\" ><div class='avia_textblock  '   itemprop=\"text\" ><p style=\"text-align: justify;\">En el aniversario 163 de la comuna de Guaitecas, la municipalidad llev\u00f3 a cabo una ceremonia de reconocimiento para homenajear a distintas personas que con su labor aportan a mejorar la calidad de vida a los habitantes de la comuna austral. Instancia en la que Transportes A\u00e9reos San Rafael, junto a otros, fue destacado por acompa\u00f1ar a la comunidad.<span id=\"more-109061\"><\/span><\/p>\n<p style=\"text-align: justify;\">Durante la ceremonia, el alcalde de Guaitecas, Marco Silva Miranda, se\u00f1al\u00f3 que \u201clas comunas no solamente se desarrollan y crecen por quienes hacemos el esfuerzo cotidiano de vivir ac\u00e1, sino que tambi\u00e9n por quienes generan conectividad. No es solamente querer quedar bien y querer ser populista, es la realidad que nos toca vivir en comunas australes como la nuestra\u201d.<\/p>\n<p style=\"text-align: justify;\">Justamente as\u00ed es c\u00f3mo en 1989 nace Transportes A\u00e9reos San Rafael, un emprendimiento familiar que empez\u00f3 realizando vuelos itinerarios a las localidades m\u00e1s aisladas de la regi\u00f3n de Ays\u00e9n, aquellas que en ausencia de comunicaci\u00f3n recaen en el olvido.<\/p>\n<p style=\"text-align: justify;\">Por esta raz\u00f3n es que el jefe comunal manifest\u00f3 que \u201ccreo que el camino hoy es generar esta instancia de reconocimiento de quienes han llevado por d\u00e9cadas una conectividad tan importante como es en esta comuna insular. Y tiene que ver con m\u00e1s all\u00e1 de generar una empresa y chartear un avi\u00f3n, tiene que ver con un compromiso con esta comuna\u201d.<\/p>\n<p style=\"text-align: justify;\">En tanto, Fredy Meyer, piloto y quien encabeza ahora el emprendimiento familiar, se mostr\u00f3 profundamente agradecido: \u201cNo me queda m\u00e1s que agradecer la confianza de ustedes durante tantos a\u00f1os. Cr\u00e9anme que hemos hecho nuestra labor de la mejor forma posible, con todo el amor y el cari\u00f1o que Dios nos ha dado\u201d.<\/p>\n<p style=\"text-align: justify;\">El alcalde, por su parte, agreg\u00f3 que \u201cme imagino que hoy d\u00eda no hay una familia en la comuna de las Guaitecas, que no haya sido trasladada por Fredy o por Angie -que no est\u00e1 hoy d\u00eda con nosotros- o por alguno de sus hermanos\u201d.<\/p>\n<p style=\"text-align: justify;\">Transporte San Rafael est\u00e1 formado por un equipo de personas, cuyas ra\u00edces patag\u00f3nicas les permiten empatizar con la necesidad de una persona que vive en una localidad aislada y que necesita ayuda. Para as\u00ed, liderados por Fredy Meyer, cada vez que se requiere, se concretara el servicio de ambulancia a\u00e9rea para los habitantes de la regi\u00f3n de Ays\u00e9n, pr\u00e1cticamente en tiempos r\u00e9cord.<\/p>\n<p style=\"text-align: justify;\">\u201cSiempre hemos requerido de estas estas urgencias m\u00e9dicas, y que han llegado donde nadie llega. Con situaciones adversas, complejas, muchas veces incomprensibles. Pero que siempre ha estado la disposici\u00f3n de poder sacar a alg\u00fan familiar nuestro y que le han salvado la vida m\u00e1s de alguna vez\u201d, destac\u00f3 el alcalde Silva.<\/p>\n<p style=\"text-align: justify;\">Son cientos de vuelos, miles de pasajeros trasladados, innumerables an\u00e9cdotas, d\u00e9cadas de servicio que han permitido salvar vidas y conectar familias de la localidad de Melinka por m\u00e1s de 30 a\u00f1os que ahora son reconocidos.<\/p>\n<p style=\"text-align: justify;\">Al momento de ser homenajeado, Fredy Meyer manifest\u00f3 que \u201cestamos aqu\u00ed, una parte de la familia presente, ya tenemos gente que no est\u00e1 con nosotros, como mi padre, como mi hermano, que eran gente que empez\u00f3 a venir a Melinka cuando se usaba la playa Raya, Bah\u00eda Lobos, de ese a\u00f1o que nos une, como familia, con Melinka\u201d.<\/p>\n<p style=\"text-align: justify;\">Una unidad que el alcalde tambi\u00e9n quiso abordar, se\u00f1alando que \u201cla verdad que me siento honrado y agradecido de su hijo Enrique, quien pudo convencer a su padre de poder estar hoy d\u00eda con nosotros. Porque ellos nunca han querido buscar esto. Somos nosotros, los anfitriones de esta comuna, que hoy d\u00eda busca poder agradecer y homenajear a personas con tan noble labor y tan arriesgada. Por eso esta comuna ha querido homenajear su trayectoria\u201d.<\/p>\n<p style=\"text-align: justify;\">Finalmente, Fredy Meyer nuevamente mostr\u00f3 su profundo agradecimiento a la comunidad, \u201ca los m\u00e1s ancianos y a sus hijos que siempre han confiado en nosotros para sacarlos al liceo, a medicina, lo que sea\u201d.<\/p>\n<p style=\"text-align: justify;\">\u201cMuchas gracias a todos, de parte de la familia Meyer Rosenberg y Transportes San Rafael\u201d, concluy\u00f3.<\/p>\n<div class=\"td-a-rec td-a-rec-id-content_bottom tdi_2 td_block_template_4\">\n<div id=\"101580-1\" style=\"text-align: justify;\"><\/div>\n<\/div>\n<\/div><\/section><\/div><div  style='height:50px' class='hr hr-invisible   avia-builder-el-6  el_after_av_one_full  el_before_av_social_share '><span class='hr-inner ' ><span class='hr-inner-style'><\/span><\/span><\/div><\/p>\n<div  class='av-social-sharing-box  avia-builder-el-7  el_after_av_hr  el_before_av_hr  '><div class='av-share-box'><h5 class='av-share-link-description av-no-toc '>Compartir esta noticia<\/h5><ul class='av-share-box-list noLightbox'><li class='av-share-link av-social-link-facebook' ><a target=\"_blank\" aria-label=\"Compartir en Facebook\" href='https:\/\/www.facebook.com\/sharer.php?u=https:\/\/radiorevelacionfm.cl\/?p=27996&#038;t=Reconocen%20a%20empresa%20Transportes%20San%20Rafael%20por%20romper%20el%20aislamiento%20de%20la%20comuna%20de%20Guaitecas' aria-hidden='false' data-av_icon='\ue8f3' data-av_iconfont='entypo-fontello' title='' data-avia-related-tooltip='Compartir en Facebook' rel=\"noopener\"><span class='avia_hidden_link_text'>Compartir en Facebook<\/span><\/a><\/li><li class='av-share-link av-social-link-twitter' ><a target=\"_blank\" aria-label=\"Compartir en Twitter\" href='https:\/\/twitter.com\/share?text=Reconocen%20a%20empresa%20Transportes%20San%20Rafael%20por%20romper%20el%20aislamiento%20de%20la%20comuna%20de%20Guaitecas&#038;url=https:\/\/radiorevelacionfm.cl\/?p=27996' aria-hidden='false' data-av_icon='\ue8f1' data-av_iconfont='entypo-fontello' title='' data-avia-related-tooltip='Compartir en Twitter' rel=\"noopener\"><span class='avia_hidden_link_text'>Compartir en Twitter<\/span><\/a><\/li><li class='av-share-link av-social-link-whatsapp' ><a target=\"_blank\" aria-label=\"Compartir en Whatsapp\" href='https:\/\/api.whatsapp.com\/send?text=https:\/\/radiorevelacionfm.cl\/?p=27996' aria-hidden='false' data-av_icon='\uf232' data-av_iconfont='entypo-fontello' title='' data-avia-related-tooltip='Compartir en Whatsapp' rel=\"noopener\"><span class='avia_hidden_link_text'>Compartir en Whatsapp<\/span><\/a><\/li><li class='av-share-link av-social-link-linkedin' ><a target=\"_blank\" aria-label=\"Compartir en LinkedIn\" href='https:\/\/linkedin.com\/shareArticle?mini=true&#038;title=Reconocen%20a%20empresa%20Transportes%20San%20Rafael%20por%20romper%20el%20aislamiento%20de%20la%20comuna%20de%20Guaitecas&#038;url=https:\/\/radiorevelacionfm.cl\/?p=27996' aria-hidden='false' data-av_icon='\ue8fc' data-av_iconfont='entypo-fontello' title='' data-avia-related-tooltip='Compartir en LinkedIn' rel=\"noopener\"><span class='avia_hidden_link_text'>Compartir en LinkedIn<\/span><\/a><\/li><li class='av-share-link av-social-link-mail' ><a  aria-label=\"Compartir por correo\" href='mailto:?subject=Reconocen%20a%20empresa%20Transportes%20San%20Rafael%20por%20romper%20el%20aislamiento%20de%20la%20comuna%20de%20Guaitecas&#038;body=https:\/\/radiorevelacionfm.cl\/?p=27996' aria-hidden='false' data-av_icon='\ue805' data-av_iconfont='entypo-fontello' title='' data-avia-related-tooltip='Compartir por correo'><span class='avia_hidden_link_text'>Compartir por correo<\/span><\/a><\/li><\/ul><\/div><\/div>\n<div  style='height:50px' class='hr hr-invisible   avia-builder-el-8  el_after_av_social_share  el_before_av_comments_list '><span class='hr-inner ' ><span class='hr-inner-style'><\/span><\/span><\/div>\n<div  class='av-buildercomment  av-blog-meta-html-info-disabled av-blog-meta-tag-disabled  '><\/div>\n","protected":false},"excerpt":{"rendered":"","protected":false},"author":1,"featured_media":27997,"comment_status":"open","ping_status":"open","sticky":false,"template":"","format":"standard","meta":{"footnotes":""},"categories":[38],"tags":[],"class_list":["post-27996","post","type-post","status-publish","format-standard","has-post-thumbnail","hentry","category-regional"],"jetpack_featured_media_url":"https:\/\/radiorevelacionfm.cl\/wp-content\/uploads\/2023\/02\/whatsapp-image-2023-02-20-at-09_optimized.04.28-1.jpeg","_links":{"self":[{"href":"https:\/\/radiorevelacionfm.cl\/index.php?rest_route=\/wp\/v2\/posts\/27996","targetHints":{"allow":["GET"]}}],"collection":[{"href":"https:\/\/radiorevelacionfm.cl\/index.php?rest_route=\/wp\/v2\/posts"}],"about":[{"href":"https:\/\/radiorevelacionfm.cl\/index.php?rest_route=\/wp\/v2\/types\/post"}],"author":[{"embeddable":true,"href":"https:\/\/radiorevelacionfm.cl\/index.php?rest_route=\/wp\/v2\/users\/1"}],"replies":[{"embeddable":true,"href":"https:\/\/radiorevelacionfm.cl\/index.php?rest_route=%2Fwp%2Fv2%2Fcomments&post=27996"}],"version-history":[{"count":2,"href":"https:\/\/radiorevelacionfm.cl\/index.php?rest_route=\/wp\/v2\/posts\/27996\/revisions"}],"predecessor-version":[{"id":28001,"href":"https:\/\/radiorevelacionfm.cl\/index.php?rest_route=\/wp\/v2\/posts\/27996\/revisions\/28001"}],"wp:featuredmedia":[{"embeddable":true,"href":"https:\/\/radiorevelacionfm.cl\/index.php?rest_route=\/wp\/v2\/media\/27997"}],"wp:attachment":[{"href":"https:\/\/radiorevelacionfm.cl\/index.php?rest_route=%2Fwp%2Fv2%2Fmedia&parent=27996"}],"wp:term":[{"taxonomy":"category","embeddable":true,"href":"https:\/\/radiorevelacionfm.cl\/index.php?rest_route=%2Fwp%2Fv2%2Fcategories&post=27996"},{"taxonomy":"post_tag","embeddable":true,"href":"https:\/\/radiorevelacionfm.cl\/index.php?rest_route=%2Fwp%2Fv2%2Ftags&post=27996"}],"curies":[{"name":"wp","href":"https:\/\/api.w.org\/{rel}","templated":true}]}}