{"id":27991,"date":"2023-02-20T19:03:10","date_gmt":"2023-02-20T22:03:10","guid":{"rendered":"https:\/\/radiorevelacionfm.cl\/?p=27991"},"modified":"2023-02-20T19:03:10","modified_gmt":"2023-02-20T22:03:10","slug":"vecinos-y-autoridades-valoran-inauguracion-del-terminal-portuario-de-pasajeros-de-puerto-cisnes","status":"publish","type":"post","link":"https:\/\/radiorevelacionfm.cl\/?p=27991","title":{"rendered":"Vecinos y autoridades valoran inauguraci\u00f3n del Terminal Portuario de Pasajeros de Puerto Cisnes"},"content":{"rendered":"<div class=\"flex_column av_one_full  flex_column_div av-zero-column-padding first  avia-builder-el-0  el_before_av_one_full  avia-builder-el-first  \" style='border-radius:0px; '><div  class='avia-image-container  av-styling-    avia-builder-el-1  avia-builder-el-no-sibling  avia-align-center '  itemprop=\"image\" itemscope=\"itemscope\" itemtype=\"https:\/\/schema.org\/ImageObject\"  ><div class='avia-image-container-inner'><div class='avia-image-overlay-wrap'><img decoding=\"async\" class='wp-image-27992 avia-img-lazy-loading-not-27992 avia_image' src=\"https:\/\/radiorevelacionfm.cl\/wp-content\/uploads\/2023\/02\/Terminal-Portuario-Cisnes0-1-1.jpg\" alt='' title='Terminal Portuario Cisnes0 (1) (1)' height=\"600\" width=\"1160\"  itemprop=\"thumbnailUrl\" srcset=\"https:\/\/radiorevelacionfm.cl\/wp-content\/uploads\/2023\/02\/Terminal-Portuario-Cisnes0-1-1.jpg 1160w, https:\/\/radiorevelacionfm.cl\/wp-content\/uploads\/2023\/02\/Terminal-Portuario-Cisnes0-1-1-300x155.jpg 300w, https:\/\/radiorevelacionfm.cl\/wp-content\/uploads\/2023\/02\/Terminal-Portuario-Cisnes0-1-1-1030x533.jpg 1030w, https:\/\/radiorevelacionfm.cl\/wp-content\/uploads\/2023\/02\/Terminal-Portuario-Cisnes0-1-1-768x397.jpg 768w, https:\/\/radiorevelacionfm.cl\/wp-content\/uploads\/2023\/02\/Terminal-Portuario-Cisnes0-1-1-705x365.jpg 705w, https:\/\/radiorevelacionfm.cl\/wp-content\/uploads\/2023\/02\/Terminal-Portuario-Cisnes0-1-1-600x310.jpg 600w\" sizes=\"(max-width: 1160px) 100vw, 1160px\" \/><\/div><\/div><\/div><\/div><div class=\"flex_column av_one_full  flex_column_div av-zero-column-padding first  avia-builder-el-2  el_after_av_one_full  el_before_av_one_full  column-top-margin\" style='border-radius:0px; '><section class=\"av_textblock_section \"  itemscope=\"itemscope\" itemtype=\"https:\/\/schema.org\/BlogPosting\" itemprop=\"blogPost\" ><div class='avia_textblock  '   itemprop=\"text\" ><p style=\"text-align: center;\"><strong><span style=\"font-size: 18pt;\">Vecinos y autoridades valoran inauguraci\u00f3n del Terminal Portuario de Pasajeros de Puerto Cisnes<\/span><\/strong><\/p>\n<div id=\"gtx-trans\" style=\"position: absolute; left: -50px; top: 4.31534px;\">\n<div class=\"gtx-trans-icon\"><\/div>\n<\/div>\n<\/div><\/section><\/div><div class=\"flex_column av_one_full  flex_column_div av-zero-column-padding first  avia-builder-el-4  el_after_av_one_full  el_before_av_hr  column-top-margin\" style='border-radius:0px; '><section class=\"av_textblock_section \"  itemscope=\"itemscope\" itemtype=\"https:\/\/schema.org\/BlogPosting\" itemprop=\"blogPost\" ><div class='avia_textblock  '   itemprop=\"text\" ><p style=\"text-align: justify;\">Vecinos y autoridades coincidieron en valorar el impacto positivo que tendr\u00e1 el funcionamiento del nuevo terminal de pasajeros para conectividad mar\u00edtima, en Puerto Cisnes. La obra fue inaugurada la ma\u00f1ana del jueves 16, con presencia de representantes de la comunidad, as\u00ed como de autoridades locales y regionales, concluyendo de este modo el desarrollo de un proyecto que beneficiar\u00e1 a m\u00e1s de 6.500 personas, directamente.<\/p>\n<p style=\"text-align: justify;\">\u201cEsta obra es una respuesta a una nueva sociedad, que tambi\u00e9n espera dignidad y se la estamos entregando con una infraestructura con acceso universal, con calefacci\u00f3n, mejorando la experiencia de viaje\u201d, se\u00f1al\u00f3 el seremi de Obras P\u00fablicas, Patricio Sanhueza.<\/p>\n<p style=\"text-align: justify;\">La construcci\u00f3n de este espacio fue posible gracias a la iniciativa y financiamiento de la Direcci\u00f3n de Obras Portuarias (DOP). M\u00e1s de $2.088 millones aportados por la instituci\u00f3n, perteneciente al Ministerio de Obras P\u00fablicas, permitieron construir un recinto de 516m2, a los que se suman otros 1.450m2 de estacionamiento pavimentado, adem\u00e1s de espacios que aumentan la seguridad y comodidad de los pasajeros, como servicios higi\u00e9nicos y mudador.<\/p>\n<p style=\"text-align: justify;\">\u201cEn mi coraz\u00f3n me parece de justicia y dignidad que tengamos por fin un lugar donde poder guardarnos del fr\u00edo, de la lluvia, del viento\u201d, se\u00f1al\u00f3 Waleska Bieres, secretaria de la Junta de Vecinos N\u00b08 Barrio Central, de Puerto Cisnes. La dirigenta record\u00f3 que durante largos a\u00f1os, los vecinos y turistas debieron esperar el momento de embarcarse a la intemperie, o en un container que no contaba con ba\u00f1o ni otras condiciones m\u00ednimas.<\/p>\n<p style=\"text-align: justify;\">Por su parte, el delegado presidencial regional, Rodrigo Araya, mencion\u00f3 que esta obra \u201cviene a confirmar el compromiso del Estado y de nuestro Gobierno por mejorar la calidad de vida de las personas, sobre todo en territorios que han tenido un rol important\u00edsimo en el poblamiento de la regi\u00f3n\u201d, asegur\u00f3.<\/p>\n<p style=\"text-align: justify;\">Asimismo, la gobernadora regional, Andrea Mac\u00edas, destac\u00f3 que esta infraestructura \u201ctremendamente esperada\u201d, es un aporte a una regi\u00f3n con un litoral extenso. \u201cPermite la conectividad, el transporte de carga que ingresa a la regi\u00f3n. En definitiva, permite la vida en nuestro territorio\u201d, indic\u00f3 la autoridad.<\/p>\n<p style=\"text-align: justify;\">Finalmente, sobre la proyecci\u00f3n de este nuevo espacio, en el desarrollo tur\u00edstico de la comuna, se refiri\u00f3 el alcalde Francisco Roncagliolo. El edil indic\u00f3 que el terminal de pasajeros se recibe con alegr\u00eda, porque \u201cal final del d\u00eda vamos a lograr conectar a nuestro litoral, conectar la regi\u00f3n de Ays\u00e9n y obviamente tambi\u00e9n generar una oferta relevante al turismo, al transporte y a la log\u00edstica que abastece nuestra regi\u00f3n\u201d, enfatiz\u00f3 el alcalde.<\/p>\n<\/div><\/section><\/div><div  style='height:50px' class='hr hr-invisible   avia-builder-el-6  el_after_av_one_full  el_before_av_social_share '><span class='hr-inner ' ><span class='hr-inner-style'><\/span><\/span><\/div><\/p>\n<div  class='av-social-sharing-box  avia-builder-el-7  el_after_av_hr  el_before_av_hr  '><div class='av-share-box'><h5 class='av-share-link-description av-no-toc '>Compartir esta noticia<\/h5><ul class='av-share-box-list noLightbox'><li class='av-share-link av-social-link-facebook' ><a target=\"_blank\" aria-label=\"Compartir en Facebook\" href='https:\/\/www.facebook.com\/sharer.php?u=https:\/\/radiorevelacionfm.cl\/?p=27991&#038;t=Vecinos%20y%20autoridades%20valoran%20inauguraci%C3%B3n%20del%20Terminal%20Portuario%20de%20Pasajeros%20de%20Puerto%20Cisnes' aria-hidden='false' data-av_icon='\ue8f3' data-av_iconfont='entypo-fontello' title='' data-avia-related-tooltip='Compartir en Facebook' rel=\"noopener\"><span class='avia_hidden_link_text'>Compartir en Facebook<\/span><\/a><\/li><li class='av-share-link av-social-link-twitter' ><a target=\"_blank\" aria-label=\"Compartir en Twitter\" href='https:\/\/twitter.com\/share?text=Vecinos%20y%20autoridades%20valoran%20inauguraci%C3%B3n%20del%20Terminal%20Portuario%20de%20Pasajeros%20de%20Puerto%20Cisnes&#038;url=https:\/\/radiorevelacionfm.cl\/?p=27991' aria-hidden='false' data-av_icon='\ue8f1' data-av_iconfont='entypo-fontello' title='' data-avia-related-tooltip='Compartir en Twitter' rel=\"noopener\"><span class='avia_hidden_link_text'>Compartir en Twitter<\/span><\/a><\/li><li class='av-share-link av-social-link-whatsapp' ><a target=\"_blank\" aria-label=\"Compartir en Whatsapp\" href='https:\/\/api.whatsapp.com\/send?text=https:\/\/radiorevelacionfm.cl\/?p=27991' aria-hidden='false' data-av_icon='\uf232' data-av_iconfont='entypo-fontello' title='' data-avia-related-tooltip='Compartir en Whatsapp' rel=\"noopener\"><span class='avia_hidden_link_text'>Compartir en Whatsapp<\/span><\/a><\/li><li class='av-share-link av-social-link-linkedin' ><a target=\"_blank\" aria-label=\"Compartir en LinkedIn\" href='https:\/\/linkedin.com\/shareArticle?mini=true&#038;title=Vecinos%20y%20autoridades%20valoran%20inauguraci%C3%B3n%20del%20Terminal%20Portuario%20de%20Pasajeros%20de%20Puerto%20Cisnes&#038;url=https:\/\/radiorevelacionfm.cl\/?p=27991' aria-hidden='false' data-av_icon='\ue8fc' data-av_iconfont='entypo-fontello' title='' data-avia-related-tooltip='Compartir en LinkedIn' rel=\"noopener\"><span class='avia_hidden_link_text'>Compartir en LinkedIn<\/span><\/a><\/li><li class='av-share-link av-social-link-mail' ><a  aria-label=\"Compartir por correo\" href='mailto:?subject=Vecinos%20y%20autoridades%20valoran%20inauguraci%C3%B3n%20del%20Terminal%20Portuario%20de%20Pasajeros%20de%20Puerto%20Cisnes&#038;body=https:\/\/radiorevelacionfm.cl\/?p=27991' aria-hidden='false' data-av_icon='\ue805' data-av_iconfont='entypo-fontello' title='' data-avia-related-tooltip='Compartir por correo'><span class='avia_hidden_link_text'>Compartir por correo<\/span><\/a><\/li><\/ul><\/div><\/div>\n<div  style='height:50px' class='hr hr-invisible   avia-builder-el-8  el_after_av_social_share  el_before_av_comments_list '><span class='hr-inner ' ><span class='hr-inner-style'><\/span><\/span><\/div>\n<div  class='av-buildercomment  av-blog-meta-html-info-disabled av-blog-meta-tag-disabled  '><\/div>\n","protected":false},"excerpt":{"rendered":"","protected":false},"author":1,"featured_media":27992,"comment_status":"open","ping_status":"open","sticky":false,"template":"","format":"standard","meta":{"footnotes":""},"categories":[38],"tags":[],"class_list":["post-27991","post","type-post","status-publish","format-standard","has-post-thumbnail","hentry","category-regional"],"jetpack_featured_media_url":"https:\/\/radiorevelacionfm.cl\/wp-content\/uploads\/2023\/02\/Terminal-Portuario-Cisnes0-1-1.jpg","_links":{"self":[{"href":"https:\/\/radiorevelacionfm.cl\/index.php?rest_route=\/wp\/v2\/posts\/27991","targetHints":{"allow":["GET"]}}],"collection":[{"href":"https:\/\/radiorevelacionfm.cl\/index.php?rest_route=\/wp\/v2\/posts"}],"about":[{"href":"https:\/\/radiorevelacionfm.cl\/index.php?rest_route=\/wp\/v2\/types\/post"}],"author":[{"embeddable":true,"href":"https:\/\/radiorevelacionfm.cl\/index.php?rest_route=\/wp\/v2\/users\/1"}],"replies":[{"embeddable":true,"href":"https:\/\/radiorevelacionfm.cl\/index.php?rest_route=%2Fwp%2Fv2%2Fcomments&post=27991"}],"version-history":[{"count":2,"href":"https:\/\/radiorevelacionfm.cl\/index.php?rest_route=\/wp\/v2\/posts\/27991\/revisions"}],"predecessor-version":[{"id":27995,"href":"https:\/\/radiorevelacionfm.cl\/index.php?rest_route=\/wp\/v2\/posts\/27991\/revisions\/27995"}],"wp:featuredmedia":[{"embeddable":true,"href":"https:\/\/radiorevelacionfm.cl\/index.php?rest_route=\/wp\/v2\/media\/27992"}],"wp:attachment":[{"href":"https:\/\/radiorevelacionfm.cl\/index.php?rest_route=%2Fwp%2Fv2%2Fmedia&parent=27991"}],"wp:term":[{"taxonomy":"category","embeddable":true,"href":"https:\/\/radiorevelacionfm.cl\/index.php?rest_route=%2Fwp%2Fv2%2Fcategories&post=27991"},{"taxonomy":"post_tag","embeddable":true,"href":"https:\/\/radiorevelacionfm.cl\/index.php?rest_route=%2Fwp%2Fv2%2Ftags&post=27991"}],"curies":[{"name":"wp","href":"https:\/\/api.w.org\/{rel}","templated":true}]}}