{"id":27983,"date":"2023-02-20T17:25:24","date_gmt":"2023-02-20T20:25:24","guid":{"rendered":"https:\/\/radiorevelacionfm.cl\/?p=27983"},"modified":"2023-02-20T17:25:24","modified_gmt":"2023-02-20T20:25:24","slug":"premian-en-coyhaique-y-cisnes-a-mas-de-80-personas-a-traves-de-programa-de-emprendimiento-indigena","status":"publish","type":"post","link":"https:\/\/radiorevelacionfm.cl\/?p=27983","title":{"rendered":"Premian en Coyhaique y Cisnes a m\u00e1s de 80 personas a trav\u00e9s de Programa de Emprendimiento Ind\u00edgena"},"content":{"rendered":"<div class=\"flex_column av_one_full  flex_column_div av-zero-column-padding first  avia-builder-el-0  el_before_av_one_full  avia-builder-el-first  \" style='border-radius:0px; '><div  class='avia-image-container  av-styling-    avia-builder-el-1  avia-builder-el-no-sibling  avia-align-center '  itemprop=\"image\" itemscope=\"itemscope\" itemtype=\"https:\/\/schema.org\/ImageObject\"  ><div class='avia-image-container-inner'><div class='avia-image-overlay-wrap'><img decoding=\"async\" class='wp-image-27984 avia-img-lazy-loading-not-27984 avia_image' src=\"https:\/\/radiorevelacionfm.cl\/wp-content\/uploads\/2023\/02\/cisnes-1-3-1_optimized.jpg\" alt='' title='cisnes-1-(3)-(1)_optimized' height=\"600\" width=\"932\"  itemprop=\"thumbnailUrl\" srcset=\"https:\/\/radiorevelacionfm.cl\/wp-content\/uploads\/2023\/02\/cisnes-1-3-1_optimized.jpg 932w, https:\/\/radiorevelacionfm.cl\/wp-content\/uploads\/2023\/02\/cisnes-1-3-1_optimized-300x193.jpg 300w, https:\/\/radiorevelacionfm.cl\/wp-content\/uploads\/2023\/02\/cisnes-1-3-1_optimized-768x494.jpg 768w, https:\/\/radiorevelacionfm.cl\/wp-content\/uploads\/2023\/02\/cisnes-1-3-1_optimized-705x454.jpg 705w, https:\/\/radiorevelacionfm.cl\/wp-content\/uploads\/2023\/02\/cisnes-1-3-1_optimized-600x386.jpg 600w\" sizes=\"(max-width: 932px) 100vw, 932px\" \/><\/div><\/div><\/div><\/div><div class=\"flex_column av_one_full  flex_column_div av-zero-column-padding first  avia-builder-el-2  el_after_av_one_full  el_before_av_one_full  column-top-margin\" style='border-radius:0px; '><section class=\"av_textblock_section \"  itemscope=\"itemscope\" itemtype=\"https:\/\/schema.org\/BlogPosting\" itemprop=\"blogPost\" ><div class='avia_textblock  '   itemprop=\"text\" ><p style=\"text-align: center;\"><span style=\"font-size: 18pt;\"><strong>Premian en Coyhaique y Cisnes a m\u00e1s de 80 personas a trav\u00e9s de Programa de Emprendimiento Ind\u00edgena<\/strong><\/span><\/p>\n<div id=\"gtx-trans\" style=\"position: absolute; left: -50px; top: 4.31534px;\">\n<div class=\"gtx-trans-icon\"><\/div>\n<\/div>\n<\/div><\/section><\/div><div class=\"flex_column av_one_full  flex_column_div av-zero-column-padding first  avia-builder-el-4  el_after_av_one_full  el_before_av_hr  column-top-margin\" style='border-radius:0px; '><section class=\"av_textblock_section \"  itemscope=\"itemscope\" itemtype=\"https:\/\/schema.org\/BlogPosting\" itemprop=\"blogPost\" ><div class='avia_textblock  '   itemprop=\"text\" ><p style=\"text-align: justify;\">Con encuentros zonales presenciales se desarrollaron en Coyhaique y Puerto Cisnes, adem\u00e1s de uno online, las capacitaciones para la adquisici\u00f3n, planes de negocios y otros insumos que le permitan implementar aquella idea productiva que postularon los m\u00e1s de 80 beneficiarios y beneficiarias del programa Emprendimiento Ind\u00edgena. Los recursos del Ministerio de Desarrollo Social y Familia ascendieron a m\u00e1s de $43 millones permitiendo en la Regi\u00f3n de Ays\u00e9n beneficiar con un monto m\u00e1ximo de $527 mil y sus respectivas ideas de negocios.<\/p>\n<p style=\"text-align: justify;\">Samuel Navarro Castro, quien particip\u00f3 de las ceremonias en su calidad de Delegado Presidencial (S), \u00a0explic\u00f3 que es relevante el realizar las actividades en distintos territorios, siendo una de las prioridades del Presidente Gabriel Boric estar en terreno atendiendo las necesidades de la gente. \u201cSabemos que la situaci\u00f3n econ\u00f3mica est\u00e1 dif\u00edcil, pero con estas medidas que hemos ido adoptando como el Bono Marzo, aumentar subsidios y bonificaci\u00f3n en remedios, m\u00e1s este tipo de apoyos con recursos y capacitaciones, donde pueden impulsar sus oficios y actividades, particularmente con los pueblos originarios respetando y fortaleciendo su cultura, es sumamente relevante para nosotros como gobierno\u201d.<\/p>\n<p style=\"text-align: justify;\">En esa misma l\u00ednea, Karina Acevedo Auad, SEREMI de Desarrollo Social y Familia, dijo que estas actividades han sido el puntapi\u00e9 inicial para un grupo de personas de los pueblos originarios no s\u00f3lo reciban estos recursos, sino herramientas pr\u00e1cticas y te\u00f3ricas que les permita llevar adelante su negocio. \u201cPara el Gobierno del Presidente Gabriel Boric es importante estar en el terreno, verificando que la oferta p\u00fablica se ajuste a las necesidades de la gente y nuestro territorio, la idea es acompa\u00f1ar en todo este proceso y de manera permanente a estas 82 familias\u201d.<\/p>\n<p style=\"text-align: justify;\">Por su parte, uno de los adjudicatarios de los recursos ministeriales que se canalizan a trav\u00e9s de la CONADI fue Luis Santana Calbuc\u00e1n, \u00a0reconocido artesano de la comuna que agradeci\u00f3 el apoyo a su emprendimiento porque significar\u00e1 que haga de mejor manera su trabsajo. \u00a0\u201cVoy a desarrollar la artesan\u00eda hasta cuando pueda, por eso es muy bueno este apoyo, yo necesitaba\u00a0 comprar una herramienta, una cepilladora de banco que permita dimensionar de mejor manera la madera y as\u00ed poder haciendo lo que hago que es artesan\u00eda domiciliaria adem\u00e1s de m\u00e1quinas de hilar y telares con la comunidad ind\u00edgena\u201d.\u00a0 \u00a0\u00a0<em>\u00a0<\/em><\/p>\n<p style=\"text-align: justify;\">Finalmente las autoridades recordaron que el programa de Emprendimiento Ind\u00edgena busca aumentar la capacidad de generar recursos econ\u00f3micos de personas ind\u00edgenas pertenecientes al Subsistema Seguridades y Oportunidades, a trav\u00e9s de la entrega de capacitaciones, financiamiento de proyectos y entrega de asesor\u00edas t\u00e9cnicas para desarrollar proyectos econ\u00f3micos y productivos que releven la identidad cultural de los pueblos ind\u00edgenas a trav\u00e9s de sus procesos de elaboraci\u00f3n con conocimientos ancestral, poniendo en valor y visibilizando la identidad cultural de los pueblos ind\u00edgenas.<\/p>\n<\/div><\/section><\/div><div  style='height:50px' class='hr hr-invisible   avia-builder-el-6  el_after_av_one_full  el_before_av_social_share '><span class='hr-inner ' ><span class='hr-inner-style'><\/span><\/span><\/div><\/p>\n<div  class='av-social-sharing-box  avia-builder-el-7  el_after_av_hr  el_before_av_hr  '><div class='av-share-box'><h5 class='av-share-link-description av-no-toc '>Compartir esta noticia<\/h5><ul class='av-share-box-list noLightbox'><li class='av-share-link av-social-link-facebook' ><a target=\"_blank\" aria-label=\"Compartir en Facebook\" href='https:\/\/www.facebook.com\/sharer.php?u=https:\/\/radiorevelacionfm.cl\/?p=27983&#038;t=Premian%20en%20Coyhaique%20y%20Cisnes%20a%20m%C3%A1s%20de%2080%20personas%20a%20trav%C3%A9s%20de%20Programa%20de%20Emprendimiento%20Ind%C3%ADgena' aria-hidden='false' data-av_icon='\ue8f3' data-av_iconfont='entypo-fontello' title='' data-avia-related-tooltip='Compartir en Facebook' rel=\"noopener\"><span class='avia_hidden_link_text'>Compartir en Facebook<\/span><\/a><\/li><li class='av-share-link av-social-link-twitter' ><a target=\"_blank\" aria-label=\"Compartir en Twitter\" href='https:\/\/twitter.com\/share?text=Premian%20en%20Coyhaique%20y%20Cisnes%20a%20m%C3%A1s%20de%2080%20personas%20a%20trav%C3%A9s%20de%20Programa%20de%20Emprendimiento%20Ind%C3%ADgena&#038;url=https:\/\/radiorevelacionfm.cl\/?p=27983' aria-hidden='false' data-av_icon='\ue8f1' data-av_iconfont='entypo-fontello' title='' data-avia-related-tooltip='Compartir en Twitter' rel=\"noopener\"><span class='avia_hidden_link_text'>Compartir en Twitter<\/span><\/a><\/li><li class='av-share-link av-social-link-whatsapp' ><a target=\"_blank\" aria-label=\"Compartir en Whatsapp\" href='https:\/\/api.whatsapp.com\/send?text=https:\/\/radiorevelacionfm.cl\/?p=27983' aria-hidden='false' data-av_icon='\uf232' data-av_iconfont='entypo-fontello' title='' data-avia-related-tooltip='Compartir en Whatsapp' rel=\"noopener\"><span class='avia_hidden_link_text'>Compartir en Whatsapp<\/span><\/a><\/li><li class='av-share-link av-social-link-linkedin' ><a target=\"_blank\" aria-label=\"Compartir en LinkedIn\" href='https:\/\/linkedin.com\/shareArticle?mini=true&#038;title=Premian%20en%20Coyhaique%20y%20Cisnes%20a%20m%C3%A1s%20de%2080%20personas%20a%20trav%C3%A9s%20de%20Programa%20de%20Emprendimiento%20Ind%C3%ADgena&#038;url=https:\/\/radiorevelacionfm.cl\/?p=27983' aria-hidden='false' data-av_icon='\ue8fc' data-av_iconfont='entypo-fontello' title='' data-avia-related-tooltip='Compartir en LinkedIn' rel=\"noopener\"><span class='avia_hidden_link_text'>Compartir en LinkedIn<\/span><\/a><\/li><li class='av-share-link av-social-link-mail' ><a  aria-label=\"Compartir por correo\" href='mailto:?subject=Premian%20en%20Coyhaique%20y%20Cisnes%20a%20m%C3%A1s%20de%2080%20personas%20a%20trav%C3%A9s%20de%20Programa%20de%20Emprendimiento%20Ind%C3%ADgena&#038;body=https:\/\/radiorevelacionfm.cl\/?p=27983' aria-hidden='false' data-av_icon='\ue805' data-av_iconfont='entypo-fontello' title='' data-avia-related-tooltip='Compartir por correo'><span class='avia_hidden_link_text'>Compartir por correo<\/span><\/a><\/li><\/ul><\/div><\/div>\n<div  style='height:50px' class='hr hr-invisible   avia-builder-el-8  el_after_av_social_share  el_before_av_comments_list '><span class='hr-inner ' ><span class='hr-inner-style'><\/span><\/span><\/div>\n<div  class='av-buildercomment  av-blog-meta-html-info-disabled av-blog-meta-tag-disabled  '><\/div>\n","protected":false},"excerpt":{"rendered":"","protected":false},"author":1,"featured_media":27984,"comment_status":"open","ping_status":"open","sticky":false,"template":"","format":"standard","meta":{"footnotes":""},"categories":[38],"tags":[],"class_list":["post-27983","post","type-post","status-publish","format-standard","has-post-thumbnail","hentry","category-regional"],"jetpack_featured_media_url":"https:\/\/radiorevelacionfm.cl\/wp-content\/uploads\/2023\/02\/cisnes-1-3-1_optimized.jpg","_links":{"self":[{"href":"https:\/\/radiorevelacionfm.cl\/index.php?rest_route=\/wp\/v2\/posts\/27983","targetHints":{"allow":["GET"]}}],"collection":[{"href":"https:\/\/radiorevelacionfm.cl\/index.php?rest_route=\/wp\/v2\/posts"}],"about":[{"href":"https:\/\/radiorevelacionfm.cl\/index.php?rest_route=\/wp\/v2\/types\/post"}],"author":[{"embeddable":true,"href":"https:\/\/radiorevelacionfm.cl\/index.php?rest_route=\/wp\/v2\/users\/1"}],"replies":[{"embeddable":true,"href":"https:\/\/radiorevelacionfm.cl\/index.php?rest_route=%2Fwp%2Fv2%2Fcomments&post=27983"}],"version-history":[{"count":2,"href":"https:\/\/radiorevelacionfm.cl\/index.php?rest_route=\/wp\/v2\/posts\/27983\/revisions"}],"predecessor-version":[{"id":27986,"href":"https:\/\/radiorevelacionfm.cl\/index.php?rest_route=\/wp\/v2\/posts\/27983\/revisions\/27986"}],"wp:featuredmedia":[{"embeddable":true,"href":"https:\/\/radiorevelacionfm.cl\/index.php?rest_route=\/wp\/v2\/media\/27984"}],"wp:attachment":[{"href":"https:\/\/radiorevelacionfm.cl\/index.php?rest_route=%2Fwp%2Fv2%2Fmedia&parent=27983"}],"wp:term":[{"taxonomy":"category","embeddable":true,"href":"https:\/\/radiorevelacionfm.cl\/index.php?rest_route=%2Fwp%2Fv2%2Fcategories&post=27983"},{"taxonomy":"post_tag","embeddable":true,"href":"https:\/\/radiorevelacionfm.cl\/index.php?rest_route=%2Fwp%2Fv2%2Ftags&post=27983"}],"curies":[{"name":"wp","href":"https:\/\/api.w.org\/{rel}","templated":true}]}}