{"id":27979,"date":"2023-02-20T15:20:30","date_gmt":"2023-02-20T18:20:30","guid":{"rendered":"https:\/\/radiorevelacionfm.cl\/?p=27979"},"modified":"2023-02-20T15:20:30","modified_gmt":"2023-02-20T18:20:30","slug":"soldados-de-la-region-de-aysen-brindan-apoyo-y-seguridad-a-damnificados-en-zona-del-nuble","status":"publish","type":"post","link":"https:\/\/radiorevelacionfm.cl\/?p=27979","title":{"rendered":"Soldados de la regi\u00f3n de Ays\u00e9n brindan apoyo y seguridad a damnificados en zona del \u00d1uble"},"content":{"rendered":"<div class=\"flex_column av_one_full  flex_column_div av-zero-column-padding first  avia-builder-el-0  el_before_av_one_full  avia-builder-el-first  \" style='border-radius:0px; '><div  class='avia-image-container  av-styling-    avia-builder-el-1  avia-builder-el-no-sibling  avia-align-center '  itemprop=\"image\" itemscope=\"itemscope\" itemtype=\"https:\/\/schema.org\/ImageObject\"  ><div class='avia-image-container-inner'><div class='avia-image-overlay-wrap'><img decoding=\"async\" class='wp-image-27980 avia-img-lazy-loading-not-27980 avia_image' src=\"https:\/\/radiorevelacionfm.cl\/wp-content\/uploads\/2023\/02\/whatsapp-image-2023-02-18-at-13_optimized.23.10-1.jpeg\" alt='' title='whatsapp-image-2023-02-18-at-13_optimized.23.10-(1)' height=\"600\" width=\"796\"  itemprop=\"thumbnailUrl\" srcset=\"https:\/\/radiorevelacionfm.cl\/wp-content\/uploads\/2023\/02\/whatsapp-image-2023-02-18-at-13_optimized.23.10-1.jpeg 796w, https:\/\/radiorevelacionfm.cl\/wp-content\/uploads\/2023\/02\/whatsapp-image-2023-02-18-at-13_optimized.23.10-1-300x226.jpeg 300w, https:\/\/radiorevelacionfm.cl\/wp-content\/uploads\/2023\/02\/whatsapp-image-2023-02-18-at-13_optimized.23.10-1-768x579.jpeg 768w, https:\/\/radiorevelacionfm.cl\/wp-content\/uploads\/2023\/02\/whatsapp-image-2023-02-18-at-13_optimized.23.10-1-705x531.jpeg 705w, https:\/\/radiorevelacionfm.cl\/wp-content\/uploads\/2023\/02\/whatsapp-image-2023-02-18-at-13_optimized.23.10-1-600x452.jpeg 600w\" sizes=\"(max-width: 796px) 100vw, 796px\" \/><\/div><\/div><\/div><\/div><div class=\"flex_column av_one_full  flex_column_div av-zero-column-padding first  avia-builder-el-2  el_after_av_one_full  el_before_av_one_full  column-top-margin\" style='border-radius:0px; '><section class=\"av_textblock_section \"  itemscope=\"itemscope\" itemtype=\"https:\/\/schema.org\/BlogPosting\" itemprop=\"blogPost\" ><div class='avia_textblock  '   itemprop=\"text\" ><p style=\"text-align: center;\"><strong><span style=\"font-size: 18pt;\">Soldados de la regi\u00f3n de Ays\u00e9n brindan apoyo y seguridad a damnificados en zona del \u00d1uble<\/span><\/strong><\/p>\n<div id=\"gtx-trans\" style=\"position: absolute; left: -50px; top: 4.31534px;\">\n<div class=\"gtx-trans-icon\"><\/div>\n<\/div>\n<\/div><\/section><\/div><div class=\"flex_column av_one_full  flex_column_div av-zero-column-padding first  avia-builder-el-4  el_after_av_one_full  el_before_av_hr  column-top-margin\" style='border-radius:0px; '><section class=\"av_textblock_section \"  itemscope=\"itemscope\" itemtype=\"https:\/\/schema.org\/BlogPosting\" itemprop=\"blogPost\" ><div class='avia_textblock  '   itemprop=\"text\" ><p style=\"text-align: justify;\">Un intenso despliegue humano como t\u00e9cnico est\u00e1 realizando el Ej\u00e9rcito de Chile en apoyo a\u00a0 la situaci\u00f3n cr\u00edtica que viven los habitantes de las regiones del \u00d1uble, Biob\u00edo y la Araucan\u00eda, a causa de los incendios forestales. Es as\u00ed como, efectivos del Destacamento Motorizado N\u00b014 \u201cAys\u00e9n\u201d y del Regimiento N\u00b08 \u201cChilo\u00e9\u201d\u00a0 de la IV Divisi\u00f3n de Ej\u00e9rcito, se encuentran brindando apoyo\u00a0 y seguridad a\u00a0 la comunidad de la Regi\u00f3n del \u00d1uble.<\/p>\n<p style=\"text-align: justify;\">El Capit\u00e1n Oscar Boisier G\u00f3mez, del Destacamento Motorizado N\u00b014 \u201cAys\u00e9n\u201d, se\u00f1ala \u201cEstamos desplegados en la Regi\u00f3n del \u00d1uble, espec\u00edficamente en la provincia del Itata, somos 77 efectivos que provenimos de la Regi\u00f3n de Ays\u00e9n, y nos encontramos brindando apoyo\u00a0 a la comunidad en el armado y entrega de cajas de alimentos a las personas damnificadas, realizando patrullaje preventivo diurno y nocturno, para brindar seguridad y garantizar el cumplimiento del toque de queda, as\u00ed como tambi\u00e9n, evacuaci\u00f3n y traslado de las personas a los albergues. Adem\u00e1s, junto a 2 Brigadas de Refuerzos de Incendios Forestales del Ej\u00e9rcito (BRIFEs) del Regimiento de Infanter\u00eda N\u00b01 Bu\u00edn y del Destacamento de Monta\u00f1a N\u00b03 \u201cYungay\u201d, apoyamos a bomberos y brigadistas de CONAF en el combate de los incendios, realizando labores de cortafuegos.<\/p>\n<p style=\"text-align: justify;\">Finalmente, cabe destacar, la vocaci\u00f3n de servicio y el trabajo no s\u00f3lo del personal de planta sino de los soldados conscriptos, j\u00f3venes quienes se encuentran apoyando a las personas las 24 horas del d\u00eda, trabajando arduamente, poniendo todas sus capacidades\u00a0 al servicio de la Patria.<\/p>\n<\/div><\/section><\/div><div  style='height:50px' class='hr hr-invisible   avia-builder-el-6  el_after_av_one_full  el_before_av_social_share '><span class='hr-inner ' ><span class='hr-inner-style'><\/span><\/span><\/div><\/p>\n<div  class='av-social-sharing-box  avia-builder-el-7  el_after_av_hr  el_before_av_hr  '><div class='av-share-box'><h5 class='av-share-link-description av-no-toc '>Compartir esta noticia<\/h5><ul class='av-share-box-list noLightbox'><li class='av-share-link av-social-link-facebook' ><a target=\"_blank\" aria-label=\"Compartir en Facebook\" href='https:\/\/www.facebook.com\/sharer.php?u=https:\/\/radiorevelacionfm.cl\/?p=27979&#038;t=Soldados%20de%20la%20regi%C3%B3n%20de%20Ays%C3%A9n%20brindan%20apoyo%20y%20seguridad%20a%20damnificados%20en%20zona%20del%20%C3%91uble' aria-hidden='false' data-av_icon='\ue8f3' data-av_iconfont='entypo-fontello' title='' data-avia-related-tooltip='Compartir en Facebook' rel=\"noopener\"><span class='avia_hidden_link_text'>Compartir en Facebook<\/span><\/a><\/li><li class='av-share-link av-social-link-twitter' ><a target=\"_blank\" aria-label=\"Compartir en Twitter\" href='https:\/\/twitter.com\/share?text=Soldados%20de%20la%20regi%C3%B3n%20de%20Ays%C3%A9n%20brindan%20apoyo%20y%20seguridad%20a%20damnificados%20en%20zona%20del%20%C3%91uble&#038;url=https:\/\/radiorevelacionfm.cl\/?p=27979' aria-hidden='false' data-av_icon='\ue8f1' data-av_iconfont='entypo-fontello' title='' data-avia-related-tooltip='Compartir en Twitter' rel=\"noopener\"><span class='avia_hidden_link_text'>Compartir en Twitter<\/span><\/a><\/li><li class='av-share-link av-social-link-whatsapp' ><a target=\"_blank\" aria-label=\"Compartir en Whatsapp\" href='https:\/\/api.whatsapp.com\/send?text=https:\/\/radiorevelacionfm.cl\/?p=27979' aria-hidden='false' data-av_icon='\uf232' data-av_iconfont='entypo-fontello' title='' data-avia-related-tooltip='Compartir en Whatsapp' rel=\"noopener\"><span class='avia_hidden_link_text'>Compartir en Whatsapp<\/span><\/a><\/li><li class='av-share-link av-social-link-linkedin' ><a target=\"_blank\" aria-label=\"Compartir en LinkedIn\" href='https:\/\/linkedin.com\/shareArticle?mini=true&#038;title=Soldados%20de%20la%20regi%C3%B3n%20de%20Ays%C3%A9n%20brindan%20apoyo%20y%20seguridad%20a%20damnificados%20en%20zona%20del%20%C3%91uble&#038;url=https:\/\/radiorevelacionfm.cl\/?p=27979' aria-hidden='false' data-av_icon='\ue8fc' data-av_iconfont='entypo-fontello' title='' data-avia-related-tooltip='Compartir en LinkedIn' rel=\"noopener\"><span class='avia_hidden_link_text'>Compartir en LinkedIn<\/span><\/a><\/li><li class='av-share-link av-social-link-mail' ><a  aria-label=\"Compartir por correo\" href='mailto:?subject=Soldados%20de%20la%20regi%C3%B3n%20de%20Ays%C3%A9n%20brindan%20apoyo%20y%20seguridad%20a%20damnificados%20en%20zona%20del%20%C3%91uble&#038;body=https:\/\/radiorevelacionfm.cl\/?p=27979' aria-hidden='false' data-av_icon='\ue805' data-av_iconfont='entypo-fontello' title='' data-avia-related-tooltip='Compartir por correo'><span class='avia_hidden_link_text'>Compartir por correo<\/span><\/a><\/li><\/ul><\/div><\/div>\n<div  style='height:50px' class='hr hr-invisible   avia-builder-el-8  el_after_av_social_share  el_before_av_comments_list '><span class='hr-inner ' ><span class='hr-inner-style'><\/span><\/span><\/div>\n<div  class='av-buildercomment  av-blog-meta-html-info-disabled av-blog-meta-tag-disabled  '><\/div>\n","protected":false},"excerpt":{"rendered":"","protected":false},"author":1,"featured_media":27980,"comment_status":"open","ping_status":"open","sticky":false,"template":"","format":"standard","meta":{"footnotes":""},"categories":[38],"tags":[],"class_list":["post-27979","post","type-post","status-publish","format-standard","has-post-thumbnail","hentry","category-regional"],"jetpack_featured_media_url":"https:\/\/radiorevelacionfm.cl\/wp-content\/uploads\/2023\/02\/whatsapp-image-2023-02-18-at-13_optimized.23.10-1.jpeg","_links":{"self":[{"href":"https:\/\/radiorevelacionfm.cl\/index.php?rest_route=\/wp\/v2\/posts\/27979","targetHints":{"allow":["GET"]}}],"collection":[{"href":"https:\/\/radiorevelacionfm.cl\/index.php?rest_route=\/wp\/v2\/posts"}],"about":[{"href":"https:\/\/radiorevelacionfm.cl\/index.php?rest_route=\/wp\/v2\/types\/post"}],"author":[{"embeddable":true,"href":"https:\/\/radiorevelacionfm.cl\/index.php?rest_route=\/wp\/v2\/users\/1"}],"replies":[{"embeddable":true,"href":"https:\/\/radiorevelacionfm.cl\/index.php?rest_route=%2Fwp%2Fv2%2Fcomments&post=27979"}],"version-history":[{"count":2,"href":"https:\/\/radiorevelacionfm.cl\/index.php?rest_route=\/wp\/v2\/posts\/27979\/revisions"}],"predecessor-version":[{"id":27982,"href":"https:\/\/radiorevelacionfm.cl\/index.php?rest_route=\/wp\/v2\/posts\/27979\/revisions\/27982"}],"wp:featuredmedia":[{"embeddable":true,"href":"https:\/\/radiorevelacionfm.cl\/index.php?rest_route=\/wp\/v2\/media\/27980"}],"wp:attachment":[{"href":"https:\/\/radiorevelacionfm.cl\/index.php?rest_route=%2Fwp%2Fv2%2Fmedia&parent=27979"}],"wp:term":[{"taxonomy":"category","embeddable":true,"href":"https:\/\/radiorevelacionfm.cl\/index.php?rest_route=%2Fwp%2Fv2%2Fcategories&post=27979"},{"taxonomy":"post_tag","embeddable":true,"href":"https:\/\/radiorevelacionfm.cl\/index.php?rest_route=%2Fwp%2Fv2%2Ftags&post=27979"}],"curies":[{"name":"wp","href":"https:\/\/api.w.org\/{rel}","templated":true}]}}