{"id":2796,"date":"2021-02-19T13:35:06","date_gmt":"2021-02-19T16:35:06","guid":{"rendered":"https:\/\/radiorevelacionfm.cl\/?p=2796"},"modified":"2021-02-19T13:35:06","modified_gmt":"2021-02-19T16:35:06","slug":"trabajadores-de-fundacion-integra-se-suman-al-proceso-de-vacunacion-contra-el-covid-19","status":"publish","type":"post","link":"https:\/\/radiorevelacionfm.cl\/?p=2796","title":{"rendered":"Trabajadores de Fundaci\u00f3n Integra se suman al proceso de vacunaci\u00f3n contra el COVID-19"},"content":{"rendered":"<div class=\"flex_column av_one_full  flex_column_div av-zero-column-padding first  avia-builder-el-0  el_before_av_one_full  avia-builder-el-first  \" style='border-radius:0px; '><div  class='avia-image-container  av-styling-    avia-builder-el-1  avia-builder-el-no-sibling  avia-align-center '  itemprop=\"image\" itemscope=\"itemscope\" itemtype=\"https:\/\/schema.org\/ImageObject\"  ><div class='avia-image-container-inner'><div class='avia-image-overlay-wrap'><img decoding=\"async\" class='wp-image-0 avia-img-lazy-loading-not-0 avia_image' src=\"https:\/\/radiorevelacionfm.cl\/wp-content\/uploads\/2021\/02\/IMG_20210217_120051_020.jpg\" alt='' title=''   itemprop=\"thumbnailUrl\"  \/><\/div><\/div><\/div><\/div><div class=\"flex_column av_one_full  flex_column_div av-zero-column-padding first  avia-builder-el-2  el_after_av_one_full  el_before_av_one_full  column-top-margin\" style='border-radius:0px; '><section class=\"av_textblock_section \"  itemscope=\"itemscope\" itemtype=\"https:\/\/schema.org\/BlogPosting\" itemprop=\"blogPost\" ><div class='avia_textblock  '   itemprop=\"text\" ><p style=\"text-align: center;\"><strong><span style=\"font-size: 18pt;\">Trabajadores de Fundaci\u00f3n Integra se suman al proceso de vacunaci\u00f3n contra el COVID-19<\/span><\/strong><\/p>\n<div id=\"gtx-trans\" style=\"position: absolute; left: -50px; top: 4.31534px;\">\n<div class=\"gtx-trans-icon\"><\/div>\n<\/div>\n<\/div><\/section><\/div><div class=\"flex_column av_one_full  flex_column_div av-zero-column-padding first  avia-builder-el-4  el_after_av_one_full  el_before_av_hr  column-top-margin\" style='border-radius:0px; '><section class=\"av_textblock_section \"  itemscope=\"itemscope\" itemtype=\"https:\/\/schema.org\/BlogPosting\" itemprop=\"blogPost\" ><div class='avia_textblock  '   itemprop=\"text\" ><p style=\"font-weight: 400; text-align: justify;\"><em>Este proceso de vacunaci\u00f3n a los trabajadores de la educaci\u00f3n es un paso\u00a0<\/em><em>fundamental para que se pueda entregar a las familias y las comunidades educativas las condiciones para dar inicio al a\u00f1o escolar.<\/em><\/p>\n<p style=\"font-weight: 400; text-align: justify;\">Luego de ser anunciado por el presidente Sebasti\u00e1n Pi\u00f1era que el proceso de vacunaci\u00f3n contra el COVID \u2013 19 ser\u00eda extensivo para quienes se desempe\u00f1an en el \u00e1rea de la educaci\u00f3n -como poblaci\u00f3n priorizada por el Gobierno- es que los trabajadores de Fundaci\u00f3n Integra en la regi\u00f3n de Ays\u00e9n se sumaron a este proceso, y que es fundamental para entregar tranquilidad a las comunidades educativas con miras reiniciar el a\u00f1o escolar de forma segura.<\/p>\n<p style=\"font-weight: 400; text-align: justify;\">Como ha se\u00f1alado el Ministerio de Educaci\u00f3n quienes trabajan en establecimientos educacionales -profesores, educadoras de p\u00e1rvulo, asistentes de la educaci\u00f3n, manipuladoras de alimentos y administrativos- ejercen una labor fundamental en el pa\u00eds y es en ese contexto que los equipos de los jardines infantiles y Oficina Regional se sumaron a este importante proceso.<\/p>\n<p style=\"font-weight: 400; text-align: justify;\">Es en este contexto que la directora regional de Fundaci\u00f3n Integra, Isabel Roncallo Fandi\u00f1o destac\u00f3 que \u201cpara nosotros es muy importante este proceso de vacunaci\u00f3n ya que nos permite entregar seguridad a nuestros equipos educativos, familias y comunidad con miras a una pr\u00f3xima reapertura de nuestros jardines infantiles\u201d.<\/p>\n<p style=\"font-weight: 400; text-align: justify;\">Dentro de las acciones desarrolladas por parte de la Fundaci\u00f3n destacan las coordinaciones con la Seremi de Salud para poder llevar a cabo este proceso de manera ordenada y sin aglomeraciones en los distintos puntos de vacunaci\u00f3n.<\/p>\n<p style=\"font-weight: 400; text-align: justify;\">Cecilia Alvarado, directora del Jard\u00edn Infantil y Sala Cuna \u201cLos Pioneros\u201d de Cochrane explica que \u201cel proceso de vacunaci\u00f3n se ha dado de manera muy fluida y en coordinaci\u00f3n con el Hospital de Cochrane y con Oficina Regional, lo que nos permite coordinarnos como equipo educativo y poder realizar la vacunaci\u00f3n de manera segura y poder estar protegidos\u201d.<\/p>\n<p style=\"font-weight: 400; text-align: justify;\">Es importante se\u00f1alar que para poder desarrollar este proceso todos los vacunados debieron acreditar su calidad de trabajador de la instituci\u00f3n, presentando su contrato de trabajo o un documento similar.<\/p>\n<p style=\"font-weight: 400; text-align: justify;\">Alejandra Grand\u00f3n, funcionaria de Oficina Regional de Fundaci\u00f3n Integra destaca que este \u201cfue un proceso s\u00faper tranquilo, sin ninguna molestia posterior tras el periodo de observaci\u00f3n\u201d. Del mismo modo destac\u00f3 que esto lo realiza \u201cpara proteger a su familia y su entorno familiar, que es la gente que uno m\u00e1s quiere, as\u00ed que es importante poder aprovechar esta oportunidad. Lo ideal es que todos estemos protegidos y que podamos retomar nuestra rutina lo antes posible\u201d.<\/p>\n<p style=\"font-weight: 400; text-align: justify;\">A la vez, la directora regional de Fundaci\u00f3n Integra recalc\u00f3 que \u201ctenemos que seguir con las mismas precauciones. Mantener la distancia f\u00edsica, usar la mascarilla y lavado de manos con frecuencia. Nuestros jardines infantiles y salas cuna est\u00e1n preparados para recibir a nuestros funcionarios y ni\u00f1os, con las medidas e insumos necesarios para este proceso\u201d.<\/p>\n<p style=\"font-weight: 400; text-align: justify;\">Finalmente, cabe destacar que este proceso de vacunaci\u00f3n a los trabajadores de la educaci\u00f3n es un paso fundamental para que, junto a los protocolos y planes de funcionamiento que ha desarrollado la instituci\u00f3n, se pueda entregar a las familias y las comunidades educativas las condiciones para dar inicio al a\u00f1o escolar.<\/p>\n<\/div><\/section><\/div><div  style='height:50px' class='hr hr-invisible   avia-builder-el-6  el_after_av_one_full  el_before_av_social_share '><span class='hr-inner ' ><span class='hr-inner-style'><\/span><\/span><\/div><\/p>\n<div  class='av-social-sharing-box  avia-builder-el-7  el_after_av_hr  el_before_av_hr  '><div class='av-share-box'><h5 class='av-share-link-description av-no-toc '>Compartir esta noticia<\/h5><ul class='av-share-box-list noLightbox'><li class='av-share-link av-social-link-facebook' ><a target=\"_blank\" aria-label=\"Compartir en Facebook\" href='https:\/\/www.facebook.com\/sharer.php?u=https:\/\/radiorevelacionfm.cl\/?p=2796&#038;t=Trabajadores%20de%20Fundaci%C3%B3n%20Integra%20se%20suman%20al%20proceso%20de%20vacunaci%C3%B3n%20contra%20el%20COVID-19' aria-hidden='false' data-av_icon='\ue8f3' data-av_iconfont='entypo-fontello' title='' data-avia-related-tooltip='Compartir en Facebook' rel=\"noopener\"><span class='avia_hidden_link_text'>Compartir en Facebook<\/span><\/a><\/li><li class='av-share-link av-social-link-twitter' ><a target=\"_blank\" aria-label=\"Compartir en Twitter\" href='https:\/\/twitter.com\/share?text=Trabajadores%20de%20Fundaci%C3%B3n%20Integra%20se%20suman%20al%20proceso%20de%20vacunaci%C3%B3n%20contra%20el%20COVID-19&#038;url=https:\/\/radiorevelacionfm.cl\/?p=2796' aria-hidden='false' data-av_icon='\ue8f1' data-av_iconfont='entypo-fontello' title='' data-avia-related-tooltip='Compartir en Twitter' rel=\"noopener\"><span class='avia_hidden_link_text'>Compartir en Twitter<\/span><\/a><\/li><li class='av-share-link av-social-link-whatsapp' ><a target=\"_blank\" aria-label=\"Compartir en Whatsapp\" href='https:\/\/api.whatsapp.com\/send?text=https:\/\/radiorevelacionfm.cl\/?p=2796' aria-hidden='false' data-av_icon='\uf232' data-av_iconfont='entypo-fontello' title='' data-avia-related-tooltip='Compartir en Whatsapp' rel=\"noopener\"><span class='avia_hidden_link_text'>Compartir en Whatsapp<\/span><\/a><\/li><li class='av-share-link av-social-link-linkedin' ><a target=\"_blank\" aria-label=\"Compartir en LinkedIn\" href='https:\/\/linkedin.com\/shareArticle?mini=true&#038;title=Trabajadores%20de%20Fundaci%C3%B3n%20Integra%20se%20suman%20al%20proceso%20de%20vacunaci%C3%B3n%20contra%20el%20COVID-19&#038;url=https:\/\/radiorevelacionfm.cl\/?p=2796' aria-hidden='false' data-av_icon='\ue8fc' data-av_iconfont='entypo-fontello' title='' data-avia-related-tooltip='Compartir en LinkedIn' rel=\"noopener\"><span class='avia_hidden_link_text'>Compartir en LinkedIn<\/span><\/a><\/li><li class='av-share-link av-social-link-mail' ><a  aria-label=\"Compartir por correo\" href='mailto:?subject=Trabajadores%20de%20Fundaci%C3%B3n%20Integra%20se%20suman%20al%20proceso%20de%20vacunaci%C3%B3n%20contra%20el%20COVID-19&#038;body=https:\/\/radiorevelacionfm.cl\/?p=2796' aria-hidden='false' data-av_icon='\ue805' data-av_iconfont='entypo-fontello' title='' data-avia-related-tooltip='Compartir por correo'><span class='avia_hidden_link_text'>Compartir por correo<\/span><\/a><\/li><\/ul><\/div><\/div>\n<div  style='height:50px' class='hr hr-invisible   avia-builder-el-8  el_after_av_social_share  el_before_av_comments_list '><span class='hr-inner ' ><span class='hr-inner-style'><\/span><\/span><\/div>\n<div  class='av-buildercomment  av-blog-meta-html-info-disabled av-blog-meta-tag-disabled  '><\/div>\n","protected":false},"excerpt":{"rendered":"","protected":false},"author":1,"featured_media":0,"comment_status":"open","ping_status":"open","sticky":false,"template":"","format":"standard","meta":{"footnotes":""},"categories":[49],"tags":[],"class_list":["post-2796","post","type-post","status-publish","format-standard","hentry","category-educacion"],"jetpack_featured_media_url":"","_links":{"self":[{"href":"https:\/\/radiorevelacionfm.cl\/index.php?rest_route=\/wp\/v2\/posts\/2796","targetHints":{"allow":["GET"]}}],"collection":[{"href":"https:\/\/radiorevelacionfm.cl\/index.php?rest_route=\/wp\/v2\/posts"}],"about":[{"href":"https:\/\/radiorevelacionfm.cl\/index.php?rest_route=\/wp\/v2\/types\/post"}],"author":[{"embeddable":true,"href":"https:\/\/radiorevelacionfm.cl\/index.php?rest_route=\/wp\/v2\/users\/1"}],"replies":[{"embeddable":true,"href":"https:\/\/radiorevelacionfm.cl\/index.php?rest_route=%2Fwp%2Fv2%2Fcomments&post=2796"}],"version-history":[{"count":1,"href":"https:\/\/radiorevelacionfm.cl\/index.php?rest_route=\/wp\/v2\/posts\/2796\/revisions"}],"predecessor-version":[{"id":2798,"href":"https:\/\/radiorevelacionfm.cl\/index.php?rest_route=\/wp\/v2\/posts\/2796\/revisions\/2798"}],"wp:attachment":[{"href":"https:\/\/radiorevelacionfm.cl\/index.php?rest_route=%2Fwp%2Fv2%2Fmedia&parent=2796"}],"wp:term":[{"taxonomy":"category","embeddable":true,"href":"https:\/\/radiorevelacionfm.cl\/index.php?rest_route=%2Fwp%2Fv2%2Fcategories&post=2796"},{"taxonomy":"post_tag","embeddable":true,"href":"https:\/\/radiorevelacionfm.cl\/index.php?rest_route=%2Fwp%2Fv2%2Ftags&post=2796"}],"curies":[{"name":"wp","href":"https:\/\/api.w.org\/{rel}","templated":true}]}}