{"id":27951,"date":"2023-02-17T16:56:43","date_gmt":"2023-02-17T19:56:43","guid":{"rendered":"https:\/\/radiorevelacionfm.cl\/?p=27951"},"modified":"2023-02-17T16:56:43","modified_gmt":"2023-02-17T19:56:43","slug":"ante-aumento-de-casos-de-suicidio-en-puerto-aysen-realizan-mesa-de-salud-mental","status":"publish","type":"post","link":"https:\/\/radiorevelacionfm.cl\/?p=27951","title":{"rendered":"Ante aumento de casos de suicidio en Puerto Ays\u00e9n realizan Mesa de Salud Mental"},"content":{"rendered":"<div class=\"flex_column av_one_full  flex_column_div av-zero-column-padding first  avia-builder-el-0  el_before_av_one_full  avia-builder-el-first  \" style='border-radius:0px; '><div  class='avia-image-container  av-styling-    avia-builder-el-1  avia-builder-el-no-sibling  avia-align-center '  itemprop=\"image\" itemscope=\"itemscope\" itemtype=\"https:\/\/schema.org\/ImageObject\"  ><div class='avia-image-container-inner'><div class='avia-image-overlay-wrap'><img decoding=\"async\" class='wp-image-27952 avia-img-lazy-loading-not-27952 avia_image' src=\"https:\/\/radiorevelacionfm.cl\/wp-content\/uploads\/2023\/02\/mesa-salud-mental2-1-1.jpg\" alt='' title='mesa salud mental2 (1) (1)' height=\"600\" width=\"800\"  itemprop=\"thumbnailUrl\" srcset=\"https:\/\/radiorevelacionfm.cl\/wp-content\/uploads\/2023\/02\/mesa-salud-mental2-1-1.jpg 800w, https:\/\/radiorevelacionfm.cl\/wp-content\/uploads\/2023\/02\/mesa-salud-mental2-1-1-300x225.jpg 300w, https:\/\/radiorevelacionfm.cl\/wp-content\/uploads\/2023\/02\/mesa-salud-mental2-1-1-768x576.jpg 768w, https:\/\/radiorevelacionfm.cl\/wp-content\/uploads\/2023\/02\/mesa-salud-mental2-1-1-705x529.jpg 705w, https:\/\/radiorevelacionfm.cl\/wp-content\/uploads\/2023\/02\/mesa-salud-mental2-1-1-600x450.jpg 600w\" sizes=\"(max-width: 800px) 100vw, 800px\" \/><\/div><\/div><\/div><\/div><div class=\"flex_column av_one_full  flex_column_div av-zero-column-padding first  avia-builder-el-2  el_after_av_one_full  el_before_av_one_full  column-top-margin\" style='border-radius:0px; '><section class=\"av_textblock_section \"  itemscope=\"itemscope\" itemtype=\"https:\/\/schema.org\/BlogPosting\" itemprop=\"blogPost\" ><div class='avia_textblock  '   itemprop=\"text\" ><p style=\"text-align: center;\"><strong><span style=\"font-size: 18pt;\">Ante aumento de casos de suicidio en Puerto Ays\u00e9n realizan Mesa de Salud Mental<\/span><\/strong><\/p>\n<div id=\"gtx-trans\" style=\"position: absolute; left: -50px; top: 4.31534px;\">\n<div class=\"gtx-trans-icon\"><\/div>\n<\/div>\n<\/div><\/section><\/div><div class=\"flex_column av_one_full  flex_column_div av-zero-column-padding first  avia-builder-el-4  el_after_av_one_full  el_before_av_hr  column-top-margin\" style='border-radius:0px; '><section class=\"av_textblock_section \"  itemscope=\"itemscope\" itemtype=\"https:\/\/schema.org\/BlogPosting\" itemprop=\"blogPost\" ><div class='avia_textblock  '   itemprop=\"text\" ><p style=\"text-align: justify;\"><strong><em>Existe una l\u00ednea directa para atender emergencias o crisis de salud mental: el Fono 4141 \u201cNo est\u00e1s solo, no est\u00e1s sola\u201d para la prevenci\u00f3n del suicidio.<\/em><\/strong><\/p>\n<p style=\"text-align: justify;\">De acuerdo a datos de la Organizaci\u00f3n Panamericana de la Salud (OPS), anualmente a nivel continental ocurren alrededor de 65.000 suicidios, una realidad donde nuestra regi\u00f3n no se encuentra ajena. Es por ello, que el Gobierno del Presidente Gabriel Boric le ha dado prioridad a este tema, a trav\u00e9s de su cuenta de Twitter, el Presidente escribi\u00f3: \u201cPara nuestro gobierno, la salud mental importa\u201d. Es as\u00ed como se ha formado la Mesa de Salud Mental, en Puerto Ays\u00e9n, coordinada por la Delegaci\u00f3n Provincial de Ays\u00e9n y en la que intervienen Seremis y servicios p\u00fablicos de varios sectores como: Educaci\u00f3n, Salud, Cultura, Carabineros, Seremi de la Mujer, Municipalidad de Ays\u00e9n, Seremi de Gobierno, Injuv, entre otros organismos.<\/p>\n<p style=\"text-align: justify;\">Hans Zimmermann, Delegado (S) Provincial Presidencial de Ays\u00e9n, explic\u00f3 el sentido de esta instancia: \u201cEl d\u00eda de hoy realizamos la primera reuni\u00f3n de la Mesa de Trabajo de Salud Mental intersectorial, la cual agrup\u00f3 a distintos sectores, que est\u00e1n involucrados en el tema de la salud, pero adem\u00e1s con educaci\u00f3n, cultura, mujer e infancia, entre otros. El objetivo de esta reuni\u00f3n era poder abordar esta tem\u00e1tica en forma integral, m\u00e1s all\u00e1 de lo que estrictamente le compete al sector salud, ya que hoy hemos visto que los casos de suicidio, particularmente en la comuna de Ays\u00e9n, han ido en aumento en un rango et\u00e1reo que corresponde a j\u00f3venes y esto implica que nosotros desde el Estado, desde el Gobierno, debemos priorizar la salud mental y articularnos para dar una respuesta adecuada ante las necesidades de nuestra comunidad para evitar que estos hechos se repitan interviniendo oportunamente\u201d.<\/p>\n<p style=\"text-align: justify;\">Una de las ideas se\u00f1aladas en la Mesa de Trabajo de Salud Mental, es posicionar la prevenci\u00f3n del suicidio como posible y permanente, sensibilizando que la prevenci\u00f3n es una responsabilidad de todos como sociedad, conversando el tema en el hogar en los colegios, en el trabajo y en los distintos espacios sociales.<\/p>\n<p style=\"text-align: justify;\">Carmen Monsalve, Seremi de Salud Ays\u00e9n,\u00a0 enfatiz\u00f3: \u201cPara nuestro Presidente, que lo defini\u00f3 de esa manera, es una obligaci\u00f3n del Estado acompa\u00f1ar a las personas para que nunca m\u00e1s est\u00e9n solos frente a sus problemas de salud mental y eso lo debemos hacer nosotros, quienes somos parte de este Gobierno y por el compromiso que tenemos con el Presidente. As\u00ed que hoy d\u00eda que el Delegado(S) Presidencial Provincial est\u00e9 liderando esta instancia en la que se busca articular las respuestas del intersector para poder ir en beneficio y ayuda de las personas que habitan nuestro territorio es la forma en la que podemos avanzar de manera concreta e integral. As\u00ed que esperamos concretar durante la pr\u00f3xima semana un plan que incorpore acciones que tengan un enfoque que proteja el bienestar de todos los habitantes de la regi\u00f3n\u201d.<\/p>\n<p style=\"text-align: justify;\">Por su parte, Tatiana Pl\u00e1, Seremi de Gobierno, destac\u00f3 esta instancia de participaci\u00f3n de todos los sectores: \u201cEl tema de salud mental es una prioridad para nuestro Gobierno, el Presidente Gabriel Boric nos encomend\u00f3 abordar esta tem\u00e1tica desde todas las aristas y eso es lo que estamos haciendo en esta Mesa de Trabajo intersectorial. Uno de nuestros objetivos como Gobierno en esta materia es que los problemas asociados a la salud mental dejen de ocultarse y verse como un tab\u00fa, porque muchas veces las personas que los sufren son estigmatizadas por eso y enfrentan diferentes formas de prejuicio y discriminaci\u00f3n, llegando incluso a retrasar la b\u00fasqueda de ayuda.\u201d<\/p>\n<p style=\"text-align: justify;\">Cabe destacar, que algunas de las se\u00f1ales en las que se debe estar atento e intervenir son situaciones tales como \u201cconversaciones con contenido de muerte\u201d (estoy cansado de la vida\u2026quisiera desaparecer\u2026.quisiera dormir y no despertar etc.), cambios en el \u00e1nimo, aislamiento, en suma cambios de conductas en general. En caso de emergencia o evidencia de que alguna persona tiene la intenci\u00f3n de quitarse la vida, existe una l\u00ednea directa para atender emergencias o crisis de salud mental: el Fono 4141 \u201cNo est\u00e1s solo, no est\u00e1s sola\u201d para la prevenci\u00f3n del suicidio.<\/p>\n<p style=\"text-align: justify;\">Yoal D\u00edaz Seremi (S) de Educaci\u00f3n, indic\u00f3: \u201cHoy pudimos participar de la Mesa intersectorial conformada y coordinada por la Delegaci\u00f3n Presidencial Provincial de Ays\u00e9n, referente al tema de suicidio adolescente, situaci\u00f3n que lamentablemente se ha visto manifiesta durante la semana con el caso del adolescente de Puerto Ays\u00e9n. El proceso fue muy fruct\u00edfero, tenemos una tremenda oportunidad para poder desarrollar un trabajo articulado donde todos pongamos a disposici\u00f3n nuestras capacidades t\u00e9cnicas y humanas para que este proceso sea tomado con la urgencia que requiere, trabajar desde las comunidades y desde el Gobierno, por mandato del Presidente Gabriel Boric, la salud mental es fundamental, por lo mismo el Plan de Reactivaci\u00f3n Educativa tiene dos ejes claves para enfrentar esta tem\u00e1tica: Convivencia y Salud Mental,\u00a0 donde la municipalidad de Ays\u00e9n se encuentra priorizada por el Ministerio y se van a focalizar algunas intervenciones para apoyar a los equipos y revincular a los estudiantes con sus estudios\u201d.<\/p>\n<p style=\"text-align: justify;\">De acuerdo con la OMS, el suicidio es un problema de salud p\u00fablica en los pa\u00edses de ingresos altos y es un problema emergente en los pa\u00edses de ingresos bajos y medianos. El suicidio es una de las principales causas de muerte en el mundo, especialmente entre los j\u00f3venes. M\u00e1s de 800.000 personas mueren por suicidio cada a\u00f1o. Esto corresponde a una muerte por suicidio cada 40 segundos. El n\u00famero de vidas que se pierden cada a\u00f1o por suicidio supera el n\u00famero de muertes por homicidios y guerras en el mundo.<\/p>\n<\/div><\/section><\/div><div  style='height:50px' class='hr hr-invisible   avia-builder-el-6  el_after_av_one_full  el_before_av_social_share '><span class='hr-inner ' ><span class='hr-inner-style'><\/span><\/span><\/div><\/p>\n<div  class='av-social-sharing-box  avia-builder-el-7  el_after_av_hr  el_before_av_hr  '><div class='av-share-box'><h5 class='av-share-link-description av-no-toc '>Compartir esta noticia<\/h5><ul class='av-share-box-list noLightbox'><li class='av-share-link av-social-link-facebook' ><a target=\"_blank\" aria-label=\"Compartir en Facebook\" href='https:\/\/www.facebook.com\/sharer.php?u=https:\/\/radiorevelacionfm.cl\/?p=27951&#038;t=Ante%20aumento%20de%20casos%20de%20suicidio%20en%20Puerto%20Ays%C3%A9n%20realizan%20Mesa%20de%20Salud%20Mental' aria-hidden='false' data-av_icon='\ue8f3' data-av_iconfont='entypo-fontello' title='' data-avia-related-tooltip='Compartir en Facebook' rel=\"noopener\"><span class='avia_hidden_link_text'>Compartir en Facebook<\/span><\/a><\/li><li class='av-share-link av-social-link-twitter' ><a target=\"_blank\" aria-label=\"Compartir en Twitter\" href='https:\/\/twitter.com\/share?text=Ante%20aumento%20de%20casos%20de%20suicidio%20en%20Puerto%20Ays%C3%A9n%20realizan%20Mesa%20de%20Salud%20Mental&#038;url=https:\/\/radiorevelacionfm.cl\/?p=27951' aria-hidden='false' data-av_icon='\ue8f1' data-av_iconfont='entypo-fontello' title='' data-avia-related-tooltip='Compartir en Twitter' rel=\"noopener\"><span class='avia_hidden_link_text'>Compartir en Twitter<\/span><\/a><\/li><li class='av-share-link av-social-link-whatsapp' ><a target=\"_blank\" aria-label=\"Compartir en Whatsapp\" href='https:\/\/api.whatsapp.com\/send?text=https:\/\/radiorevelacionfm.cl\/?p=27951' aria-hidden='false' data-av_icon='\uf232' data-av_iconfont='entypo-fontello' title='' data-avia-related-tooltip='Compartir en Whatsapp' rel=\"noopener\"><span class='avia_hidden_link_text'>Compartir en Whatsapp<\/span><\/a><\/li><li class='av-share-link av-social-link-linkedin' ><a target=\"_blank\" aria-label=\"Compartir en LinkedIn\" href='https:\/\/linkedin.com\/shareArticle?mini=true&#038;title=Ante%20aumento%20de%20casos%20de%20suicidio%20en%20Puerto%20Ays%C3%A9n%20realizan%20Mesa%20de%20Salud%20Mental&#038;url=https:\/\/radiorevelacionfm.cl\/?p=27951' aria-hidden='false' data-av_icon='\ue8fc' data-av_iconfont='entypo-fontello' title='' data-avia-related-tooltip='Compartir en LinkedIn' rel=\"noopener\"><span class='avia_hidden_link_text'>Compartir en LinkedIn<\/span><\/a><\/li><li class='av-share-link av-social-link-mail' ><a  aria-label=\"Compartir por correo\" href='mailto:?subject=Ante%20aumento%20de%20casos%20de%20suicidio%20en%20Puerto%20Ays%C3%A9n%20realizan%20Mesa%20de%20Salud%20Mental&#038;body=https:\/\/radiorevelacionfm.cl\/?p=27951' aria-hidden='false' data-av_icon='\ue805' data-av_iconfont='entypo-fontello' title='' data-avia-related-tooltip='Compartir por correo'><span class='avia_hidden_link_text'>Compartir por correo<\/span><\/a><\/li><\/ul><\/div><\/div>\n<div  style='height:50px' class='hr hr-invisible   avia-builder-el-8  el_after_av_social_share  el_before_av_comments_list '><span class='hr-inner ' ><span class='hr-inner-style'><\/span><\/span><\/div>\n<div  class='av-buildercomment  av-blog-meta-html-info-disabled av-blog-meta-tag-disabled  '><\/div>\n","protected":false},"excerpt":{"rendered":"","protected":false},"author":1,"featured_media":27952,"comment_status":"open","ping_status":"open","sticky":false,"template":"","format":"standard","meta":{"footnotes":""},"categories":[38],"tags":[],"class_list":["post-27951","post","type-post","status-publish","format-standard","has-post-thumbnail","hentry","category-regional"],"jetpack_featured_media_url":"https:\/\/radiorevelacionfm.cl\/wp-content\/uploads\/2023\/02\/mesa-salud-mental2-1-1.jpg","_links":{"self":[{"href":"https:\/\/radiorevelacionfm.cl\/index.php?rest_route=\/wp\/v2\/posts\/27951","targetHints":{"allow":["GET"]}}],"collection":[{"href":"https:\/\/radiorevelacionfm.cl\/index.php?rest_route=\/wp\/v2\/posts"}],"about":[{"href":"https:\/\/radiorevelacionfm.cl\/index.php?rest_route=\/wp\/v2\/types\/post"}],"author":[{"embeddable":true,"href":"https:\/\/radiorevelacionfm.cl\/index.php?rest_route=\/wp\/v2\/users\/1"}],"replies":[{"embeddable":true,"href":"https:\/\/radiorevelacionfm.cl\/index.php?rest_route=%2Fwp%2Fv2%2Fcomments&post=27951"}],"version-history":[{"count":2,"href":"https:\/\/radiorevelacionfm.cl\/index.php?rest_route=\/wp\/v2\/posts\/27951\/revisions"}],"predecessor-version":[{"id":27954,"href":"https:\/\/radiorevelacionfm.cl\/index.php?rest_route=\/wp\/v2\/posts\/27951\/revisions\/27954"}],"wp:featuredmedia":[{"embeddable":true,"href":"https:\/\/radiorevelacionfm.cl\/index.php?rest_route=\/wp\/v2\/media\/27952"}],"wp:attachment":[{"href":"https:\/\/radiorevelacionfm.cl\/index.php?rest_route=%2Fwp%2Fv2%2Fmedia&parent=27951"}],"wp:term":[{"taxonomy":"category","embeddable":true,"href":"https:\/\/radiorevelacionfm.cl\/index.php?rest_route=%2Fwp%2Fv2%2Fcategories&post=27951"},{"taxonomy":"post_tag","embeddable":true,"href":"https:\/\/radiorevelacionfm.cl\/index.php?rest_route=%2Fwp%2Fv2%2Ftags&post=27951"}],"curies":[{"name":"wp","href":"https:\/\/api.w.org\/{rel}","templated":true}]}}