{"id":27947,"date":"2023-02-17T13:35:53","date_gmt":"2023-02-17T16:35:53","guid":{"rendered":"https:\/\/radiorevelacionfm.cl\/?p=27947"},"modified":"2023-02-17T13:35:53","modified_gmt":"2023-02-17T16:35:53","slug":"unidad-de-ciudadania-cultural-fortalece-la-equidad-territorial-y-el-diseno-asociativo-entre-artistas-y-agentes-locales","status":"publish","type":"post","link":"https:\/\/radiorevelacionfm.cl\/?p=27947","title":{"rendered":"Unidad de Ciudadan\u00eda Cultural fortalece la equidad territorial y el dise\u00f1o asociativo entre artistas y agentes locales"},"content":{"rendered":"<div class=\"flex_column av_one_full  flex_column_div av-zero-column-padding first  avia-builder-el-0  el_before_av_one_full  avia-builder-el-first  \" style='border-radius:0px; '><div  class='avia-image-container  av-styling-    avia-builder-el-1  avia-builder-el-no-sibling  avia-align-center '  itemprop=\"image\" itemscope=\"itemscope\" itemtype=\"https:\/\/schema.org\/ImageObject\"  ><div class='avia-image-container-inner'><div class='avia-image-overlay-wrap'><img decoding=\"async\" class='wp-image-27948 avia-img-lazy-loading-not-27948 avia_image' src=\"https:\/\/radiorevelacionfm.cl\/wp-content\/uploads\/2023\/02\/iniciativa-cultural-asosiativas-puerto-aysen-2022-ficr-1_optimized.jpg\" alt='' title='iniciativa-cultural-asosiativas-puerto-ays\u00e9n-2022---ficr-(1)_optimized' height=\"600\" width=\"899\"  itemprop=\"thumbnailUrl\" srcset=\"https:\/\/radiorevelacionfm.cl\/wp-content\/uploads\/2023\/02\/iniciativa-cultural-asosiativas-puerto-aysen-2022-ficr-1_optimized.jpg 899w, https:\/\/radiorevelacionfm.cl\/wp-content\/uploads\/2023\/02\/iniciativa-cultural-asosiativas-puerto-aysen-2022-ficr-1_optimized-300x200.jpg 300w, https:\/\/radiorevelacionfm.cl\/wp-content\/uploads\/2023\/02\/iniciativa-cultural-asosiativas-puerto-aysen-2022-ficr-1_optimized-768x513.jpg 768w, https:\/\/radiorevelacionfm.cl\/wp-content\/uploads\/2023\/02\/iniciativa-cultural-asosiativas-puerto-aysen-2022-ficr-1_optimized-705x471.jpg 705w, https:\/\/radiorevelacionfm.cl\/wp-content\/uploads\/2023\/02\/iniciativa-cultural-asosiativas-puerto-aysen-2022-ficr-1_optimized-600x400.jpg 600w\" sizes=\"(max-width: 899px) 100vw, 899px\" \/><\/div><\/div><\/div><\/div><div class=\"flex_column av_one_full  flex_column_div av-zero-column-padding first  avia-builder-el-2  el_after_av_one_full  el_before_av_one_full  column-top-margin\" style='border-radius:0px; '><section class=\"av_textblock_section \"  itemscope=\"itemscope\" itemtype=\"https:\/\/schema.org\/BlogPosting\" itemprop=\"blogPost\" ><div class='avia_textblock  '   itemprop=\"text\" ><p style=\"text-align: center;\"><span style=\"font-size: 18pt;\"><strong>Unidad de Ciudadan\u00eda Cultural fortalece la equidad territorial y el dise\u00f1o asociativo entre artistas y agentes locales<\/strong><\/span><\/p>\n<div id=\"gtx-trans\" style=\"position: absolute; left: -50px; top: 4.31534px;\">\n<div class=\"gtx-trans-icon\"><\/div>\n<\/div>\n<\/div><\/section><\/div><div class=\"flex_column av_one_full  flex_column_div av-zero-column-padding first  avia-builder-el-4  el_after_av_one_full  el_before_av_hr  column-top-margin\" style='border-radius:0px; '><section class=\"av_textblock_section \"  itemscope=\"itemscope\" itemtype=\"https:\/\/schema.org\/BlogPosting\" itemprop=\"blogPost\" ><div class='avia_textblock  '   itemprop=\"text\" ><p style=\"text-align: justify;\">Un intenso y continuo trabajo en la regi\u00f3n ha levantado la unidad albergada en la Seremi de Culturas, las Artes y el Patrimonio, permitiendo la vinculaci\u00f3n tanto de servicios p\u00fablicos, privados y agrupaciones con especial atenci\u00f3n en sitios aislados geogr\u00e1ficamente.<\/p>\n<p style=\"text-align: justify;\">Al igual que en a\u00f1os anteriores, la Unidad de Ciudadan\u00eda Cultural de la Seremi de las Culturas Ays\u00e9n expuso ante la comunidad art\u00edstica, v\u00eda reuni\u00f3n virtual, los lineamientos 2023 para la articulaci\u00f3n de estrategias en relaci\u00f3n a procesos participativos que buscan promover iniciativas originadas desde las agrupaciones.<\/p>\n<p style=\"text-align: justify;\">En el marco del programa Fortalecimiento de la Identidad Cultural Regional (FICR), se cit\u00f3 a representantes y actores territoriales para la generaci\u00f3n de instancias expositivas, intercambio de opiniones y abordaje de l\u00edneas de trabajo, las cuales apuntan a la preservaci\u00f3n identitaria a mediano y largo plazo poniendo sobre el tapete la descentralizaci\u00f3n art\u00edstica.<\/p>\n<p style=\"text-align: justify;\">Se trata de una planificaci\u00f3n program\u00e1tica cuyo accionar incide en el tejido creativo al facilitar el cruce de saberes a partir de espacios colectivos que difundan las artes y patrimonios. En ese contexto, la encargada de la Unidad de Ciudadan\u00eda de Ays\u00e9n, Karla Achivare, se\u00f1al\u00f3 que el FICR tiene por objetivo contribuir con el acceso a bienes y servicios en comunas distintas a las capitales regionales. \u201cEl programa viene trabajando hace un par de a\u00f1os en torno a las comunidades, al di\u00e1logo, a la planificaci\u00f3n participativa, desarrollando varias acciones que tienen relaci\u00f3n con descentralizar la toma de decisiones y acuerdos\u201d.<\/p>\n<p style=\"text-align: justify;\">Achivare tambi\u00e9n detall\u00f3 que la estrategia 2023 refuerza el sentido de pertenencia y la generaci\u00f3n de v\u00ednculos entre organizaciones, por lo que las alianzas intersectoriales son una piedra angular en los procesos a materializar. \u201cQueremos implementar algunas residencias art\u00edsticas para fortalecer el \u00e1rea de la creaci\u00f3n art\u00edstica y por otro lado generar espacios de encuentro y reflexi\u00f3n en cuanto al desarrollo cultural territorial\u201d.<\/p>\n<p style=\"text-align: justify;\">Esto considera las Iniciativas Culturales Asociativas (ICA) en las comunas; los encuentros territoriales con identidad sur y norte instalados en el zonal mediante la escucha activa; un encuentro regional con artistas, cultores y representantes de agrupaciones culturales; la Feria de las Culturas Ays\u00e9n, hito de gran envergadura que va por su cuarta versi\u00f3n; adem\u00e1s de microresidencias e intervenciones art\u00edsticas-culturales bajo la iniciativa \u201cMemoria intangible\u201d con el objetivo de propiciar la reflexi\u00f3n en torno al golpe c\u00edvico militar.<\/p>\n<p style=\"text-align: justify;\">En tanto, desde la cartera cultural, el seremi Felipe Quiroz puso el acento en la institucionalidad cultural y la co-construcci\u00f3n que posibilita el programa FICR. \u201cEste programa tiene como foco ello, generar una mirada un poco m\u00e1s cercana a la democracia cultural, es decir, el Estado en este caso se hace garante de velar por una pol\u00edtica de acceso, es decir que las comunidades puedan decidir qu\u00e9 es aquello que quieren levantar, qu\u00e9 es aquello que quieren profundizar y cu\u00e1les son los ejes a posicionar como actividades o materias de programaci\u00f3n.\u201d<\/p>\n<\/div><\/section><\/div><div  style='height:50px' class='hr hr-invisible   avia-builder-el-6  el_after_av_one_full  el_before_av_social_share '><span class='hr-inner ' ><span class='hr-inner-style'><\/span><\/span><\/div><\/p>\n<div  class='av-social-sharing-box  avia-builder-el-7  el_after_av_hr  el_before_av_hr  '><div class='av-share-box'><h5 class='av-share-link-description av-no-toc '>Compartir esta noticia<\/h5><ul class='av-share-box-list noLightbox'><li class='av-share-link av-social-link-facebook' ><a target=\"_blank\" aria-label=\"Compartir en Facebook\" href='https:\/\/www.facebook.com\/sharer.php?u=https:\/\/radiorevelacionfm.cl\/?p=27947&#038;t=Unidad%20de%20Ciudadan%C3%ADa%20Cultural%20fortalece%20la%20equidad%20territorial%20y%20el%20dise%C3%B1o%20asociativo%20entre%20artistas%20y%20agentes%20locales' aria-hidden='false' data-av_icon='\ue8f3' data-av_iconfont='entypo-fontello' title='' data-avia-related-tooltip='Compartir en Facebook' rel=\"noopener\"><span class='avia_hidden_link_text'>Compartir en Facebook<\/span><\/a><\/li><li class='av-share-link av-social-link-twitter' ><a target=\"_blank\" aria-label=\"Compartir en Twitter\" href='https:\/\/twitter.com\/share?text=Unidad%20de%20Ciudadan%C3%ADa%20Cultural%20fortalece%20la%20equidad%20territorial%20y%20el%20dise%C3%B1o%20asociativo%20entre%20artistas%20y%20agentes%20locales&#038;url=https:\/\/radiorevelacionfm.cl\/?p=27947' aria-hidden='false' data-av_icon='\ue8f1' data-av_iconfont='entypo-fontello' title='' data-avia-related-tooltip='Compartir en Twitter' rel=\"noopener\"><span class='avia_hidden_link_text'>Compartir en Twitter<\/span><\/a><\/li><li class='av-share-link av-social-link-whatsapp' ><a target=\"_blank\" aria-label=\"Compartir en Whatsapp\" href='https:\/\/api.whatsapp.com\/send?text=https:\/\/radiorevelacionfm.cl\/?p=27947' aria-hidden='false' data-av_icon='\uf232' data-av_iconfont='entypo-fontello' title='' data-avia-related-tooltip='Compartir en Whatsapp' rel=\"noopener\"><span class='avia_hidden_link_text'>Compartir en Whatsapp<\/span><\/a><\/li><li class='av-share-link av-social-link-linkedin' ><a target=\"_blank\" aria-label=\"Compartir en LinkedIn\" href='https:\/\/linkedin.com\/shareArticle?mini=true&#038;title=Unidad%20de%20Ciudadan%C3%ADa%20Cultural%20fortalece%20la%20equidad%20territorial%20y%20el%20dise%C3%B1o%20asociativo%20entre%20artistas%20y%20agentes%20locales&#038;url=https:\/\/radiorevelacionfm.cl\/?p=27947' aria-hidden='false' data-av_icon='\ue8fc' data-av_iconfont='entypo-fontello' title='' data-avia-related-tooltip='Compartir en LinkedIn' rel=\"noopener\"><span class='avia_hidden_link_text'>Compartir en LinkedIn<\/span><\/a><\/li><li class='av-share-link av-social-link-mail' ><a  aria-label=\"Compartir por correo\" href='mailto:?subject=Unidad%20de%20Ciudadan%C3%ADa%20Cultural%20fortalece%20la%20equidad%20territorial%20y%20el%20dise%C3%B1o%20asociativo%20entre%20artistas%20y%20agentes%20locales&#038;body=https:\/\/radiorevelacionfm.cl\/?p=27947' aria-hidden='false' data-av_icon='\ue805' data-av_iconfont='entypo-fontello' title='' data-avia-related-tooltip='Compartir por correo'><span class='avia_hidden_link_text'>Compartir por correo<\/span><\/a><\/li><\/ul><\/div><\/div>\n<div  style='height:50px' class='hr hr-invisible   avia-builder-el-8  el_after_av_social_share  el_before_av_comments_list '><span class='hr-inner ' ><span class='hr-inner-style'><\/span><\/span><\/div>\n<div  class='av-buildercomment  av-blog-meta-html-info-disabled av-blog-meta-tag-disabled  '><\/div>\n","protected":false},"excerpt":{"rendered":"","protected":false},"author":1,"featured_media":27948,"comment_status":"open","ping_status":"open","sticky":false,"template":"","format":"standard","meta":{"footnotes":""},"categories":[52],"tags":[],"class_list":["post-27947","post","type-post","status-publish","format-standard","has-post-thumbnail","hentry","category-cultura"],"jetpack_featured_media_url":"https:\/\/radiorevelacionfm.cl\/wp-content\/uploads\/2023\/02\/iniciativa-cultural-asosiativas-puerto-aysen-2022-ficr-1_optimized.jpg","_links":{"self":[{"href":"https:\/\/radiorevelacionfm.cl\/index.php?rest_route=\/wp\/v2\/posts\/27947","targetHints":{"allow":["GET"]}}],"collection":[{"href":"https:\/\/radiorevelacionfm.cl\/index.php?rest_route=\/wp\/v2\/posts"}],"about":[{"href":"https:\/\/radiorevelacionfm.cl\/index.php?rest_route=\/wp\/v2\/types\/post"}],"author":[{"embeddable":true,"href":"https:\/\/radiorevelacionfm.cl\/index.php?rest_route=\/wp\/v2\/users\/1"}],"replies":[{"embeddable":true,"href":"https:\/\/radiorevelacionfm.cl\/index.php?rest_route=%2Fwp%2Fv2%2Fcomments&post=27947"}],"version-history":[{"count":2,"href":"https:\/\/radiorevelacionfm.cl\/index.php?rest_route=\/wp\/v2\/posts\/27947\/revisions"}],"predecessor-version":[{"id":27950,"href":"https:\/\/radiorevelacionfm.cl\/index.php?rest_route=\/wp\/v2\/posts\/27947\/revisions\/27950"}],"wp:featuredmedia":[{"embeddable":true,"href":"https:\/\/radiorevelacionfm.cl\/index.php?rest_route=\/wp\/v2\/media\/27948"}],"wp:attachment":[{"href":"https:\/\/radiorevelacionfm.cl\/index.php?rest_route=%2Fwp%2Fv2%2Fmedia&parent=27947"}],"wp:term":[{"taxonomy":"category","embeddable":true,"href":"https:\/\/radiorevelacionfm.cl\/index.php?rest_route=%2Fwp%2Fv2%2Fcategories&post=27947"},{"taxonomy":"post_tag","embeddable":true,"href":"https:\/\/radiorevelacionfm.cl\/index.php?rest_route=%2Fwp%2Fv2%2Ftags&post=27947"}],"curies":[{"name":"wp","href":"https:\/\/api.w.org\/{rel}","templated":true}]}}