{"id":27931,"date":"2023-02-16T18:10:52","date_gmt":"2023-02-16T21:10:52","guid":{"rendered":"https:\/\/radiorevelacionfm.cl\/?p=27931"},"modified":"2023-02-16T18:10:52","modified_gmt":"2023-02-16T21:10:52","slug":"en-la-region-de-aysen-durante-el-2022-se-produjeron-91-choques-a-postes-provocando-cortes-de-suministro-electrico","status":"publish","type":"post","link":"https:\/\/radiorevelacionfm.cl\/?p=27931","title":{"rendered":"En la regi\u00f3n de Ays\u00e9n durante el 2022 se produjeron 91 choques a postes provocando cortes de suministro el\u00e9ctrico"},"content":{"rendered":"<div class=\"flex_column av_one_full  flex_column_div av-zero-column-padding first  avia-builder-el-0  el_before_av_one_full  avia-builder-el-first  \" style='border-radius:0px; '><div  class='avia-image-container  av-styling-    avia-builder-el-1  avia-builder-el-no-sibling  avia-align-center '  itemprop=\"image\" itemscope=\"itemscope\" itemtype=\"https:\/\/schema.org\/ImageObject\"  ><div class='avia-image-container-inner'><div class='avia-image-overlay-wrap'><img decoding=\"async\" class='wp-image-27932 avia-img-lazy-loading-not-27932 avia_image' src=\"https:\/\/radiorevelacionfm.cl\/wp-content\/uploads\/2023\/02\/Foto-1-35-1-1.jpg\" alt='' title='Foto 1 (35) (1) (1)' height=\"600\" width=\"801\"  itemprop=\"thumbnailUrl\" srcset=\"https:\/\/radiorevelacionfm.cl\/wp-content\/uploads\/2023\/02\/Foto-1-35-1-1.jpg 801w, https:\/\/radiorevelacionfm.cl\/wp-content\/uploads\/2023\/02\/Foto-1-35-1-1-300x225.jpg 300w, https:\/\/radiorevelacionfm.cl\/wp-content\/uploads\/2023\/02\/Foto-1-35-1-1-768x575.jpg 768w, https:\/\/radiorevelacionfm.cl\/wp-content\/uploads\/2023\/02\/Foto-1-35-1-1-705x528.jpg 705w, https:\/\/radiorevelacionfm.cl\/wp-content\/uploads\/2023\/02\/Foto-1-35-1-1-600x449.jpg 600w\" sizes=\"(max-width: 801px) 100vw, 801px\" \/><\/div><\/div><\/div><\/div><div class=\"flex_column av_one_full  flex_column_div av-zero-column-padding first  avia-builder-el-2  el_after_av_one_full  el_before_av_one_full  column-top-margin\" style='border-radius:0px; '><section class=\"av_textblock_section \"  itemscope=\"itemscope\" itemtype=\"https:\/\/schema.org\/BlogPosting\" itemprop=\"blogPost\" ><div class='avia_textblock  '   itemprop=\"text\" ><p style=\"text-align: center;\"><strong><span style=\"font-size: 18pt;\">En la regi\u00f3n de Ays\u00e9n durante el 2022 se produjeron 91 choques a postes provocando cortes de suministro el\u00e9ctrico <\/span><\/strong><\/p>\n<div id=\"gtx-trans\" style=\"position: absolute; left: -50px; top: 4.31534px;\">\n<div class=\"gtx-trans-icon\"><\/div>\n<\/div>\n<\/div><\/section><\/div><div class=\"flex_column av_one_full  flex_column_div av-zero-column-padding first  avia-builder-el-4  el_after_av_one_full  el_before_av_hr  column-top-margin\" style='border-radius:0px; '><section class=\"av_textblock_section \"  itemscope=\"itemscope\" itemtype=\"https:\/\/schema.org\/BlogPosting\" itemprop=\"blogPost\" ><div class='avia_textblock  '   itemprop=\"text\" ><p style=\"text-align: justify;\">A ra\u00edz de esto, la suma de clientes afectados super\u00f3 los 68 mil, cifra que corresponde a m\u00e1s del doble de la registrada el a\u00f1o anterior. Por ello, el llamado es a reportar un poste en mal estado o chocado a trav\u00e9s de la SEC para as\u00ed minimizar el tiempo sin servicio en la comunidad.<\/p>\n<p style=\"text-align: justify;\">La Direcci\u00f3n Regional Ays\u00e9n de la Superintendencia de Electricidad y Combustibles, SEC, inform\u00f3 que, durante el a\u00f1o 2022, se registraron 91 choques de veh\u00edculos motorizados a postes o tirantes, los cuales provocaron cortes de suministro que, sumados, afectaron a 68.200 clientes. Esta cifra representa m\u00e1s del doble de los 30.119 usuarios que se vieron perjudicados por esta misma situaci\u00f3n en 2021.<\/p>\n<p style=\"text-align: justify;\">Hugo Ardiles, Director Regional de SEC Ays\u00e9n, expres\u00f3 su preocupaci\u00f3n por que, adem\u00e1s estos hechos han significado un aumento no s\u00f3lo de la cantidad de clientes afectados, sino que tambi\u00e9n de las horas acumuladas de interrupci\u00f3n del suministro el\u00e9ctrico, recordando que, en el 2021, \u00e9stas fueron 599, las que se incrementaron el 2022 a 926 horas sin servicio por esta causa.<\/p>\n<p style=\"text-align: justify;\">Debido a esta situaci\u00f3n, Ardiles se\u00f1al\u00f3 que \u201cla ciudadan\u00eda debe recibir un suministro el\u00e9ctrico constante y seguro. Por ello, reportar un poste en mal estado o chocado permitir\u00e1 que la empresa el\u00e9ctrica active los protocolos necesarios para minimizar el tiempo sin suministro y as\u00ed poder normalizar el servicio a la brevedad\u201d.<\/p>\n<p style=\"text-align: justify;\">Por ello, la autoridad insisti\u00f3 que es fundamental que, en cuanto se detecte la existencia de un poste con signos de deterioro, se reporte de forma inmediata a la SEC desde cualquier dispositivo m\u00f3vil. Para esto, basta digitar en el navegador www.sec.cl y seleccionar la opci\u00f3n \u201cRiesgo El\u00e9ctrico en la V\u00eda P\u00fablica\u201d.<\/p>\n<p style=\"text-align: justify;\">Por \u00faltimo, la invitaci\u00f3n es a seguir la cuenta oficial de la SEC en Instagram (@sec_chile), donde la ciudadan\u00eda podr\u00e1 acceder a informaci\u00f3n \u00fatil y consejos de seguridad para el uso de los energ\u00e9ticos, la que se suma a nuestros perfiles disponibles en Twitter (@SEC_cl) y Facebook, como Superintendencia SEC.<\/p>\n<\/div><\/section><\/div><div  style='height:50px' class='hr hr-invisible   avia-builder-el-6  el_after_av_one_full  el_before_av_social_share '><span class='hr-inner ' ><span class='hr-inner-style'><\/span><\/span><\/div><\/p>\n<div  class='av-social-sharing-box  avia-builder-el-7  el_after_av_hr  el_before_av_hr  '><div class='av-share-box'><h5 class='av-share-link-description av-no-toc '>Compartir esta noticia<\/h5><ul class='av-share-box-list noLightbox'><li class='av-share-link av-social-link-facebook' ><a target=\"_blank\" aria-label=\"Compartir en Facebook\" href='https:\/\/www.facebook.com\/sharer.php?u=https:\/\/radiorevelacionfm.cl\/?p=27931&#038;t=En%20la%20regi%C3%B3n%20de%20Ays%C3%A9n%20durante%20el%202022%20se%20produjeron%2091%20choques%20a%20postes%20provocando%20cortes%20de%20suministro%20el%C3%A9ctrico' aria-hidden='false' data-av_icon='\ue8f3' data-av_iconfont='entypo-fontello' title='' data-avia-related-tooltip='Compartir en Facebook' rel=\"noopener\"><span class='avia_hidden_link_text'>Compartir en Facebook<\/span><\/a><\/li><li class='av-share-link av-social-link-twitter' ><a target=\"_blank\" aria-label=\"Compartir en Twitter\" href='https:\/\/twitter.com\/share?text=En%20la%20regi%C3%B3n%20de%20Ays%C3%A9n%20durante%20el%202022%20se%20produjeron%2091%20choques%20a%20postes%20provocando%20cortes%20de%20suministro%20el%C3%A9ctrico&#038;url=https:\/\/radiorevelacionfm.cl\/?p=27931' aria-hidden='false' data-av_icon='\ue8f1' data-av_iconfont='entypo-fontello' title='' data-avia-related-tooltip='Compartir en Twitter' rel=\"noopener\"><span class='avia_hidden_link_text'>Compartir en Twitter<\/span><\/a><\/li><li class='av-share-link av-social-link-whatsapp' ><a target=\"_blank\" aria-label=\"Compartir en Whatsapp\" href='https:\/\/api.whatsapp.com\/send?text=https:\/\/radiorevelacionfm.cl\/?p=27931' aria-hidden='false' data-av_icon='\uf232' data-av_iconfont='entypo-fontello' title='' data-avia-related-tooltip='Compartir en Whatsapp' rel=\"noopener\"><span class='avia_hidden_link_text'>Compartir en Whatsapp<\/span><\/a><\/li><li class='av-share-link av-social-link-linkedin' ><a target=\"_blank\" aria-label=\"Compartir en LinkedIn\" href='https:\/\/linkedin.com\/shareArticle?mini=true&#038;title=En%20la%20regi%C3%B3n%20de%20Ays%C3%A9n%20durante%20el%202022%20se%20produjeron%2091%20choques%20a%20postes%20provocando%20cortes%20de%20suministro%20el%C3%A9ctrico&#038;url=https:\/\/radiorevelacionfm.cl\/?p=27931' aria-hidden='false' data-av_icon='\ue8fc' data-av_iconfont='entypo-fontello' title='' data-avia-related-tooltip='Compartir en LinkedIn' rel=\"noopener\"><span class='avia_hidden_link_text'>Compartir en LinkedIn<\/span><\/a><\/li><li class='av-share-link av-social-link-mail' ><a  aria-label=\"Compartir por correo\" href='mailto:?subject=En%20la%20regi%C3%B3n%20de%20Ays%C3%A9n%20durante%20el%202022%20se%20produjeron%2091%20choques%20a%20postes%20provocando%20cortes%20de%20suministro%20el%C3%A9ctrico&#038;body=https:\/\/radiorevelacionfm.cl\/?p=27931' aria-hidden='false' data-av_icon='\ue805' data-av_iconfont='entypo-fontello' title='' data-avia-related-tooltip='Compartir por correo'><span class='avia_hidden_link_text'>Compartir por correo<\/span><\/a><\/li><\/ul><\/div><\/div>\n<div  style='height:50px' class='hr hr-invisible   avia-builder-el-8  el_after_av_social_share  el_before_av_comments_list '><span class='hr-inner ' ><span class='hr-inner-style'><\/span><\/span><\/div>\n<div  class='av-buildercomment  av-blog-meta-html-info-disabled av-blog-meta-tag-disabled  '><\/div>\n","protected":false},"excerpt":{"rendered":"","protected":false},"author":1,"featured_media":27932,"comment_status":"open","ping_status":"open","sticky":false,"template":"","format":"standard","meta":{"footnotes":""},"categories":[38],"tags":[],"class_list":["post-27931","post","type-post","status-publish","format-standard","has-post-thumbnail","hentry","category-regional"],"jetpack_featured_media_url":"https:\/\/radiorevelacionfm.cl\/wp-content\/uploads\/2023\/02\/Foto-1-35-1-1.jpg","_links":{"self":[{"href":"https:\/\/radiorevelacionfm.cl\/index.php?rest_route=\/wp\/v2\/posts\/27931","targetHints":{"allow":["GET"]}}],"collection":[{"href":"https:\/\/radiorevelacionfm.cl\/index.php?rest_route=\/wp\/v2\/posts"}],"about":[{"href":"https:\/\/radiorevelacionfm.cl\/index.php?rest_route=\/wp\/v2\/types\/post"}],"author":[{"embeddable":true,"href":"https:\/\/radiorevelacionfm.cl\/index.php?rest_route=\/wp\/v2\/users\/1"}],"replies":[{"embeddable":true,"href":"https:\/\/radiorevelacionfm.cl\/index.php?rest_route=%2Fwp%2Fv2%2Fcomments&post=27931"}],"version-history":[{"count":2,"href":"https:\/\/radiorevelacionfm.cl\/index.php?rest_route=\/wp\/v2\/posts\/27931\/revisions"}],"predecessor-version":[{"id":27937,"href":"https:\/\/radiorevelacionfm.cl\/index.php?rest_route=\/wp\/v2\/posts\/27931\/revisions\/27937"}],"wp:featuredmedia":[{"embeddable":true,"href":"https:\/\/radiorevelacionfm.cl\/index.php?rest_route=\/wp\/v2\/media\/27932"}],"wp:attachment":[{"href":"https:\/\/radiorevelacionfm.cl\/index.php?rest_route=%2Fwp%2Fv2%2Fmedia&parent=27931"}],"wp:term":[{"taxonomy":"category","embeddable":true,"href":"https:\/\/radiorevelacionfm.cl\/index.php?rest_route=%2Fwp%2Fv2%2Fcategories&post=27931"},{"taxonomy":"post_tag","embeddable":true,"href":"https:\/\/radiorevelacionfm.cl\/index.php?rest_route=%2Fwp%2Fv2%2Ftags&post=27931"}],"curies":[{"name":"wp","href":"https:\/\/api.w.org\/{rel}","templated":true}]}}