{"id":27927,"date":"2023-02-17T10:30:21","date_gmt":"2023-02-17T13:30:21","guid":{"rendered":"https:\/\/radiorevelacionfm.cl\/?p=27927"},"modified":"2023-02-17T10:30:21","modified_gmt":"2023-02-17T13:30:21","slug":"comuna-de-tortel-destaca-en-materia-medioambiental-y-recibe-sello-certificacion-ambiental-municipal","status":"publish","type":"post","link":"https:\/\/radiorevelacionfm.cl\/?p=27927","title":{"rendered":"Comuna de Tortel destaca en materia medioambiental y recibe sello Certificaci\u00f3n Ambiental Municipal"},"content":{"rendered":"<div class=\"flex_column av_one_full  flex_column_div av-zero-column-padding first  avia-builder-el-0  el_before_av_one_full  avia-builder-el-first  \" style='border-radius:0px; '><div  class='avia-image-container  av-styling-    avia-builder-el-1  avia-builder-el-no-sibling  avia-align-center '  itemprop=\"image\" itemscope=\"itemscope\" itemtype=\"https:\/\/schema.org\/ImageObject\"  ><div class='avia-image-container-inner'><div class='avia-image-overlay-wrap'><img decoding=\"async\" class='wp-image-27928 avia-img-lazy-loading-not-27928 avia_image' src=\"https:\/\/radiorevelacionfm.cl\/wp-content\/uploads\/2023\/02\/MA-Tortel-1-1.jpg\" alt='' title='MA Tortel (1) (1)' height=\"600\" width=\"808\"  itemprop=\"thumbnailUrl\" srcset=\"https:\/\/radiorevelacionfm.cl\/wp-content\/uploads\/2023\/02\/MA-Tortel-1-1.jpg 808w, https:\/\/radiorevelacionfm.cl\/wp-content\/uploads\/2023\/02\/MA-Tortel-1-1-300x223.jpg 300w, https:\/\/radiorevelacionfm.cl\/wp-content\/uploads\/2023\/02\/MA-Tortel-1-1-768x570.jpg 768w, https:\/\/radiorevelacionfm.cl\/wp-content\/uploads\/2023\/02\/MA-Tortel-1-1-705x524.jpg 705w, https:\/\/radiorevelacionfm.cl\/wp-content\/uploads\/2023\/02\/MA-Tortel-1-1-600x446.jpg 600w\" sizes=\"(max-width: 808px) 100vw, 808px\" \/><\/div><\/div><\/div><\/div>\n<div class=\"flex_column av_one_full  flex_column_div av-zero-column-padding first  avia-builder-el-2  el_after_av_one_full  el_before_av_one_full  column-top-margin\" style='border-radius:0px; '><section class=\"av_textblock_section \"  itemscope=\"itemscope\" itemtype=\"https:\/\/schema.org\/BlogPosting\" itemprop=\"blogPost\" ><div class='avia_textblock  '   itemprop=\"text\" ><p style=\"text-align: center;\"><strong><span style=\"font-size: 18pt;\">Comuna de Tortel destaca en materia medioambiental y recibe sello Certificaci\u00f3n Ambiental Municipal<\/span><\/strong><\/p>\n<div id=\"gtx-trans\" style=\"position: absolute; left: -50px; top: 4.31534px;\">\n<div class=\"gtx-trans-icon\"><\/div>\n<\/div>\n<\/div><\/section><\/div><div class=\"flex_column av_one_full  flex_column_div av-zero-column-padding first  avia-builder-el-4  el_after_av_one_full  el_before_av_hr  column-top-margin\" style='border-radius:0px; '><section class=\"av_textblock_section \"  itemscope=\"itemscope\" itemtype=\"https:\/\/schema.org\/BlogPosting\" itemprop=\"blogPost\" ><div class='avia_textblock  '   itemprop=\"text\" ><p style=\"text-align: justify;\">Buenas noticias en materia medioambiental recibieron en Tortel, todo gracias a la eficiente labor desempe\u00f1ada por administraci\u00f3n del alcalde Abel Becerra Vidal. Y es que el d\u00eda mi\u00e9rcoles 15 de febrero, Edith Thompson, encargada de Sistema de Certificaci\u00f3n Ambiental Municipal a nivel nacional, en conjunto con Nicole Cer\u00f3n, encargada de Sistema de Certificaci\u00f3n Ambiental Municipal, en la regi\u00f3n de Ays\u00e9n, visitaron la comuna para entregar el nivel IV en el Sistema de Certificaci\u00f3n Ambiental Municipal, o SCAM, progreso que demuestra el compromiso y valor que otorgan al cuidado del territorio.<\/p>\n<p style=\"text-align: justify;\">La I. Municipalidad de Tortel, es la \u00fanica administraci\u00f3n p\u00fablica en la regi\u00f3n de Ays\u00e9n, que cuenta con este nivel de trabajo. Y desde ah\u00ed, el alcalde Abel Becerra Vidal enfatiza que como municipio \u201cestamos muy contentos porque ha sido un logro muy significativo, ya que pese a las condiciones geogr\u00e1ficas y de conectividad, se ha podido lograr esta certificaci\u00f3n, la que evidencia todo el trabajo que se viene haciendo. Hay un cambio de h\u00e1bitos, el que una vez que lo adquirimos ha persistido\u201d, se\u00f1ala el edil local.<\/p>\n<p style=\"text-align: justify;\">La certificaci\u00f3n nivel IV, o de Excelencia Sobresaliente, implica la ejecuci\u00f3n generalizada y profundizaci\u00f3n en todo el Municipio de los componentes del sistema. As\u00ed, a partir de este reconocimiento, se respalda el trabajo realizado por la unidad de Medio Ambiente, oficina ligada directamente con las estrategias de esta \u00edndole desarrolladas en la comuna.<\/p>\n<p style=\"text-align: justify;\">En ese sentido, el municipio de Tortel obtuvo el nivel b\u00e1sico el 8 agosto del 2017, y desde entonces, en un trabajo coordinado con la sociedad civil, se han realizado diversas intervenciones y actividades de concientizaci\u00f3n. Esta programaci\u00f3n se gu\u00eda por la l\u00ednea estrat\u00e9gica asociada a la etapa de certificaci\u00f3n en que se encuentra la gesti\u00f3n ambiental local.<\/p>\n<p style=\"text-align: justify;\">Soledad Nahuel, encargada de la unidad de Medio Ambiente, destaca la voluntad de la comunidad por sumarse a mejorar h\u00e1bitos, mas tambi\u00e9n se\u00f1ala que el pr\u00f3ximo desaf\u00edo es por \u201cun Tortel m\u00e1s sustentable y sostenible en el tiempo. Somos una localidad muy tur\u00edstica y debemos potenciar el turismo sustentable para el futuro de nuestra comuna, para que no se vuelva un turismo masivo, sino que un turismo consciente\u201d, sentencia la profesional<\/p>\n<p style=\"text-align: justify;\">El Sistema de Certificaci\u00f3n Ambiental Municipal permite que los municipios puedan desarrollar un modelo de gesti\u00f3n ambiental local, reconociendo esta implementaci\u00f3n en seis niveles de certificaci\u00f3n. Para ello, un aspecto significativo es la participaci\u00f3n ciudadana, desde la directa acci\u00f3n de los Comit\u00e9s Ambientales Comunales. Los municipios que participan en el SCAM, desarrollan una Estrategia Ambiental Comunal, instrumento que delinea las problem\u00e1ticas locales en esta arista.<\/p>\n<\/div><\/section><\/div><\/p>\n<div  style='height:50px' class='hr hr-invisible   avia-builder-el-6  el_after_av_one_full  el_before_av_social_share '><span class='hr-inner ' ><span class='hr-inner-style'><\/span><\/span><\/div>\n<div  class='av-social-sharing-box  avia-builder-el-7  el_after_av_hr  el_before_av_hr  '><div class='av-share-box'><h5 class='av-share-link-description av-no-toc '>Compartir esta noticia<\/h5><ul class='av-share-box-list noLightbox'><li class='av-share-link av-social-link-facebook' ><a target=\"_blank\" aria-label=\"Compartir en Facebook\" href='https:\/\/www.facebook.com\/sharer.php?u=https:\/\/radiorevelacionfm.cl\/?p=27927&#038;t=Comuna%20de%20Tortel%20destaca%20en%20materia%20medioambiental%20y%20recibe%20sello%20Certificaci%C3%B3n%20Ambiental%20Municipal' aria-hidden='false' data-av_icon='\ue8f3' data-av_iconfont='entypo-fontello' title='' data-avia-related-tooltip='Compartir en Facebook' rel=\"noopener\"><span class='avia_hidden_link_text'>Compartir en Facebook<\/span><\/a><\/li><li class='av-share-link av-social-link-twitter' ><a target=\"_blank\" aria-label=\"Compartir en Twitter\" href='https:\/\/twitter.com\/share?text=Comuna%20de%20Tortel%20destaca%20en%20materia%20medioambiental%20y%20recibe%20sello%20Certificaci%C3%B3n%20Ambiental%20Municipal&#038;url=https:\/\/radiorevelacionfm.cl\/?p=27927' aria-hidden='false' data-av_icon='\ue8f1' data-av_iconfont='entypo-fontello' title='' data-avia-related-tooltip='Compartir en Twitter' rel=\"noopener\"><span class='avia_hidden_link_text'>Compartir en Twitter<\/span><\/a><\/li><li class='av-share-link av-social-link-whatsapp' ><a target=\"_blank\" aria-label=\"Compartir en Whatsapp\" href='https:\/\/api.whatsapp.com\/send?text=https:\/\/radiorevelacionfm.cl\/?p=27927' aria-hidden='false' data-av_icon='\uf232' data-av_iconfont='entypo-fontello' title='' data-avia-related-tooltip='Compartir en Whatsapp' rel=\"noopener\"><span class='avia_hidden_link_text'>Compartir en Whatsapp<\/span><\/a><\/li><li class='av-share-link av-social-link-linkedin' ><a target=\"_blank\" aria-label=\"Compartir en LinkedIn\" href='https:\/\/linkedin.com\/shareArticle?mini=true&#038;title=Comuna%20de%20Tortel%20destaca%20en%20materia%20medioambiental%20y%20recibe%20sello%20Certificaci%C3%B3n%20Ambiental%20Municipal&#038;url=https:\/\/radiorevelacionfm.cl\/?p=27927' aria-hidden='false' data-av_icon='\ue8fc' data-av_iconfont='entypo-fontello' title='' data-avia-related-tooltip='Compartir en LinkedIn' rel=\"noopener\"><span class='avia_hidden_link_text'>Compartir en LinkedIn<\/span><\/a><\/li><li class='av-share-link av-social-link-mail' ><a  aria-label=\"Compartir por correo\" href='mailto:?subject=Comuna%20de%20Tortel%20destaca%20en%20materia%20medioambiental%20y%20recibe%20sello%20Certificaci%C3%B3n%20Ambiental%20Municipal&#038;body=https:\/\/radiorevelacionfm.cl\/?p=27927' aria-hidden='false' data-av_icon='\ue805' data-av_iconfont='entypo-fontello' title='' data-avia-related-tooltip='Compartir por correo'><span class='avia_hidden_link_text'>Compartir por correo<\/span><\/a><\/li><\/ul><\/div><\/div>\n<div  style='height:50px' class='hr hr-invisible   avia-builder-el-8  el_after_av_social_share  el_before_av_comments_list '><span class='hr-inner ' ><span class='hr-inner-style'><\/span><\/span><\/div>\n<div  class='av-buildercomment  av-blog-meta-html-info-disabled av-blog-meta-tag-disabled  '><\/div>\n","protected":false},"excerpt":{"rendered":"","protected":false},"author":1,"featured_media":27928,"comment_status":"open","ping_status":"open","sticky":false,"template":"","format":"standard","meta":{"footnotes":""},"categories":[38],"tags":[],"class_list":["post-27927","post","type-post","status-publish","format-standard","has-post-thumbnail","hentry","category-regional"],"jetpack_featured_media_url":"https:\/\/radiorevelacionfm.cl\/wp-content\/uploads\/2023\/02\/MA-Tortel-1-1.jpg","_links":{"self":[{"href":"https:\/\/radiorevelacionfm.cl\/index.php?rest_route=\/wp\/v2\/posts\/27927","targetHints":{"allow":["GET"]}}],"collection":[{"href":"https:\/\/radiorevelacionfm.cl\/index.php?rest_route=\/wp\/v2\/posts"}],"about":[{"href":"https:\/\/radiorevelacionfm.cl\/index.php?rest_route=\/wp\/v2\/types\/post"}],"author":[{"embeddable":true,"href":"https:\/\/radiorevelacionfm.cl\/index.php?rest_route=\/wp\/v2\/users\/1"}],"replies":[{"embeddable":true,"href":"https:\/\/radiorevelacionfm.cl\/index.php?rest_route=%2Fwp%2Fv2%2Fcomments&post=27927"}],"version-history":[{"count":3,"href":"https:\/\/radiorevelacionfm.cl\/index.php?rest_route=\/wp\/v2\/posts\/27927\/revisions"}],"predecessor-version":[{"id":27945,"href":"https:\/\/radiorevelacionfm.cl\/index.php?rest_route=\/wp\/v2\/posts\/27927\/revisions\/27945"}],"wp:featuredmedia":[{"embeddable":true,"href":"https:\/\/radiorevelacionfm.cl\/index.php?rest_route=\/wp\/v2\/media\/27928"}],"wp:attachment":[{"href":"https:\/\/radiorevelacionfm.cl\/index.php?rest_route=%2Fwp%2Fv2%2Fmedia&parent=27927"}],"wp:term":[{"taxonomy":"category","embeddable":true,"href":"https:\/\/radiorevelacionfm.cl\/index.php?rest_route=%2Fwp%2Fv2%2Fcategories&post=27927"},{"taxonomy":"post_tag","embeddable":true,"href":"https:\/\/radiorevelacionfm.cl\/index.php?rest_route=%2Fwp%2Fv2%2Ftags&post=27927"}],"curies":[{"name":"wp","href":"https:\/\/api.w.org\/{rel}","templated":true}]}}