{"id":27923,"date":"2023-02-17T11:34:58","date_gmt":"2023-02-17T14:34:58","guid":{"rendered":"https:\/\/radiorevelacionfm.cl\/?p=27923"},"modified":"2023-02-17T11:34:58","modified_gmt":"2023-02-17T14:34:58","slug":"abren-postulaciones-al-programa-mujer-emprende","status":"publish","type":"post","link":"https:\/\/radiorevelacionfm.cl\/?p=27923","title":{"rendered":"Abren postulaciones al programa Mujer Emprende"},"content":{"rendered":"<div class=\"flex_column av_one_full  flex_column_div av-zero-column-padding first  avia-builder-el-0  el_before_av_one_full  avia-builder-el-first  \" style='border-radius:0px; '><div  class='avia-image-container  av-styling-    avia-builder-el-1  avia-builder-el-no-sibling  avia-align-center '  itemprop=\"image\" itemscope=\"itemscope\" itemtype=\"https:\/\/schema.org\/ImageObject\"  ><div class='avia-image-container-inner'><div class='avia-image-overlay-wrap'><img decoding=\"async\" class='wp-image-27924 avia-img-lazy-loading-not-27924 avia_image' src=\"https:\/\/radiorevelacionfm.cl\/wp-content\/uploads\/2023\/02\/TW-ME-1.jpg\" alt='' title='TW-ME (1)' height=\"600\" width=\"1080\"  itemprop=\"thumbnailUrl\" srcset=\"https:\/\/radiorevelacionfm.cl\/wp-content\/uploads\/2023\/02\/TW-ME-1.jpg 1080w, https:\/\/radiorevelacionfm.cl\/wp-content\/uploads\/2023\/02\/TW-ME-1-300x167.jpg 300w, https:\/\/radiorevelacionfm.cl\/wp-content\/uploads\/2023\/02\/TW-ME-1-1030x572.jpg 1030w, https:\/\/radiorevelacionfm.cl\/wp-content\/uploads\/2023\/02\/TW-ME-1-768x427.jpg 768w, https:\/\/radiorevelacionfm.cl\/wp-content\/uploads\/2023\/02\/TW-ME-1-705x392.jpg 705w, https:\/\/radiorevelacionfm.cl\/wp-content\/uploads\/2023\/02\/TW-ME-1-600x333.jpg 600w\" sizes=\"(max-width: 1080px) 100vw, 1080px\" \/><\/div><\/div><\/div><\/div><div class=\"flex_column av_one_full  flex_column_div av-zero-column-padding first  avia-builder-el-2  el_after_av_one_full  el_before_av_one_full  column-top-margin\" style='border-radius:0px; '><section class=\"av_textblock_section \"  itemscope=\"itemscope\" itemtype=\"https:\/\/schema.org\/BlogPosting\" itemprop=\"blogPost\" ><div class='avia_textblock  '   itemprop=\"text\" ><p style=\"text-align: center;\"><strong><span style=\"font-size: 18pt;\">Abren postulaciones al programa Mujer Emprende<\/span><\/strong><\/p>\n<div id=\"gtx-trans\" style=\"position: absolute; left: -50px; top: 4.31534px;\">\n<div class=\"gtx-trans-icon\"><\/div>\n<\/div>\n<\/div><\/section><\/div><div class=\"flex_column av_one_full  flex_column_div av-zero-column-padding first  avia-builder-el-4  el_after_av_one_full  el_before_av_hr  column-top-margin\" style='border-radius:0px; '><section class=\"av_textblock_section \"  itemscope=\"itemscope\" itemtype=\"https:\/\/schema.org\/BlogPosting\" itemprop=\"blogPost\" ><div class='avia_textblock  '   itemprop=\"text\" ><p style=\"text-align: justify;\">Promover la autonom\u00eda econ\u00f3mica de las mujeres, a trav\u00e9s del fortalecimiento de emprendimientos y su continuidad en el tiempo. \u00c9se es el objetivo del <strong>programa Mujer Emprende<\/strong> del Servicio Nacional de la Mujer y la Equidad de G\u00e9nero (<strong>SernamEG<\/strong>) que abri\u00f3 su convocatoria para este a\u00f1o.<\/p>\n<p style=\"text-align: justify;\">El programa est\u00e1 orientado a mujeres mayores de 18 a\u00f1os que tengan un emprendimiento de al menos un a\u00f1o de antig\u00fcedad, sin importar si est\u00e1 formalizado o no. El prop\u00f3sito potenciar las capacidades de las emprendedoras, por ejemplo, en el uso de la tecnolog\u00eda (redes sociales) para hacer crecer sus negocios.<\/p>\n<p style=\"text-align: justify;\">Este a\u00f1o, a prop\u00f3sito de la emergencia por los incendios en distintas regiones del pa\u00eds, la convocatoria extender\u00e1 sus plazos. \u201c\u201cSabemos lo importante que es el programa Mujer Emprende para apoyar a las mujeres con sus negocios y que puedan mejorar la calidad de vida de ellas y sus familias. Por lo mismo, vamos a ampliar la fecha de postulaciones en las regiones afectadas por los incendios y tambi\u00e9n vamos a flexibilizar los requisitos en esos lugares, con el objetivo de aportar con nuestros programas al levantamiento de las zonas afectadas por esta cat\u00e1strofe\u201d, asegur\u00f3 la Directora Nacional del SernamEG, Priscilla Carrasco Pizarro.<\/p>\n<p style=\"text-align: justify;\">De los componentes del programa, la Escuela Mujer Emprende puso a disposici\u00f3n <strong>1.500 cupos de Arica a Magallanes<\/strong>. Adem\u00e1s, est\u00e1n abiertas las postulaciones a otras instancias como apoyos de tutor\u00edas y mentor\u00edas, as\u00ed como capacitaciones en convenio con otras instituciones p\u00fablicas y privadas.<\/p>\n<p style=\"text-align: justify;\">Para postular a la versi\u00f3n 2023 del programa Mujer Emprende, se habilit\u00f3 un formulario digital en el sitio <strong>sernameg.gob.cl, <\/strong>pero tambi\u00e9n las mujeres interesadas pueden solicitar el formulario de manera presencial en las oficinas regionales que el SernmaEG tiene en todo el pa\u00eds.<\/p>\n<\/div><\/section><\/div><div  style='height:50px' class='hr hr-invisible   avia-builder-el-6  el_after_av_one_full  el_before_av_social_share '><span class='hr-inner ' ><span class='hr-inner-style'><\/span><\/span><\/div><\/p>\n<div  class='av-social-sharing-box  avia-builder-el-7  el_after_av_hr  el_before_av_hr  '><div class='av-share-box'><h5 class='av-share-link-description av-no-toc '>Compartir esta noticia<\/h5><ul class='av-share-box-list noLightbox'><li class='av-share-link av-social-link-facebook' ><a target=\"_blank\" aria-label=\"Compartir en Facebook\" href='https:\/\/www.facebook.com\/sharer.php?u=https:\/\/radiorevelacionfm.cl\/?p=27923&#038;t=Abren%20postulaciones%20al%20programa%20Mujer%20Emprende' aria-hidden='false' data-av_icon='\ue8f3' data-av_iconfont='entypo-fontello' title='' data-avia-related-tooltip='Compartir en Facebook' rel=\"noopener\"><span class='avia_hidden_link_text'>Compartir en Facebook<\/span><\/a><\/li><li class='av-share-link av-social-link-twitter' ><a target=\"_blank\" aria-label=\"Compartir en Twitter\" href='https:\/\/twitter.com\/share?text=Abren%20postulaciones%20al%20programa%20Mujer%20Emprende&#038;url=https:\/\/radiorevelacionfm.cl\/?p=27923' aria-hidden='false' data-av_icon='\ue8f1' data-av_iconfont='entypo-fontello' title='' data-avia-related-tooltip='Compartir en Twitter' rel=\"noopener\"><span class='avia_hidden_link_text'>Compartir en Twitter<\/span><\/a><\/li><li class='av-share-link av-social-link-whatsapp' ><a target=\"_blank\" aria-label=\"Compartir en Whatsapp\" href='https:\/\/api.whatsapp.com\/send?text=https:\/\/radiorevelacionfm.cl\/?p=27923' aria-hidden='false' data-av_icon='\uf232' data-av_iconfont='entypo-fontello' title='' data-avia-related-tooltip='Compartir en Whatsapp' rel=\"noopener\"><span class='avia_hidden_link_text'>Compartir en Whatsapp<\/span><\/a><\/li><li class='av-share-link av-social-link-linkedin' ><a target=\"_blank\" aria-label=\"Compartir en LinkedIn\" href='https:\/\/linkedin.com\/shareArticle?mini=true&#038;title=Abren%20postulaciones%20al%20programa%20Mujer%20Emprende&#038;url=https:\/\/radiorevelacionfm.cl\/?p=27923' aria-hidden='false' data-av_icon='\ue8fc' data-av_iconfont='entypo-fontello' title='' data-avia-related-tooltip='Compartir en LinkedIn' rel=\"noopener\"><span class='avia_hidden_link_text'>Compartir en LinkedIn<\/span><\/a><\/li><li class='av-share-link av-social-link-mail' ><a  aria-label=\"Compartir por correo\" href='mailto:?subject=Abren%20postulaciones%20al%20programa%20Mujer%20Emprende&#038;body=https:\/\/radiorevelacionfm.cl\/?p=27923' aria-hidden='false' data-av_icon='\ue805' data-av_iconfont='entypo-fontello' title='' data-avia-related-tooltip='Compartir por correo'><span class='avia_hidden_link_text'>Compartir por correo<\/span><\/a><\/li><\/ul><\/div><\/div>\n<div  style='height:50px' class='hr hr-invisible   avia-builder-el-8  el_after_av_social_share  el_before_av_comments_list '><span class='hr-inner ' ><span class='hr-inner-style'><\/span><\/span><\/div>\n<div  class='av-buildercomment  av-blog-meta-html-info-disabled av-blog-meta-tag-disabled  '><\/div>\n","protected":false},"excerpt":{"rendered":"","protected":false},"author":1,"featured_media":27924,"comment_status":"open","ping_status":"open","sticky":false,"template":"","format":"standard","meta":{"footnotes":""},"categories":[38],"tags":[],"class_list":["post-27923","post","type-post","status-publish","format-standard","has-post-thumbnail","hentry","category-regional"],"jetpack_featured_media_url":"https:\/\/radiorevelacionfm.cl\/wp-content\/uploads\/2023\/02\/TW-ME-1.jpg","_links":{"self":[{"href":"https:\/\/radiorevelacionfm.cl\/index.php?rest_route=\/wp\/v2\/posts\/27923","targetHints":{"allow":["GET"]}}],"collection":[{"href":"https:\/\/radiorevelacionfm.cl\/index.php?rest_route=\/wp\/v2\/posts"}],"about":[{"href":"https:\/\/radiorevelacionfm.cl\/index.php?rest_route=\/wp\/v2\/types\/post"}],"author":[{"embeddable":true,"href":"https:\/\/radiorevelacionfm.cl\/index.php?rest_route=\/wp\/v2\/users\/1"}],"replies":[{"embeddable":true,"href":"https:\/\/radiorevelacionfm.cl\/index.php?rest_route=%2Fwp%2Fv2%2Fcomments&post=27923"}],"version-history":[{"count":2,"href":"https:\/\/radiorevelacionfm.cl\/index.php?rest_route=\/wp\/v2\/posts\/27923\/revisions"}],"predecessor-version":[{"id":27946,"href":"https:\/\/radiorevelacionfm.cl\/index.php?rest_route=\/wp\/v2\/posts\/27923\/revisions\/27946"}],"wp:featuredmedia":[{"embeddable":true,"href":"https:\/\/radiorevelacionfm.cl\/index.php?rest_route=\/wp\/v2\/media\/27924"}],"wp:attachment":[{"href":"https:\/\/radiorevelacionfm.cl\/index.php?rest_route=%2Fwp%2Fv2%2Fmedia&parent=27923"}],"wp:term":[{"taxonomy":"category","embeddable":true,"href":"https:\/\/radiorevelacionfm.cl\/index.php?rest_route=%2Fwp%2Fv2%2Fcategories&post=27923"},{"taxonomy":"post_tag","embeddable":true,"href":"https:\/\/radiorevelacionfm.cl\/index.php?rest_route=%2Fwp%2Fv2%2Ftags&post=27923"}],"curies":[{"name":"wp","href":"https:\/\/api.w.org\/{rel}","templated":true}]}}