{"id":27919,"date":"2023-02-17T10:17:36","date_gmt":"2023-02-17T13:17:36","guid":{"rendered":"https:\/\/radiorevelacionfm.cl\/?p=27919"},"modified":"2023-02-17T10:17:36","modified_gmt":"2023-02-17T13:17:36","slug":"indh-y-fosis-firman-convenio-regional-para-trabajar-en-la-inclusion-y-desarrollo-de-grupos-objetivos","status":"publish","type":"post","link":"https:\/\/radiorevelacionfm.cl\/?p=27919","title":{"rendered":"INDH y FOSIS firman convenio regional para trabajar en la inclusi\u00f3n y desarrollo de grupos objetivos"},"content":{"rendered":"<div class=\"flex_column av_one_full  flex_column_div av-zero-column-padding first  avia-builder-el-0  el_before_av_one_full  avia-builder-el-first  \" style='border-radius:0px; '><div  class='avia-image-container  av-styling-    avia-builder-el-1  avia-builder-el-no-sibling  avia-align-center '  itemprop=\"image\" itemscope=\"itemscope\" itemtype=\"https:\/\/schema.org\/ImageObject\"  ><div class='avia-image-container-inner'><div class='avia-image-overlay-wrap'><img decoding=\"async\" class='wp-image-27920 avia-img-lazy-loading-not-27920 avia_image' src=\"https:\/\/radiorevelacionfm.cl\/wp-content\/uploads\/2023\/02\/fosis-indh-1_optimized.jpeg\" alt='' title='fosis-indh-(1)_optimized' height=\"600\" width=\"1067\"  itemprop=\"thumbnailUrl\" srcset=\"https:\/\/radiorevelacionfm.cl\/wp-content\/uploads\/2023\/02\/fosis-indh-1_optimized.jpeg 1067w, https:\/\/radiorevelacionfm.cl\/wp-content\/uploads\/2023\/02\/fosis-indh-1_optimized-300x169.jpeg 300w, https:\/\/radiorevelacionfm.cl\/wp-content\/uploads\/2023\/02\/fosis-indh-1_optimized-1030x579.jpeg 1030w, https:\/\/radiorevelacionfm.cl\/wp-content\/uploads\/2023\/02\/fosis-indh-1_optimized-768x432.jpeg 768w, https:\/\/radiorevelacionfm.cl\/wp-content\/uploads\/2023\/02\/fosis-indh-1_optimized-705x396.jpeg 705w, https:\/\/radiorevelacionfm.cl\/wp-content\/uploads\/2023\/02\/fosis-indh-1_optimized-600x337.jpeg 600w\" sizes=\"(max-width: 1067px) 100vw, 1067px\" \/><\/div><\/div><\/div><\/div><div class=\"flex_column av_one_full  flex_column_div av-zero-column-padding first  avia-builder-el-2  el_after_av_one_full  el_before_av_one_full  column-top-margin\" style='border-radius:0px; '><section class=\"av_textblock_section \"  itemscope=\"itemscope\" itemtype=\"https:\/\/schema.org\/BlogPosting\" itemprop=\"blogPost\" ><div class='avia_textblock  '   itemprop=\"text\" ><p style=\"text-align: center;\"><span style=\"font-size: 18pt;\"><strong>INDH y FOSIS firman convenio regional para trabajar en la inclusi\u00f3n y desarrollo de grupos objetivos <\/strong><\/span><\/p>\n<div id=\"gtx-trans\" style=\"position: absolute; left: -50px; top: 4.31534px;\">\n<div class=\"gtx-trans-icon\"><\/div>\n<\/div>\n<\/div><\/section><\/div><div class=\"flex_column av_one_full  flex_column_div av-zero-column-padding first  avia-builder-el-4  el_after_av_one_full  el_before_av_hr  column-top-margin\" style='border-radius:0px; '><section class=\"av_textblock_section \"  itemscope=\"itemscope\" itemtype=\"https:\/\/schema.org\/BlogPosting\" itemprop=\"blogPost\" ><div class='avia_textblock  '   itemprop=\"text\" ><p style=\"text-align: justify;\">En dependencias del Instituto Nacional de Derechos Humanos (INDH) en Coyhaique, se reunieron autoridades regionales del Fondo de Solidaridad e Inversi\u00f3n Socia (FOSIS) e INDH, a compartir con representantes de organizaciones de personas migrantes, diversidades sexo gen\u00e9ricas y emprendedoras; para contarles sobre los alcances de la firma de esta alianza.<\/p>\n<p style=\"text-align: justify;\">El Presidente de la ONG Diversa Patagonia, Israel Cort\u00e9s, manifest\u00f3 que \u201cme parece s\u00faper relevante que hoy estemos celebrando este convenio ya que, en el caso de nosotres, se trata de una de las poblaciones m\u00e1s discriminadas y excluidas de la sociedad, por lo que tenemos muchas menos habilidades y herramientas para enfrentar tanto la educaci\u00f3n como el \u00e1rea laboral. Este convenio va a trabajar la educaci\u00f3n y sensibilizaci\u00f3n hacia la poblaci\u00f3n y emprendedores en general, junto con motivar a que otros emprendedores de nuestra comunidad puedan surgir\u201d.<\/p>\n<p style=\"text-align: justify;\">Fernanda Leiva, Directora Regional del FOSIS en Ays\u00e9n, destac\u00f3 que \u00abesta alianza de colaboraci\u00f3n con el Instituto Nacional de Derechos Humanos, nos invita a seguir trabajando y ejecutando acciones conjuntas de manera coordinada en favor de personas, familias y comunidades que necesitan integrarse y desarrollarse en su entorno; a trav\u00e9s de este convenio queremos continuar generando espacios de promoci\u00f3n, difusi\u00f3n y educaci\u00f3n en temas de transversal inter\u00e9s para emprendedoras, personas migrantes y diversidades sexo gen\u00e9ricas.\u00bb<\/p>\n<p style=\"text-align: justify;\">El Jefe Regional del Instituto Nacional de Derechos Humanos en Ays\u00e9n, Joaqu\u00edn Bizama, valor\u00f3 positivamente la instancia y el trabajo mancomunado que se proyecta, agregando que \u201cquisimos darle la formalidad necesaria a la colaboraci\u00f3n que ya hab\u00edamos tenido el a\u00f1o pasado con FOSIS, donde realizamos varias actividades en favor de mujeres y personas migrante, y quisimos ampliar esta mirada a las diversidades sexo gen\u00e9ricas, a trav\u00e9s de la firma de un convenio en dos \u00e1reas: Educaci\u00f3n y promoci\u00f3n de derechos humanos.\u201d<\/p>\n<p style=\"text-align: justify;\">El objetivo del convenio es trabajar de forma complementaria y coordinada en acciones que favorezcan el desarrollo social de personas, hogares y comunidades de la regi\u00f3n de Ays\u00e9n; a trav\u00e9s de la educaci\u00f3n y promoci\u00f3n de derechos humanos, generando instancias como capacitaciones, talleres, conversatorios, ferias y actividades p\u00fablicas.<\/p>\n<\/div><\/section><\/div><div  style='height:50px' class='hr hr-invisible   avia-builder-el-6  el_after_av_one_full  el_before_av_social_share '><span class='hr-inner ' ><span class='hr-inner-style'><\/span><\/span><\/div><\/p>\n<div  class='av-social-sharing-box  avia-builder-el-7  el_after_av_hr  el_before_av_hr  '><div class='av-share-box'><h5 class='av-share-link-description av-no-toc '>Compartir esta noticia<\/h5><ul class='av-share-box-list noLightbox'><li class='av-share-link av-social-link-facebook' ><a target=\"_blank\" aria-label=\"Compartir en Facebook\" href='https:\/\/www.facebook.com\/sharer.php?u=https:\/\/radiorevelacionfm.cl\/?p=27919&#038;t=INDH%20y%20FOSIS%20firman%20convenio%20regional%20para%20trabajar%20en%20la%20inclusi%C3%B3n%20y%20desarrollo%20de%20grupos%20objetivos' aria-hidden='false' data-av_icon='\ue8f3' data-av_iconfont='entypo-fontello' title='' data-avia-related-tooltip='Compartir en Facebook' rel=\"noopener\"><span class='avia_hidden_link_text'>Compartir en Facebook<\/span><\/a><\/li><li class='av-share-link av-social-link-twitter' ><a target=\"_blank\" aria-label=\"Compartir en Twitter\" href='https:\/\/twitter.com\/share?text=INDH%20y%20FOSIS%20firman%20convenio%20regional%20para%20trabajar%20en%20la%20inclusi%C3%B3n%20y%20desarrollo%20de%20grupos%20objetivos&#038;url=https:\/\/radiorevelacionfm.cl\/?p=27919' aria-hidden='false' data-av_icon='\ue8f1' data-av_iconfont='entypo-fontello' title='' data-avia-related-tooltip='Compartir en Twitter' rel=\"noopener\"><span class='avia_hidden_link_text'>Compartir en Twitter<\/span><\/a><\/li><li class='av-share-link av-social-link-whatsapp' ><a target=\"_blank\" aria-label=\"Compartir en Whatsapp\" href='https:\/\/api.whatsapp.com\/send?text=https:\/\/radiorevelacionfm.cl\/?p=27919' aria-hidden='false' data-av_icon='\uf232' data-av_iconfont='entypo-fontello' title='' data-avia-related-tooltip='Compartir en Whatsapp' rel=\"noopener\"><span class='avia_hidden_link_text'>Compartir en Whatsapp<\/span><\/a><\/li><li class='av-share-link av-social-link-linkedin' ><a target=\"_blank\" aria-label=\"Compartir en LinkedIn\" href='https:\/\/linkedin.com\/shareArticle?mini=true&#038;title=INDH%20y%20FOSIS%20firman%20convenio%20regional%20para%20trabajar%20en%20la%20inclusi%C3%B3n%20y%20desarrollo%20de%20grupos%20objetivos&#038;url=https:\/\/radiorevelacionfm.cl\/?p=27919' aria-hidden='false' data-av_icon='\ue8fc' data-av_iconfont='entypo-fontello' title='' data-avia-related-tooltip='Compartir en LinkedIn' rel=\"noopener\"><span class='avia_hidden_link_text'>Compartir en LinkedIn<\/span><\/a><\/li><li class='av-share-link av-social-link-mail' ><a  aria-label=\"Compartir por correo\" href='mailto:?subject=INDH%20y%20FOSIS%20firman%20convenio%20regional%20para%20trabajar%20en%20la%20inclusi%C3%B3n%20y%20desarrollo%20de%20grupos%20objetivos&#038;body=https:\/\/radiorevelacionfm.cl\/?p=27919' aria-hidden='false' data-av_icon='\ue805' data-av_iconfont='entypo-fontello' title='' data-avia-related-tooltip='Compartir por correo'><span class='avia_hidden_link_text'>Compartir por correo<\/span><\/a><\/li><\/ul><\/div><\/div>\n<div  style='height:50px' class='hr hr-invisible   avia-builder-el-8  el_after_av_social_share  el_before_av_comments_list '><span class='hr-inner ' ><span class='hr-inner-style'><\/span><\/span><\/div>\n<div  class='av-buildercomment  av-blog-meta-html-info-disabled av-blog-meta-tag-disabled  '><\/div>\n","protected":false},"excerpt":{"rendered":"","protected":false},"author":1,"featured_media":27920,"comment_status":"open","ping_status":"open","sticky":false,"template":"","format":"standard","meta":{"footnotes":""},"categories":[38],"tags":[],"class_list":["post-27919","post","type-post","status-publish","format-standard","has-post-thumbnail","hentry","category-regional"],"jetpack_featured_media_url":"https:\/\/radiorevelacionfm.cl\/wp-content\/uploads\/2023\/02\/fosis-indh-1_optimized.jpeg","_links":{"self":[{"href":"https:\/\/radiorevelacionfm.cl\/index.php?rest_route=\/wp\/v2\/posts\/27919","targetHints":{"allow":["GET"]}}],"collection":[{"href":"https:\/\/radiorevelacionfm.cl\/index.php?rest_route=\/wp\/v2\/posts"}],"about":[{"href":"https:\/\/radiorevelacionfm.cl\/index.php?rest_route=\/wp\/v2\/types\/post"}],"author":[{"embeddable":true,"href":"https:\/\/radiorevelacionfm.cl\/index.php?rest_route=\/wp\/v2\/users\/1"}],"replies":[{"embeddable":true,"href":"https:\/\/radiorevelacionfm.cl\/index.php?rest_route=%2Fwp%2Fv2%2Fcomments&post=27919"}],"version-history":[{"count":2,"href":"https:\/\/radiorevelacionfm.cl\/index.php?rest_route=\/wp\/v2\/posts\/27919\/revisions"}],"predecessor-version":[{"id":27944,"href":"https:\/\/radiorevelacionfm.cl\/index.php?rest_route=\/wp\/v2\/posts\/27919\/revisions\/27944"}],"wp:featuredmedia":[{"embeddable":true,"href":"https:\/\/radiorevelacionfm.cl\/index.php?rest_route=\/wp\/v2\/media\/27920"}],"wp:attachment":[{"href":"https:\/\/radiorevelacionfm.cl\/index.php?rest_route=%2Fwp%2Fv2%2Fmedia&parent=27919"}],"wp:term":[{"taxonomy":"category","embeddable":true,"href":"https:\/\/radiorevelacionfm.cl\/index.php?rest_route=%2Fwp%2Fv2%2Fcategories&post=27919"},{"taxonomy":"post_tag","embeddable":true,"href":"https:\/\/radiorevelacionfm.cl\/index.php?rest_route=%2Fwp%2Fv2%2Ftags&post=27919"}],"curies":[{"name":"wp","href":"https:\/\/api.w.org\/{rel}","templated":true}]}}