{"id":27912,"date":"2023-02-16T16:29:30","date_gmt":"2023-02-16T19:29:30","guid":{"rendered":"https:\/\/radiorevelacionfm.cl\/?p=27912"},"modified":"2023-02-16T16:29:30","modified_gmt":"2023-02-16T19:29:30","slug":"por-primera-vez-una-mujer-asume-la-direccion-del-centro-de-salud-familiar-de-puerto-aysen","status":"publish","type":"post","link":"https:\/\/radiorevelacionfm.cl\/?p=27912","title":{"rendered":"Por primera vez una mujer asume la direcci\u00f3n del Centro de Salud Familiar de Puerto Ays\u00e9n"},"content":{"rendered":"<div class=\"flex_column av_one_full  flex_column_div av-zero-column-padding first  avia-builder-el-0  el_before_av_one_full  avia-builder-el-first  \" style='border-radius:0px; '><div  class='avia-image-container  av-styling-    avia-builder-el-1  avia-builder-el-no-sibling  avia-align-center '  itemprop=\"image\" itemscope=\"itemscope\" itemtype=\"https:\/\/schema.org\/ImageObject\"  ><div class='avia-image-container-inner'><div class='avia-image-overlay-wrap'><img decoding=\"async\" class='wp-image-27913 avia-img-lazy-loading-not-27913 avia_image' src=\"https:\/\/radiorevelacionfm.cl\/wp-content\/uploads\/2023\/02\/NUEVA-DIRECTOR-CESFAM-AYSEN-6-2-1.jpeg\" alt='' title='NUEVA DIRECTOR CESFAM AYS\u00c9N (6) (2) (1)' height=\"600\" width=\"751\"  itemprop=\"thumbnailUrl\" srcset=\"https:\/\/radiorevelacionfm.cl\/wp-content\/uploads\/2023\/02\/NUEVA-DIRECTOR-CESFAM-AYSEN-6-2-1.jpeg 751w, https:\/\/radiorevelacionfm.cl\/wp-content\/uploads\/2023\/02\/NUEVA-DIRECTOR-CESFAM-AYSEN-6-2-1-300x240.jpeg 300w, https:\/\/radiorevelacionfm.cl\/wp-content\/uploads\/2023\/02\/NUEVA-DIRECTOR-CESFAM-AYSEN-6-2-1-705x563.jpeg 705w, https:\/\/radiorevelacionfm.cl\/wp-content\/uploads\/2023\/02\/NUEVA-DIRECTOR-CESFAM-AYSEN-6-2-1-600x479.jpeg 600w\" sizes=\"(max-width: 751px) 100vw, 751px\" \/><\/div><\/div><\/div><\/div><div class=\"flex_column av_one_full  flex_column_div av-zero-column-padding first  avia-builder-el-2  el_after_av_one_full  el_before_av_one_full  column-top-margin\" style='border-radius:0px; '><section class=\"av_textblock_section \"  itemscope=\"itemscope\" itemtype=\"https:\/\/schema.org\/BlogPosting\" itemprop=\"blogPost\" ><div class='avia_textblock  '   itemprop=\"text\" ><p style=\"text-align: center;\"><strong><span style=\"font-size: 18pt;\">Por primera vez una mujer asume la direcci\u00f3n del Centro de Salud Familiar de Puerto Ays\u00e9n<\/span><\/strong><\/p>\n<div id=\"gtx-trans\" style=\"position: absolute; left: -50px; top: 4.31534px;\">\n<div class=\"gtx-trans-icon\"><\/div>\n<\/div>\n<\/div><\/section><\/div><div class=\"flex_column av_one_full  flex_column_div av-zero-column-padding first  avia-builder-el-4  el_after_av_one_full  el_before_av_hr  column-top-margin\" style='border-radius:0px; '><section class=\"av_textblock_section \"  itemscope=\"itemscope\" itemtype=\"https:\/\/schema.org\/BlogPosting\" itemprop=\"blogPost\" ><div class='avia_textblock  '   itemprop=\"text\" ><p style=\"font-weight: 400; text-align: justify;\">En las oficinas del Centro de Salud Familiar de Puerto Ays\u00e9n, el Director (s) del Servicio de Salud Ays\u00e9n, Claudio Arriagada Momberg, firm\u00f3 la tarde de este mi\u00e9rcoles la resoluci\u00f3n que nombra a la nueva directora del establecimiento, la Dra. Milenka Adofacci Zamora, dentista de dilatada trayectoria en la comuna.<\/p>\n<p style=\"font-weight: 400; text-align: justify;\">De esta forma y por primera vez, una mujer asume este importante rol en la Atenci\u00f3n Primaria porte\u00f1a. \u201cHay que reconocer que es la primera mujer que asume el desaf\u00edo de este CESFAM, creado el 2017. Se espera tener un establecimiento nuevo y con la Doctora Adofacci avanzar en los procesos, de largo aliento, que iniciaron sus antecesores y concretar los compromisos de Gobiernos de nuestro Presidente Gabriel Boric\u201d, indic\u00f3 la Directora (s) de Atenci\u00f3n Primaria, Lorena Guerrero Avenda\u00f1o.<\/p>\n<p style=\"font-weight: 400; text-align: justify;\">Hace dos semanas se inici\u00f3 el trabajo de traspaso de la administraci\u00f3n del Centro de Salud Familiar, proceso en el que tuvo una participaci\u00f3n activa el ahora Exdirector, Dr. C\u00e9sar Reguero Zapata, quien asumir\u00e1 nuevas tareas en el Servicio de Salud Ays\u00e9n.<\/p>\n<p style=\"font-weight: 400; text-align: justify;\">\u201cNuestra regi\u00f3n tiene una belleza muy grande, pero tambi\u00e9n grandes desaf\u00edos por el aislamiento, dificultades clim\u00e1ticas y poder hacer que los recursos lleguen a donde m\u00e1s se necesitan. Creo que con trabajo en equipo hemos logrado avanzar, pero a\u00fan falta mucho y para ello contamos con una nueva directora para hacer frente a este desaf\u00edo\u201d, se\u00f1al\u00f3 el Dr. Reguero.<\/p>\n<p style=\"font-weight: 400; text-align: justify;\">La Doctora Milenka Adofacci Zamora, actualmente se encuentra cursando un Magister en Atenci\u00f3n Primaria Post Pandemia, en la Universidad de los Andes, formaci\u00f3n que se suma a su Master en Salud P\u00fablica y diversos diplomados desarrollados en materia de gesti\u00f3n y estrategias en Salud.<\/p>\n<p style=\"font-weight: 400; text-align: justify;\">\u201cEs s\u00faper significativo volver al CESFAM, porque ac\u00e1 est\u00e1n los funcionarios que formaban parte del antiguo hospital y volver a verlos de manera cercana, no solo como vecinos, es gratificante. Asumo el desaf\u00edo para poder poner en pr\u00e1ctica el aprendizaje adquirido en el Hospital de Puerto Ays\u00e9n, as\u00ed que vengo con las ganas y la disposici\u00f3n para poder entregar lo mejor de m\u00ed\u201d, agreg\u00f3 la Dra. Adofacci.<\/p>\n<p style=\"font-weight: 400; text-align: justify;\">Desde el Servicio de Salud Ays\u00e9n destacaron las capacidades de la nueva Directora y agradecieron el trabajo desarrollado por el Dr. C\u00e9sar Reguero Zapata.<\/p>\n<p style=\"font-weight: 400; text-align: justify;\">\u201cEl Doctor Reguero asumir\u00e1 un nuevo cargo, donde encabezar\u00e1 la confecci\u00f3n del presupuesto regional de APS y tambi\u00e9n el plan LIDERA que busca levantar la brecha regional para presentar los proyectos que correspondan. Mientras que la Doctora Adofacci asumir\u00e1 la tarea de llevar adelante el plan de desarrollo de la Atenci\u00f3n Primaria que implica el trabajo con la comunidad en los territorios y tambi\u00e9n con las y los funcionarios\u201d, destac\u00f3 Claudio Arriagada Momberg, Director (s) del SSA.<\/p>\n<p style=\"font-weight: 400; text-align: justify;\">La Doctora Adoffaci, adem\u00e1s de su amplia formaci\u00f3n acad\u00e9mica, ha destacado por su participaci\u00f3n voluntaria y desinteresada en iniciativas sociales y comunitarias como la Cl\u00ednica Dental Popular, desarrollada en Coyhaique junto a la Uni\u00f3n Nacional de Pensionados; y el proyecto de habilitaci\u00f3n de box dentales junto a la J.J.V.V. La Chacra de Villa Ma\u00f1ihuales.<\/p>\n<\/div><\/section><\/div><div  style='height:50px' class='hr hr-invisible   avia-builder-el-6  el_after_av_one_full  el_before_av_social_share '><span class='hr-inner ' ><span class='hr-inner-style'><\/span><\/span><\/div><\/p>\n<div  class='av-social-sharing-box  avia-builder-el-7  el_after_av_hr  el_before_av_hr  '><div class='av-share-box'><h5 class='av-share-link-description av-no-toc '>Compartir esta noticia<\/h5><ul class='av-share-box-list noLightbox'><li class='av-share-link av-social-link-facebook' ><a target=\"_blank\" aria-label=\"Compartir en Facebook\" href='https:\/\/www.facebook.com\/sharer.php?u=https:\/\/radiorevelacionfm.cl\/?p=27912&#038;t=Por%20primera%20vez%20una%20mujer%20asume%20la%20direcci%C3%B3n%20del%20Centro%20de%20Salud%20Familiar%20de%20Puerto%20Ays%C3%A9n' aria-hidden='false' data-av_icon='\ue8f3' data-av_iconfont='entypo-fontello' title='' data-avia-related-tooltip='Compartir en Facebook' rel=\"noopener\"><span class='avia_hidden_link_text'>Compartir en Facebook<\/span><\/a><\/li><li class='av-share-link av-social-link-twitter' ><a target=\"_blank\" aria-label=\"Compartir en Twitter\" href='https:\/\/twitter.com\/share?text=Por%20primera%20vez%20una%20mujer%20asume%20la%20direcci%C3%B3n%20del%20Centro%20de%20Salud%20Familiar%20de%20Puerto%20Ays%C3%A9n&#038;url=https:\/\/radiorevelacionfm.cl\/?p=27912' aria-hidden='false' data-av_icon='\ue8f1' data-av_iconfont='entypo-fontello' title='' data-avia-related-tooltip='Compartir en Twitter' rel=\"noopener\"><span class='avia_hidden_link_text'>Compartir en Twitter<\/span><\/a><\/li><li class='av-share-link av-social-link-whatsapp' ><a target=\"_blank\" aria-label=\"Compartir en Whatsapp\" href='https:\/\/api.whatsapp.com\/send?text=https:\/\/radiorevelacionfm.cl\/?p=27912' aria-hidden='false' data-av_icon='\uf232' data-av_iconfont='entypo-fontello' title='' data-avia-related-tooltip='Compartir en Whatsapp' rel=\"noopener\"><span class='avia_hidden_link_text'>Compartir en Whatsapp<\/span><\/a><\/li><li class='av-share-link av-social-link-linkedin' ><a target=\"_blank\" aria-label=\"Compartir en LinkedIn\" href='https:\/\/linkedin.com\/shareArticle?mini=true&#038;title=Por%20primera%20vez%20una%20mujer%20asume%20la%20direcci%C3%B3n%20del%20Centro%20de%20Salud%20Familiar%20de%20Puerto%20Ays%C3%A9n&#038;url=https:\/\/radiorevelacionfm.cl\/?p=27912' aria-hidden='false' data-av_icon='\ue8fc' data-av_iconfont='entypo-fontello' title='' data-avia-related-tooltip='Compartir en LinkedIn' rel=\"noopener\"><span class='avia_hidden_link_text'>Compartir en LinkedIn<\/span><\/a><\/li><li class='av-share-link av-social-link-mail' ><a  aria-label=\"Compartir por correo\" href='mailto:?subject=Por%20primera%20vez%20una%20mujer%20asume%20la%20direcci%C3%B3n%20del%20Centro%20de%20Salud%20Familiar%20de%20Puerto%20Ays%C3%A9n&#038;body=https:\/\/radiorevelacionfm.cl\/?p=27912' aria-hidden='false' data-av_icon='\ue805' data-av_iconfont='entypo-fontello' title='' data-avia-related-tooltip='Compartir por correo'><span class='avia_hidden_link_text'>Compartir por correo<\/span><\/a><\/li><\/ul><\/div><\/div>\n<div  style='height:50px' class='hr hr-invisible   avia-builder-el-8  el_after_av_social_share  el_before_av_comments_list '><span class='hr-inner ' ><span class='hr-inner-style'><\/span><\/span><\/div>\n<div  class='av-buildercomment  av-blog-meta-html-info-disabled av-blog-meta-tag-disabled  '><\/div>\n","protected":false},"excerpt":{"rendered":"","protected":false},"author":1,"featured_media":27913,"comment_status":"open","ping_status":"open","sticky":false,"template":"","format":"standard","meta":{"footnotes":""},"categories":[46],"tags":[],"class_list":["post-27912","post","type-post","status-publish","format-standard","has-post-thumbnail","hentry","category-salud"],"jetpack_featured_media_url":"https:\/\/radiorevelacionfm.cl\/wp-content\/uploads\/2023\/02\/NUEVA-DIRECTOR-CESFAM-AYSEN-6-2-1.jpeg","_links":{"self":[{"href":"https:\/\/radiorevelacionfm.cl\/index.php?rest_route=\/wp\/v2\/posts\/27912","targetHints":{"allow":["GET"]}}],"collection":[{"href":"https:\/\/radiorevelacionfm.cl\/index.php?rest_route=\/wp\/v2\/posts"}],"about":[{"href":"https:\/\/radiorevelacionfm.cl\/index.php?rest_route=\/wp\/v2\/types\/post"}],"author":[{"embeddable":true,"href":"https:\/\/radiorevelacionfm.cl\/index.php?rest_route=\/wp\/v2\/users\/1"}],"replies":[{"embeddable":true,"href":"https:\/\/radiorevelacionfm.cl\/index.php?rest_route=%2Fwp%2Fv2%2Fcomments&post=27912"}],"version-history":[{"count":2,"href":"https:\/\/radiorevelacionfm.cl\/index.php?rest_route=\/wp\/v2\/posts\/27912\/revisions"}],"predecessor-version":[{"id":27926,"href":"https:\/\/radiorevelacionfm.cl\/index.php?rest_route=\/wp\/v2\/posts\/27912\/revisions\/27926"}],"wp:featuredmedia":[{"embeddable":true,"href":"https:\/\/radiorevelacionfm.cl\/index.php?rest_route=\/wp\/v2\/media\/27913"}],"wp:attachment":[{"href":"https:\/\/radiorevelacionfm.cl\/index.php?rest_route=%2Fwp%2Fv2%2Fmedia&parent=27912"}],"wp:term":[{"taxonomy":"category","embeddable":true,"href":"https:\/\/radiorevelacionfm.cl\/index.php?rest_route=%2Fwp%2Fv2%2Fcategories&post=27912"},{"taxonomy":"post_tag","embeddable":true,"href":"https:\/\/radiorevelacionfm.cl\/index.php?rest_route=%2Fwp%2Fv2%2Ftags&post=27912"}],"curies":[{"name":"wp","href":"https:\/\/api.w.org\/{rel}","templated":true}]}}