{"id":27909,"date":"2023-02-16T15:20:25","date_gmt":"2023-02-16T18:20:25","guid":{"rendered":"https:\/\/radiorevelacionfm.cl\/?p=27909"},"modified":"2023-02-16T15:20:25","modified_gmt":"2023-02-16T18:20:25","slug":"agrupacion-de-baile-aysenina-star-dance-representara-a-la-comuna-en-competencia-internacional-en-mexico","status":"publish","type":"post","link":"https:\/\/radiorevelacionfm.cl\/?p=27909","title":{"rendered":"Agrupaci\u00f3n de baile aysenina Star Dance representar\u00e1 a la comuna en competencia internacional en M\u00e9xico"},"content":{"rendered":"<div class=\"flex_column av_one_full  flex_column_div av-zero-column-padding first  avia-builder-el-0  el_before_av_one_full  avia-builder-el-first  \" style='border-radius:0px; '><div  class='avia-image-container  av-styling-    avia-builder-el-1  avia-builder-el-no-sibling  avia-align-center '  itemprop=\"image\" itemscope=\"itemscope\" itemtype=\"https:\/\/schema.org\/ImageObject\"  ><div class='avia-image-container-inner'><div class='avia-image-overlay-wrap'><img decoding=\"async\" class='wp-image-27910 avia-img-lazy-loading-not-27910 avia_image' src=\"https:\/\/radiorevelacionfm.cl\/wp-content\/uploads\/2023\/02\/1676548958591-1-1-1.jpg\" alt='' title='1676548958591 (1) (1) (1)' height=\"600\" width=\"800\"  itemprop=\"thumbnailUrl\" srcset=\"https:\/\/radiorevelacionfm.cl\/wp-content\/uploads\/2023\/02\/1676548958591-1-1-1.jpg 800w, https:\/\/radiorevelacionfm.cl\/wp-content\/uploads\/2023\/02\/1676548958591-1-1-1-300x225.jpg 300w, https:\/\/radiorevelacionfm.cl\/wp-content\/uploads\/2023\/02\/1676548958591-1-1-1-768x576.jpg 768w, https:\/\/radiorevelacionfm.cl\/wp-content\/uploads\/2023\/02\/1676548958591-1-1-1-705x529.jpg 705w, https:\/\/radiorevelacionfm.cl\/wp-content\/uploads\/2023\/02\/1676548958591-1-1-1-600x450.jpg 600w\" sizes=\"(max-width: 800px) 100vw, 800px\" \/><\/div><\/div><\/div><\/div><div class=\"flex_column av_one_full  flex_column_div av-zero-column-padding first  avia-builder-el-2  el_after_av_one_full  el_before_av_one_full  column-top-margin\" style='border-radius:0px; '><section class=\"av_textblock_section \"  itemscope=\"itemscope\" itemtype=\"https:\/\/schema.org\/BlogPosting\" itemprop=\"blogPost\" ><div class='avia_textblock  '   itemprop=\"text\" ><p style=\"text-align: center;\"><strong><span style=\"font-size: 18pt;\">Agrupaci\u00f3n de baile aysenina Star Dance representar\u00e1 a la comuna en competencia internacional en M\u00e9xico<\/span><\/strong><\/p>\n<div id=\"gtx-trans\" style=\"position: absolute; left: -50px; top: 4.31534px;\">\n<div class=\"gtx-trans-icon\"><\/div>\n<\/div>\n<\/div><\/section><\/div><div class=\"flex_column av_one_full  flex_column_div av-zero-column-padding first  avia-builder-el-4  el_after_av_one_full  el_before_av_hr  column-top-margin\" style='border-radius:0px; '><section class=\"av_textblock_section \"  itemscope=\"itemscope\" itemtype=\"https:\/\/schema.org\/BlogPosting\" itemprop=\"blogPost\" ><div class='avia_textblock  '   itemprop=\"text\" ><p style=\"text-align: justify;\">Este mi\u00e9rcoles, el alcalde (s) de Ays\u00e9n, Marco Co\u00f1uecar, visit\u00f3 a las personas que integran la academia de baile Star Dance, quienes tras ganar el segundo lugar en la categor\u00eda Teen &#8211; Commercial Dance en el Stage Dance de Santiago, fueron seleccionados para participar de una competencia internacional en M\u00e9xico, en el que competir\u00e1n junto a agrupaciones de diversos pa\u00edses.<\/p>\n<p style=\"text-align: justify;\">\u201cAgradecemos la invitaci\u00f3n de la entrenadora de la academia. Tenemos grandes talentos en la comuna y queremos felicitar a las familias de los j\u00f3venes que clasificaron en el campeonato nacional\u201d, indic\u00f3 Co\u00f1uecar, quien aprovech\u00f3 la ocasi\u00f3n para recalcar la importancia de las actividades extracurriculares para los j\u00f3venes de Ays\u00e9n.<\/p>\n<p style=\"text-align: justify;\">Camila Kern, directora de la academia Star Dance, coment\u00f3 que actualmente cuentan con 25 alumnos y alumnas, y su principal enfoque es \u201ctrabajar la inclusividad, porque ac\u00e1 no nos fijamos en condiciones y no tenemos l\u00edmites\u201d. Adem\u00e1s, llam\u00f3 a la comunidad a apoyarlos en las actividades ben\u00e9ficas que realicen para recaudar fondos.<\/p>\n<p style=\"text-align: justify;\">\u201cLa clave aqu\u00ed es darle la confianza a los chicos, porque lo primordial que buscamos nosotros es que ellos sepan que pese a lo remoto y aislado de la zona, pueden llegar lejos\u201d, agreg\u00f3 Kern, refiri\u00e9ndose al rol social que juegan este tipo de organizaciones juveniles, aprovechando de comentar que pr\u00f3ximamente trabajar\u00e1n en conjunto con una fundaci\u00f3n para realizar acompa\u00f1amiento psicol\u00f3gico a los j\u00f3venes a trav\u00e9s de terapias enfocadas en el arte.<\/p>\n<p style=\"text-align: justify;\">Marjorie Aravena, apoderada de uno de los integrantes de la academia, indic\u00f3 que \u201ccomo familia nos sentimos muy satisfechos y orgullosos de los logros que han conseguido, porque a la par del baile se trabajan las problem\u00e1ticas de los j\u00f3venes, inculcando la sociabilidad y se han consolidado como grupo y generado lazos entre ellos\u201d.<\/p>\n<\/div><\/section><\/div><div  style='height:50px' class='hr hr-invisible   avia-builder-el-6  el_after_av_one_full  el_before_av_social_share '><span class='hr-inner ' ><span class='hr-inner-style'><\/span><\/span><\/div><\/p>\n<div  class='av-social-sharing-box  avia-builder-el-7  el_after_av_hr  el_before_av_hr  '><div class='av-share-box'><h5 class='av-share-link-description av-no-toc '>Compartir esta noticia<\/h5><ul class='av-share-box-list noLightbox'><li class='av-share-link av-social-link-facebook' ><a target=\"_blank\" aria-label=\"Compartir en Facebook\" href='https:\/\/www.facebook.com\/sharer.php?u=https:\/\/radiorevelacionfm.cl\/?p=27909&#038;t=Agrupaci%C3%B3n%20de%20baile%20aysenina%20Star%20Dance%20representar%C3%A1%20a%20la%20comuna%20en%20competencia%20internacional%20en%20M%C3%A9xico' aria-hidden='false' data-av_icon='\ue8f3' data-av_iconfont='entypo-fontello' title='' data-avia-related-tooltip='Compartir en Facebook' rel=\"noopener\"><span class='avia_hidden_link_text'>Compartir en Facebook<\/span><\/a><\/li><li class='av-share-link av-social-link-twitter' ><a target=\"_blank\" aria-label=\"Compartir en Twitter\" href='https:\/\/twitter.com\/share?text=Agrupaci%C3%B3n%20de%20baile%20aysenina%20Star%20Dance%20representar%C3%A1%20a%20la%20comuna%20en%20competencia%20internacional%20en%20M%C3%A9xico&#038;url=https:\/\/radiorevelacionfm.cl\/?p=27909' aria-hidden='false' data-av_icon='\ue8f1' data-av_iconfont='entypo-fontello' title='' data-avia-related-tooltip='Compartir en Twitter' rel=\"noopener\"><span class='avia_hidden_link_text'>Compartir en Twitter<\/span><\/a><\/li><li class='av-share-link av-social-link-whatsapp' ><a target=\"_blank\" aria-label=\"Compartir en Whatsapp\" href='https:\/\/api.whatsapp.com\/send?text=https:\/\/radiorevelacionfm.cl\/?p=27909' aria-hidden='false' data-av_icon='\uf232' data-av_iconfont='entypo-fontello' title='' data-avia-related-tooltip='Compartir en Whatsapp' rel=\"noopener\"><span class='avia_hidden_link_text'>Compartir en Whatsapp<\/span><\/a><\/li><li class='av-share-link av-social-link-linkedin' ><a target=\"_blank\" aria-label=\"Compartir en LinkedIn\" href='https:\/\/linkedin.com\/shareArticle?mini=true&#038;title=Agrupaci%C3%B3n%20de%20baile%20aysenina%20Star%20Dance%20representar%C3%A1%20a%20la%20comuna%20en%20competencia%20internacional%20en%20M%C3%A9xico&#038;url=https:\/\/radiorevelacionfm.cl\/?p=27909' aria-hidden='false' data-av_icon='\ue8fc' data-av_iconfont='entypo-fontello' title='' data-avia-related-tooltip='Compartir en LinkedIn' rel=\"noopener\"><span class='avia_hidden_link_text'>Compartir en LinkedIn<\/span><\/a><\/li><li class='av-share-link av-social-link-mail' ><a  aria-label=\"Compartir por correo\" href='mailto:?subject=Agrupaci%C3%B3n%20de%20baile%20aysenina%20Star%20Dance%20representar%C3%A1%20a%20la%20comuna%20en%20competencia%20internacional%20en%20M%C3%A9xico&#038;body=https:\/\/radiorevelacionfm.cl\/?p=27909' aria-hidden='false' data-av_icon='\ue805' data-av_iconfont='entypo-fontello' title='' data-avia-related-tooltip='Compartir por correo'><span class='avia_hidden_link_text'>Compartir por correo<\/span><\/a><\/li><\/ul><\/div><\/div>\n<div  style='height:50px' class='hr hr-invisible   avia-builder-el-8  el_after_av_social_share  el_before_av_comments_list '><span class='hr-inner ' ><span class='hr-inner-style'><\/span><\/span><\/div>\n<div  class='av-buildercomment  av-blog-meta-html-info-disabled av-blog-meta-tag-disabled  '><\/div>\n","protected":false},"excerpt":{"rendered":"","protected":false},"author":1,"featured_media":27910,"comment_status":"open","ping_status":"open","sticky":false,"template":"","format":"standard","meta":{"footnotes":""},"categories":[38],"tags":[],"class_list":["post-27909","post","type-post","status-publish","format-standard","has-post-thumbnail","hentry","category-regional"],"jetpack_featured_media_url":"https:\/\/radiorevelacionfm.cl\/wp-content\/uploads\/2023\/02\/1676548958591-1-1-1.jpg","_links":{"self":[{"href":"https:\/\/radiorevelacionfm.cl\/index.php?rest_route=\/wp\/v2\/posts\/27909","targetHints":{"allow":["GET"]}}],"collection":[{"href":"https:\/\/radiorevelacionfm.cl\/index.php?rest_route=\/wp\/v2\/posts"}],"about":[{"href":"https:\/\/radiorevelacionfm.cl\/index.php?rest_route=\/wp\/v2\/types\/post"}],"author":[{"embeddable":true,"href":"https:\/\/radiorevelacionfm.cl\/index.php?rest_route=\/wp\/v2\/users\/1"}],"replies":[{"embeddable":true,"href":"https:\/\/radiorevelacionfm.cl\/index.php?rest_route=%2Fwp%2Fv2%2Fcomments&post=27909"}],"version-history":[{"count":2,"href":"https:\/\/radiorevelacionfm.cl\/index.php?rest_route=\/wp\/v2\/posts\/27909\/revisions"}],"predecessor-version":[{"id":27915,"href":"https:\/\/radiorevelacionfm.cl\/index.php?rest_route=\/wp\/v2\/posts\/27909\/revisions\/27915"}],"wp:featuredmedia":[{"embeddable":true,"href":"https:\/\/radiorevelacionfm.cl\/index.php?rest_route=\/wp\/v2\/media\/27910"}],"wp:attachment":[{"href":"https:\/\/radiorevelacionfm.cl\/index.php?rest_route=%2Fwp%2Fv2%2Fmedia&parent=27909"}],"wp:term":[{"taxonomy":"category","embeddable":true,"href":"https:\/\/radiorevelacionfm.cl\/index.php?rest_route=%2Fwp%2Fv2%2Fcategories&post=27909"},{"taxonomy":"post_tag","embeddable":true,"href":"https:\/\/radiorevelacionfm.cl\/index.php?rest_route=%2Fwp%2Fv2%2Ftags&post=27909"}],"curies":[{"name":"wp","href":"https:\/\/api.w.org\/{rel}","templated":true}]}}