{"id":27906,"date":"2023-02-16T16:11:26","date_gmt":"2023-02-16T19:11:26","guid":{"rendered":"https:\/\/radiorevelacionfm.cl\/?p=27906"},"modified":"2023-02-16T16:11:26","modified_gmt":"2023-02-16T19:11:26","slug":"bienes-nacionales-destaca-el-uso-social-y-comunitario-de-los-inmuebles-fiscales","status":"publish","type":"post","link":"https:\/\/radiorevelacionfm.cl\/?p=27906","title":{"rendered":"Bienes Nacionales destaca el uso social y comunitario de los inmuebles fiscales"},"content":{"rendered":"<div class=\"flex_column av_one_full  flex_column_div av-zero-column-padding first  avia-builder-el-0  el_before_av_one_full  avia-builder-el-first  \" style='border-radius:0px; '><div  class='avia-image-container  av-styling-    avia-builder-el-1  avia-builder-el-no-sibling  avia-align-center '  itemprop=\"image\" itemscope=\"itemscope\" itemtype=\"https:\/\/schema.org\/ImageObject\"  ><div class='avia-image-container-inner'><div class='avia-image-overlay-wrap'><img decoding=\"async\" class='wp-image-27907 avia-img-lazy-loading-not-27907 avia_image' src=\"https:\/\/radiorevelacionfm.cl\/wp-content\/uploads\/2023\/02\/ASOC-GREMIAL-MINEROS-GUADAL-1-1.jpg\" alt='' title='ASOC GREMIAL MINEROS GUADAL (1) (1)' height=\"600\" width=\"810\"  itemprop=\"thumbnailUrl\" srcset=\"https:\/\/radiorevelacionfm.cl\/wp-content\/uploads\/2023\/02\/ASOC-GREMIAL-MINEROS-GUADAL-1-1.jpg 810w, https:\/\/radiorevelacionfm.cl\/wp-content\/uploads\/2023\/02\/ASOC-GREMIAL-MINEROS-GUADAL-1-1-300x222.jpg 300w, https:\/\/radiorevelacionfm.cl\/wp-content\/uploads\/2023\/02\/ASOC-GREMIAL-MINEROS-GUADAL-1-1-768x569.jpg 768w, https:\/\/radiorevelacionfm.cl\/wp-content\/uploads\/2023\/02\/ASOC-GREMIAL-MINEROS-GUADAL-1-1-705x522.jpg 705w, https:\/\/radiorevelacionfm.cl\/wp-content\/uploads\/2023\/02\/ASOC-GREMIAL-MINEROS-GUADAL-1-1-600x444.jpg 600w\" sizes=\"(max-width: 810px) 100vw, 810px\" \/><\/div><\/div><\/div><\/div><div class=\"flex_column av_one_full  flex_column_div av-zero-column-padding first  avia-builder-el-2  el_after_av_one_full  el_before_av_one_full  column-top-margin\" style='border-radius:0px; '><section class=\"av_textblock_section \"  itemscope=\"itemscope\" itemtype=\"https:\/\/schema.org\/BlogPosting\" itemprop=\"blogPost\" ><div class='avia_textblock  '   itemprop=\"text\" ><p style=\"text-align: center;\"><strong><span style=\"font-size: 18pt;\">Bienes Nacionales destaca el uso social y comunitario de los inmuebles fiscales <\/span><\/strong><\/p>\n<div id=\"gtx-trans\" style=\"position: absolute; left: -50px; top: 4.31534px;\">\n<div class=\"gtx-trans-icon\"><\/div>\n<\/div>\n<\/div><\/section><\/div><div class=\"flex_column av_one_full  flex_column_div av-zero-column-padding first  avia-builder-el-4  el_after_av_one_full  el_before_av_hr  column-top-margin\" style='border-radius:0px; '><section class=\"av_textblock_section \"  itemscope=\"itemscope\" itemtype=\"https:\/\/schema.org\/BlogPosting\" itemprop=\"blogPost\" ><div class='avia_textblock  '   itemprop=\"text\" ><p style=\"text-align: justify;\">Muchas de las organizaciones de la sociedad civil, servicios p\u00fablicos y privados han recurrido y recurren al Ministerio de Bienes Nacionales para poder desarrollar sus proyectos, tanto para su funcionamiento regular como para la instalaci\u00f3n de nueva infraestructura al servicio de la comunidad.<\/p>\n<p style=\"text-align: justify;\">Para apoyar las diversas actividades que surgen desde los territorios y de la institucionalidad, Bienes Nacionales cuenta con la herramienta de concesi\u00f3n de inmueble fiscal que, si bien otorga por un determinado tiempo la administraci\u00f3n del inmueble, este no deja de ser propiedad fiscal. Es as\u00ed que juntas de vecinos, clubes deportivos, comunidades ind\u00edgenas, asociaciones gremiales, centros de formaci\u00f3n, centros de estudios cient\u00edficos y servicios p\u00fablicos, entre otros, hacen uso de terrenos o edificaciones fiscales para el cumplimiento de sus objetivos.<\/p>\n<p style=\"text-align: justify;\">\u201cNuestra misi\u00f3n como Ministerio de Bienes Nacionales es reconocer, administrar y gestionar el patrimonio fiscal; coloc\u00e1ndolo al servicio de las necesidades sociales, ambientales, culturales y econ\u00f3micas del pa\u00eds. En ese sentido, cuando iniciamos nuestra administraci\u00f3n trabajamos en una nueva hoja de ruta que gu\u00ede nuestro quehacer en los pr\u00f3ximos a\u00f1os. Es as\u00ed que definimos siete lineamientos estrat\u00e9gicos, uno de ellos, es \u201campliar y fortalecer los usos sociales y comunitarios del patrimonio fiscal en la regi\u00f3n de Ays\u00e9n\u201d, con esto buscamos apoyar especialmente a las organizaciones de la sociedad civil a trav\u00e9s de la entrega de inmuebles fiscales por la v\u00eda de la Concesi\u00f3n Gratuita, herramienta que ha favorecido a muchas organizaciones comunitarias de nuestra regi\u00f3n\u201d, explic\u00f3 la Seremi Morend Valdebenito.<\/p>\n<p style=\"text-align: justify;\">-Y agrega. \u201cOtro de los aspectos esenciales dentro de este lineamiento es que el uso de los inmuebles sea de beneficio colectivo, esto significa que m\u00e1s de una organizaci\u00f3n pueda desarrollar sus actividades dentro de un mismo inmueble, generando que m\u00e1s personas se beneficien del patrimonio fiscal\u201d.<\/p>\n<p style=\"text-align: justify;\"><strong>\u00bfQu\u00e9 es la Concesi\u00f3n Gratuita y cu\u00e1les son sus plazos de uso? <\/strong><\/p>\n<p style=\"text-align: justify;\">Es una modalidad de administraci\u00f3n a trav\u00e9s de la cual se otorga a la entidad beneficiaria, el derecho de uso sobre un determinado inmueble fiscal, por un per\u00edodo establecido y para el cumplimiento de una finalidad espec\u00edfica. La concesi\u00f3n de uso a t\u00edtulo gratuito se otorga s\u00f3lo en casos excepcionales y por razones fundadas.<\/p>\n<p style=\"text-align: justify;\">Existen concesiones de corto plazo que se pueden otorgar por per\u00edodos de 1 y hasta 5 a\u00f1os, y de largo plazo, que pueden ser de hasta 50 a\u00f1os, se conceden a trav\u00e9s de una Resoluci\u00f3n dictada por el Secretario Regional Ministerial correspondiente y un Decreto dictado por la Ministra de Bienes Nacionales, respectivamente.<\/p>\n<p style=\"text-align: justify;\"><strong>Concesiones vigentes en la regi\u00f3n de Ays\u00e9n <\/strong><\/p>\n<p style=\"text-align: justify;\">Actualmente la Unidad de Bienes de la Seremi de Bienes Nacionales Ays\u00e9n, mantiene un registro de 122 concesiones, de ellas, 26 corresponden a concesiones gratuitas de largo plazo y 96 concesiones de corto plazo.<\/p>\n<p style=\"text-align: justify;\">Entre los usuarios de la modalidad de corto plazo se cuentan: comunidades mapuches, juntas de vecinos, comit\u00e9s de agua potable, asociaciones gremiales, clubes deportivos, sindicatos de trabajadores. En tanto en la modalidad de largo plazo los adjudicatarios son principalmente servicios p\u00fablicos, municipios, ONGs, fundaciones y corporaciones.<\/p>\n<p style=\"text-align: justify;\">Entre los proyectos futuros que buscan instalarse en propiedad fiscal est\u00e1n: el Centro de Formaci\u00f3n T\u00e9cnica de la Regi\u00f3n de Ays\u00e9n, Construcci\u00f3n del Archivo Regional de Ays\u00e9n, Construcci\u00f3n Centro Elige Vivir Sano Coyhaique, Unidad de Geriatr\u00eda, Bodegas de Central de Almacenamientos M\u00e9dicos e Insumos Red de Atenci\u00f3n Primaria Regi\u00f3n Ays\u00e9n y Hospital Regional de Ays\u00e9n, entre otros.<\/p>\n<p style=\"text-align: justify;\"><strong>\u00bfQu\u00e9 requisitos debo presentar para solicitar una concesi\u00f3n de inmueble fiscal? <\/strong><\/p>\n<ul style=\"text-align: justify;\">\n<li>Identificaci\u00f3n del inmueble fiscal que solicita y principalmente se\u00f1alar motivo de la solicitud.<\/li>\n<li>Fotocopia del RUT de la entidad solicitante.<\/li>\n<li>En caso que el terreno se requiera para ejecutar un proyecto de inversi\u00f3n, deber\u00e1 adjuntar antecedentes de respaldo del financiamiento.<\/li>\n<li>Plano del Inmueble solicitado, cuando no exista plano ministerial georreferenciado.<\/li>\n<li>Copia del Decreto que otorga Personalidad Jur\u00eddica a entidad solicitante.<\/li>\n<li>Estatutos de la entidad.<\/li>\n<li>Certificado de Vigencia.<\/li>\n<li>Personer\u00eda del representante legal de la entidad.<\/li>\n<li>La exigencia de otro tipo de antecedentes se determinar\u00e1 seg\u00fan cada caso.<\/li>\n<\/ul>\n<p style=\"text-align: justify;\"><strong>\u00bfC\u00f3mo y d\u00f3nde se realiza este tr\u00e1mite?<\/strong><\/p>\n<p style=\"text-align: justify;\">Este tr\u00e1mite se realiza en forma online en la p\u00e1gina web del Ministerio o de manera presencial, en las Oficinas de la Secretar\u00eda Regional Ministerial de Bienes Nacionales, ubicadas en cada capital regional, o bien, en las Oficinas Provinciales de Bienes Nacionales, cuando proceda y seg\u00fan sea la ubicaci\u00f3n del inmueble fiscal de su inter\u00e9s.<\/p>\n<\/div><\/section><\/div><div  style='height:50px' class='hr hr-invisible   avia-builder-el-6  el_after_av_one_full  el_before_av_social_share '><span class='hr-inner ' ><span class='hr-inner-style'><\/span><\/span><\/div><\/p>\n<div  class='av-social-sharing-box  avia-builder-el-7  el_after_av_hr  el_before_av_hr  '><div class='av-share-box'><h5 class='av-share-link-description av-no-toc '>Compartir esta noticia<\/h5><ul class='av-share-box-list noLightbox'><li class='av-share-link av-social-link-facebook' ><a target=\"_blank\" aria-label=\"Compartir en Facebook\" href='https:\/\/www.facebook.com\/sharer.php?u=https:\/\/radiorevelacionfm.cl\/?p=27906&#038;t=Bienes%20Nacionales%20destaca%20el%20uso%20social%20y%20comunitario%20de%20los%20inmuebles%20fiscales' aria-hidden='false' data-av_icon='\ue8f3' data-av_iconfont='entypo-fontello' title='' data-avia-related-tooltip='Compartir en Facebook' rel=\"noopener\"><span class='avia_hidden_link_text'>Compartir en Facebook<\/span><\/a><\/li><li class='av-share-link av-social-link-twitter' ><a target=\"_blank\" aria-label=\"Compartir en Twitter\" href='https:\/\/twitter.com\/share?text=Bienes%20Nacionales%20destaca%20el%20uso%20social%20y%20comunitario%20de%20los%20inmuebles%20fiscales&#038;url=https:\/\/radiorevelacionfm.cl\/?p=27906' aria-hidden='false' data-av_icon='\ue8f1' data-av_iconfont='entypo-fontello' title='' data-avia-related-tooltip='Compartir en Twitter' rel=\"noopener\"><span class='avia_hidden_link_text'>Compartir en Twitter<\/span><\/a><\/li><li class='av-share-link av-social-link-whatsapp' ><a target=\"_blank\" aria-label=\"Compartir en Whatsapp\" href='https:\/\/api.whatsapp.com\/send?text=https:\/\/radiorevelacionfm.cl\/?p=27906' aria-hidden='false' data-av_icon='\uf232' data-av_iconfont='entypo-fontello' title='' data-avia-related-tooltip='Compartir en Whatsapp' rel=\"noopener\"><span class='avia_hidden_link_text'>Compartir en Whatsapp<\/span><\/a><\/li><li class='av-share-link av-social-link-linkedin' ><a target=\"_blank\" aria-label=\"Compartir en LinkedIn\" href='https:\/\/linkedin.com\/shareArticle?mini=true&#038;title=Bienes%20Nacionales%20destaca%20el%20uso%20social%20y%20comunitario%20de%20los%20inmuebles%20fiscales&#038;url=https:\/\/radiorevelacionfm.cl\/?p=27906' aria-hidden='false' data-av_icon='\ue8fc' data-av_iconfont='entypo-fontello' title='' data-avia-related-tooltip='Compartir en LinkedIn' rel=\"noopener\"><span class='avia_hidden_link_text'>Compartir en LinkedIn<\/span><\/a><\/li><li class='av-share-link av-social-link-mail' ><a  aria-label=\"Compartir por correo\" href='mailto:?subject=Bienes%20Nacionales%20destaca%20el%20uso%20social%20y%20comunitario%20de%20los%20inmuebles%20fiscales&#038;body=https:\/\/radiorevelacionfm.cl\/?p=27906' aria-hidden='false' data-av_icon='\ue805' data-av_iconfont='entypo-fontello' title='' data-avia-related-tooltip='Compartir por correo'><span class='avia_hidden_link_text'>Compartir por correo<\/span><\/a><\/li><\/ul><\/div><\/div>\n<div  style='height:50px' class='hr hr-invisible   avia-builder-el-8  el_after_av_social_share  el_before_av_comments_list '><span class='hr-inner ' ><span class='hr-inner-style'><\/span><\/span><\/div>\n<div  class='av-buildercomment  av-blog-meta-html-info-disabled av-blog-meta-tag-disabled  '><\/div>\n","protected":false},"excerpt":{"rendered":"","protected":false},"author":1,"featured_media":27907,"comment_status":"open","ping_status":"open","sticky":false,"template":"","format":"standard","meta":{"footnotes":""},"categories":[38],"tags":[],"class_list":["post-27906","post","type-post","status-publish","format-standard","has-post-thumbnail","hentry","category-regional"],"jetpack_featured_media_url":"https:\/\/radiorevelacionfm.cl\/wp-content\/uploads\/2023\/02\/ASOC-GREMIAL-MINEROS-GUADAL-1-1.jpg","_links":{"self":[{"href":"https:\/\/radiorevelacionfm.cl\/index.php?rest_route=\/wp\/v2\/posts\/27906","targetHints":{"allow":["GET"]}}],"collection":[{"href":"https:\/\/radiorevelacionfm.cl\/index.php?rest_route=\/wp\/v2\/posts"}],"about":[{"href":"https:\/\/radiorevelacionfm.cl\/index.php?rest_route=\/wp\/v2\/types\/post"}],"author":[{"embeddable":true,"href":"https:\/\/radiorevelacionfm.cl\/index.php?rest_route=\/wp\/v2\/users\/1"}],"replies":[{"embeddable":true,"href":"https:\/\/radiorevelacionfm.cl\/index.php?rest_route=%2Fwp%2Fv2%2Fcomments&post=27906"}],"version-history":[{"count":2,"href":"https:\/\/radiorevelacionfm.cl\/index.php?rest_route=\/wp\/v2\/posts\/27906\/revisions"}],"predecessor-version":[{"id":27922,"href":"https:\/\/radiorevelacionfm.cl\/index.php?rest_route=\/wp\/v2\/posts\/27906\/revisions\/27922"}],"wp:featuredmedia":[{"embeddable":true,"href":"https:\/\/radiorevelacionfm.cl\/index.php?rest_route=\/wp\/v2\/media\/27907"}],"wp:attachment":[{"href":"https:\/\/radiorevelacionfm.cl\/index.php?rest_route=%2Fwp%2Fv2%2Fmedia&parent=27906"}],"wp:term":[{"taxonomy":"category","embeddable":true,"href":"https:\/\/radiorevelacionfm.cl\/index.php?rest_route=%2Fwp%2Fv2%2Fcategories&post=27906"},{"taxonomy":"post_tag","embeddable":true,"href":"https:\/\/radiorevelacionfm.cl\/index.php?rest_route=%2Fwp%2Fv2%2Ftags&post=27906"}],"curies":[{"name":"wp","href":"https:\/\/api.w.org\/{rel}","templated":true}]}}