{"id":27899,"date":"2023-02-16T13:18:47","date_gmt":"2023-02-16T16:18:47","guid":{"rendered":"https:\/\/radiorevelacionfm.cl\/?p=27899"},"modified":"2023-02-16T13:23:32","modified_gmt":"2023-02-16T16:23:32","slug":"confirman-primer-caso-de-influenza-aviar-en-un-lobo-marino-en-chile","status":"publish","type":"post","link":"https:\/\/radiorevelacionfm.cl\/?p=27899","title":{"rendered":"Confirman primer caso de influenza aviar en un lobo marino en Chile"},"content":{"rendered":"<div class=\"flex_column av_one_full  flex_column_div av-zero-column-padding first  avia-builder-el-0  el_before_av_one_full  avia-builder-el-first  \" style='border-radius:0px; '><div  class='avia-image-container  av-styling-    avia-builder-el-1  avia-builder-el-no-sibling  avia-align-center '  itemprop=\"image\" itemscope=\"itemscope\" itemtype=\"https:\/\/schema.org\/ImageObject\"  ><div class='avia-image-container-inner'><div class='avia-image-overlay-wrap'><img decoding=\"async\" class='wp-image-27901 avia-img-lazy-loading-not-27901 avia_image' src=\"https:\/\/radiorevelacionfm.cl\/wp-content\/uploads\/2023\/02\/sernapesca-lobo-influenza-1-2_optimized-1.jpg\" alt='' title='sernapesca-lobo-influenza-1-(2)_optimized (1)' height=\"600\" width=\"859\"  itemprop=\"thumbnailUrl\" srcset=\"https:\/\/radiorevelacionfm.cl\/wp-content\/uploads\/2023\/02\/sernapesca-lobo-influenza-1-2_optimized-1.jpg 859w, https:\/\/radiorevelacionfm.cl\/wp-content\/uploads\/2023\/02\/sernapesca-lobo-influenza-1-2_optimized-1-300x210.jpg 300w, https:\/\/radiorevelacionfm.cl\/wp-content\/uploads\/2023\/02\/sernapesca-lobo-influenza-1-2_optimized-1-768x536.jpg 768w, https:\/\/radiorevelacionfm.cl\/wp-content\/uploads\/2023\/02\/sernapesca-lobo-influenza-1-2_optimized-1-705x492.jpg 705w, https:\/\/radiorevelacionfm.cl\/wp-content\/uploads\/2023\/02\/sernapesca-lobo-influenza-1-2_optimized-1-600x419.jpg 600w\" sizes=\"(max-width: 859px) 100vw, 859px\" \/><\/div><\/div><\/div><\/div>\n<div class=\"flex_column av_one_full  flex_column_div av-zero-column-padding first  avia-builder-el-2  el_after_av_one_full  el_before_av_one_full  column-top-margin\" style='border-radius:0px; '><section class=\"av_textblock_section \"  itemscope=\"itemscope\" itemtype=\"https:\/\/schema.org\/BlogPosting\" itemprop=\"blogPost\" ><div class='avia_textblock  '   itemprop=\"text\" ><p style=\"text-align: center;\"><strong><span style=\"font-size: 18pt;\">Confirman primer caso de influenza aviar en un lobo marino en Chile<\/span><\/strong><\/p>\n<div id=\"gtx-trans\" style=\"position: absolute; left: -50px; top: 4.31534px;\">\n<div class=\"gtx-trans-icon\"><\/div>\n<\/div>\n<\/div><\/section><\/div>\n<div class=\"flex_column av_one_full  flex_column_div av-zero-column-padding first  avia-builder-el-4  el_after_av_one_full  el_before_av_hr  column-top-margin\" style='border-radius:0px; '><section class=\"av_textblock_section \"  itemscope=\"itemscope\" itemtype=\"https:\/\/schema.org\/BlogPosting\" itemprop=\"blogPost\" ><div class='avia_textblock  '   itemprop=\"text\" ><p style=\"text-align: justify;\">El\u00a0Servicio Nacional de Pesca y Acuicultura con el apoyo del Servicio Agr\u00edcola y Ganadero inicia un plan para aumentar la vigilancia activa en las costas de nuestro pa\u00eds y fortalecer las medidas de bioseguridad.<\/p>\n<p style=\"font-weight: 400; text-align: justify;\">La Directora Nacional de Sernapesca, Soledad Tapia Almonacid, confirm\u00f3 hoy el primer caso positivo a influenza aviar de alta patogenicidad (IAAP), en un lobo marino com\u00fan en Antofagasta, tras la confirmaci\u00f3n del laboratorio del SAG, organismo de referencia para este tipo de an\u00e1lisis en el pa\u00eds. El caso corresponde a la variante del virus que ya se ha detectado en aves silvestres en 11 regiones del pa\u00eds, y que tambi\u00e9n est\u00e1 presente en pa\u00edses como Ecuador, Per\u00fa, Colombia, Venezuela, Argentina, Uruguay, entre otros.<\/p>\n<p style=\"font-weight: 400; text-align: justify;\">\u201cQueremos informar que el laboratorio del Servicio Agr\u00edcola y Ganadero nos ha notificado oficialmente de la afectaci\u00f3n de un mam\u00edfero marino por gripe aviar. Este ejemplar var\u00f3 enfermo en la Playa El Hu\u00e1scar de la regi\u00f3n de Antofagasta, se trata de un macho, adulto, aproximadamente de unos 250 kilos, con problemas respiratorios, por lo cual se procedi\u00f3 a los ex\u00e1menes de rigor, a partir de cuyos an\u00e1lisis se pudo constatar su positividad a influenza aviar\u201d, se\u00f1al\u00f3 la Directora del organismo fiscalizador.<\/p>\n<p style=\"font-weight: 400; text-align: justify;\">El SAG hace varios meses ha reforzado la vigilancia y activado sus sistemas de alerta en todo el pa\u00eds desde que se detectaron casos positivos de Influenza Aviar Altamente Pat\u00f3gena (IAAP) en aves silvestres en el hemisferio norte.<\/p>\n<p style=\"font-weight: 400; text-align: justify;\">Este es el primer caso de un mam\u00edfero marino afectado por este virus en Chile, ante lo cual Sernapesca, organismo responsable de la fauna hidrobiol\u00f3gica, activar\u00e1 su protocolo especial para varamientos de animales marinos.<\/p>\n<p style=\"font-weight: 400; text-align: justify;\">\u201cEsto es parte de un problema mundial. Tanto en Estados Unidos como en Per\u00fa ya se hab\u00edan registrado lobos marinos afectados por influenza aviar. Tambi\u00e9n tenemos un caso de ping\u00fcino afectado por esta gripe en Antofagasta, as\u00ed que hacemos un llamado a la ciudadan\u00eda a no manipular animales marinos varados vivos o muertos, no alimentar y mantener distancia e informar inmediatamente a Sernapesca a trav\u00e9s de la l\u00ednea 800 320 032\u201d, se\u00f1al\u00f3 Soledad Tapia.<\/p>\n<p style=\"font-weight: 400; text-align: justify;\">Desde el inicio de la Emergencia por IAAP en Chile se ha detectado el virus en 21 especies de aves silvestres acu\u00e1ticas, siendo el pel\u00edcano la m\u00e1s afectada.<\/p>\n<\/div><\/section><\/div><div  style='height:50px' class='hr hr-invisible   avia-builder-el-6  el_after_av_one_full  el_before_av_social_share '><span class='hr-inner ' ><span class='hr-inner-style'><\/span><\/span><\/div><\/p>\n<div  class='av-social-sharing-box  avia-builder-el-7  el_after_av_hr  el_before_av_hr  '><div class='av-share-box'><h5 class='av-share-link-description av-no-toc '>Compartir esta noticia<\/h5><ul class='av-share-box-list noLightbox'><li class='av-share-link av-social-link-facebook' ><a target=\"_blank\" aria-label=\"Compartir en Facebook\" href='https:\/\/www.facebook.com\/sharer.php?u=https:\/\/radiorevelacionfm.cl\/?p=27899&#038;t=Confirman%20primer%20caso%20de%20influenza%20aviar%20en%20un%20lobo%20marino%20en%20Chile' aria-hidden='false' data-av_icon='\ue8f3' data-av_iconfont='entypo-fontello' title='' data-avia-related-tooltip='Compartir en Facebook' rel=\"noopener\"><span class='avia_hidden_link_text'>Compartir en Facebook<\/span><\/a><\/li><li class='av-share-link av-social-link-twitter' ><a target=\"_blank\" aria-label=\"Compartir en Twitter\" href='https:\/\/twitter.com\/share?text=Confirman%20primer%20caso%20de%20influenza%20aviar%20en%20un%20lobo%20marino%20en%20Chile&#038;url=https:\/\/radiorevelacionfm.cl\/?p=27899' aria-hidden='false' data-av_icon='\ue8f1' data-av_iconfont='entypo-fontello' title='' data-avia-related-tooltip='Compartir en Twitter' rel=\"noopener\"><span class='avia_hidden_link_text'>Compartir en Twitter<\/span><\/a><\/li><li class='av-share-link av-social-link-whatsapp' ><a target=\"_blank\" aria-label=\"Compartir en Whatsapp\" href='https:\/\/api.whatsapp.com\/send?text=https:\/\/radiorevelacionfm.cl\/?p=27899' aria-hidden='false' data-av_icon='\uf232' data-av_iconfont='entypo-fontello' title='' data-avia-related-tooltip='Compartir en Whatsapp' rel=\"noopener\"><span class='avia_hidden_link_text'>Compartir en Whatsapp<\/span><\/a><\/li><li class='av-share-link av-social-link-linkedin' ><a target=\"_blank\" aria-label=\"Compartir en LinkedIn\" href='https:\/\/linkedin.com\/shareArticle?mini=true&#038;title=Confirman%20primer%20caso%20de%20influenza%20aviar%20en%20un%20lobo%20marino%20en%20Chile&#038;url=https:\/\/radiorevelacionfm.cl\/?p=27899' aria-hidden='false' data-av_icon='\ue8fc' data-av_iconfont='entypo-fontello' title='' data-avia-related-tooltip='Compartir en LinkedIn' rel=\"noopener\"><span class='avia_hidden_link_text'>Compartir en LinkedIn<\/span><\/a><\/li><li class='av-share-link av-social-link-mail' ><a  aria-label=\"Compartir por correo\" href='mailto:?subject=Confirman%20primer%20caso%20de%20influenza%20aviar%20en%20un%20lobo%20marino%20en%20Chile&#038;body=https:\/\/radiorevelacionfm.cl\/?p=27899' aria-hidden='false' data-av_icon='\ue805' data-av_iconfont='entypo-fontello' title='' data-avia-related-tooltip='Compartir por correo'><span class='avia_hidden_link_text'>Compartir por correo<\/span><\/a><\/li><\/ul><\/div><\/div>\n<div  style='height:50px' class='hr hr-invisible   avia-builder-el-8  el_after_av_social_share  el_before_av_comments_list '><span class='hr-inner ' ><span class='hr-inner-style'><\/span><\/span><\/div>\n<div  class='av-buildercomment  av-blog-meta-html-info-disabled av-blog-meta-tag-disabled  '><\/div>\n","protected":false},"excerpt":{"rendered":"","protected":false},"author":1,"featured_media":27901,"comment_status":"open","ping_status":"open","sticky":false,"template":"","format":"standard","meta":{"footnotes":""},"categories":[60],"tags":[],"class_list":["post-27899","post","type-post","status-publish","format-standard","has-post-thumbnail","hentry","category-pesca"],"jetpack_featured_media_url":"https:\/\/radiorevelacionfm.cl\/wp-content\/uploads\/2023\/02\/sernapesca-lobo-influenza-1-2_optimized-1.jpg","_links":{"self":[{"href":"https:\/\/radiorevelacionfm.cl\/index.php?rest_route=\/wp\/v2\/posts\/27899","targetHints":{"allow":["GET"]}}],"collection":[{"href":"https:\/\/radiorevelacionfm.cl\/index.php?rest_route=\/wp\/v2\/posts"}],"about":[{"href":"https:\/\/radiorevelacionfm.cl\/index.php?rest_route=\/wp\/v2\/types\/post"}],"author":[{"embeddable":true,"href":"https:\/\/radiorevelacionfm.cl\/index.php?rest_route=\/wp\/v2\/users\/1"}],"replies":[{"embeddable":true,"href":"https:\/\/radiorevelacionfm.cl\/index.php?rest_route=%2Fwp%2Fv2%2Fcomments&post=27899"}],"version-history":[{"count":3,"href":"https:\/\/radiorevelacionfm.cl\/index.php?rest_route=\/wp\/v2\/posts\/27899\/revisions"}],"predecessor-version":[{"id":27904,"href":"https:\/\/radiorevelacionfm.cl\/index.php?rest_route=\/wp\/v2\/posts\/27899\/revisions\/27904"}],"wp:featuredmedia":[{"embeddable":true,"href":"https:\/\/radiorevelacionfm.cl\/index.php?rest_route=\/wp\/v2\/media\/27901"}],"wp:attachment":[{"href":"https:\/\/radiorevelacionfm.cl\/index.php?rest_route=%2Fwp%2Fv2%2Fmedia&parent=27899"}],"wp:term":[{"taxonomy":"category","embeddable":true,"href":"https:\/\/radiorevelacionfm.cl\/index.php?rest_route=%2Fwp%2Fv2%2Fcategories&post=27899"},{"taxonomy":"post_tag","embeddable":true,"href":"https:\/\/radiorevelacionfm.cl\/index.php?rest_route=%2Fwp%2Fv2%2Ftags&post=27899"}],"curies":[{"name":"wp","href":"https:\/\/api.w.org\/{rel}","templated":true}]}}