{"id":27891,"date":"2023-02-16T11:20:03","date_gmt":"2023-02-16T14:20:03","guid":{"rendered":"https:\/\/radiorevelacionfm.cl\/?p=27891"},"modified":"2023-02-16T11:17:49","modified_gmt":"2023-02-16T14:17:49","slug":"con-capacitacion-en-cultivo-de-frutillas-indap-potencia-el-rubro-fruticola-en-la-comuna-de-tortel","status":"publish","type":"post","link":"https:\/\/radiorevelacionfm.cl\/?p=27891","title":{"rendered":"Con capacitaci\u00f3n en cultivo de frutillas Indap potencia el rubro frut\u00edcola en la comuna de Tortel"},"content":{"rendered":"<div class=\"flex_column av_one_full  flex_column_div av-zero-column-padding first  avia-builder-el-0  el_before_av_one_full  avia-builder-el-first  \" style='border-radius:0px; '><div  class='avia-image-container  av-styling-    avia-builder-el-1  avia-builder-el-no-sibling  avia-align-center '  itemprop=\"image\" itemscope=\"itemscope\" itemtype=\"https:\/\/schema.org\/ImageObject\"  ><div class='avia-image-container-inner'><div class='avia-image-overlay-wrap'><img decoding=\"async\" class='wp-image-27892 avia-img-lazy-loading-not-27892 avia_image' src=\"https:\/\/radiorevelacionfm.cl\/wp-content\/uploads\/2023\/02\/WhatsApp-Image-2023-02-15-at-11.09.18-AM-1-1.jpeg\" alt='' title='WhatsApp Image 2023-02-15 at 11.09.18 AM (1) (1)' height=\"600\" width=\"1067\"  itemprop=\"thumbnailUrl\" srcset=\"https:\/\/radiorevelacionfm.cl\/wp-content\/uploads\/2023\/02\/WhatsApp-Image-2023-02-15-at-11.09.18-AM-1-1.jpeg 1067w, https:\/\/radiorevelacionfm.cl\/wp-content\/uploads\/2023\/02\/WhatsApp-Image-2023-02-15-at-11.09.18-AM-1-1-300x169.jpeg 300w, https:\/\/radiorevelacionfm.cl\/wp-content\/uploads\/2023\/02\/WhatsApp-Image-2023-02-15-at-11.09.18-AM-1-1-1030x579.jpeg 1030w, https:\/\/radiorevelacionfm.cl\/wp-content\/uploads\/2023\/02\/WhatsApp-Image-2023-02-15-at-11.09.18-AM-1-1-768x432.jpeg 768w, https:\/\/radiorevelacionfm.cl\/wp-content\/uploads\/2023\/02\/WhatsApp-Image-2023-02-15-at-11.09.18-AM-1-1-705x396.jpeg 705w, https:\/\/radiorevelacionfm.cl\/wp-content\/uploads\/2023\/02\/WhatsApp-Image-2023-02-15-at-11.09.18-AM-1-1-600x337.jpeg 600w\" sizes=\"(max-width: 1067px) 100vw, 1067px\" \/><\/div><\/div><\/div><\/div><div class=\"flex_column av_one_full  flex_column_div av-zero-column-padding first  avia-builder-el-2  el_after_av_one_full  el_before_av_one_full  column-top-margin\" style='border-radius:0px; '><section class=\"av_textblock_section \"  itemscope=\"itemscope\" itemtype=\"https:\/\/schema.org\/BlogPosting\" itemprop=\"blogPost\" ><div class='avia_textblock  '   itemprop=\"text\" ><p style=\"text-align: center;\"><strong><span style=\"font-size: 18pt;\">Con capacitaci\u00f3n en cultivo de frutillas Indap potencia el rubro frut\u00edcola en la comuna de Tortel<\/span><\/strong><\/p>\n<div id=\"gtx-trans\" style=\"position: absolute; left: -50px; top: 4.31534px;\">\n<div class=\"gtx-trans-icon\"><\/div>\n<\/div>\n<\/div><\/section><\/div><div class=\"flex_column av_one_full  flex_column_div av-zero-column-padding first  avia-builder-el-4  el_after_av_one_full  el_before_av_hr  column-top-margin\" style='border-radius:0px; '><section class=\"av_textblock_section \"  itemscope=\"itemscope\" itemtype=\"https:\/\/schema.org\/BlogPosting\" itemprop=\"blogPost\" ><div class='avia_textblock  '   itemprop=\"text\" ><p style=\"text-align: justify;\">Una interesante capacitaci\u00f3n para agricultores se desarroll\u00f3 en Tortel, a partir de la gesti\u00f3n realizada por Fabi\u00e1n Quezada, encargado de PRODESAL, de la I. Municipalidad de Tortel. Y es que en el marco del programa de Fomento al Desarrollo Frut\u00edcola de la Actividad Familiar Campesina de la Unidad de Fomento de INDAP, horticultores de la comuna de Tortel, participaron de una capacitaci\u00f3n te\u00f3rico-pr\u00e1ctica sobre el cultivo de frutillas.<\/p>\n<p style=\"text-align: justify;\">Hasta el campo de Marcela Uribe, agricultora y usuaria INDAP, llegaron Jorge Huaichalaf y Eduardo Torres, profesionales de fomento de INDAP del rubro frut\u00edcola, quienes realizaron un nuevo acercamiento sobre la producci\u00f3n de este tipo de berries. La visita proyecta un acompa\u00f1amiento sostenido a los campesinos locales, adem\u00e1s de visualizar un apoyo en el desarrollo y producci\u00f3n de distintas variedades de frutales, adem\u00e1s de la frutilla, en el mediano plazo.<\/p>\n<p style=\"text-align: justify;\">La capacitaci\u00f3n cont\u00f3 con participaci\u00f3n de distintos emprendedores del \u00e1rea agr\u00edcola, a modo de potenciar el desarrollo de la producci\u00f3n de frutillas, planta que ha tenido gran inter\u00e9s entre los compradores locales, y afuerinos. Con ello, se busca gestionar una mayor inserci\u00f3n de la venta en territorios con alto atractivo tur\u00edstico y comercial como es la comuna de Tortel.<\/p>\n<p style=\"text-align: justify;\">La se\u00f1ora Mar\u00eda Vargas, agricultora con vasta experiencia, destac\u00f3 la actividad debido a que a pesar de los conocimientos que pueda tener por su oficio, \u201chay aspectos t\u00e9cnicos y comerciales que son desconocidos para nosotros, y con esta informaci\u00f3n podemos tener un mejor manejo en la producci\u00f3n de frutillas\u201d, agrega.<\/p>\n<p style=\"text-align: justify;\">A ello, la beneficiaria suma lo importante que es tener ganas de participar y desarrollar labores en el \u00e1rea agr\u00edcola. En ese sentido, destaca y agradece \u201cla posibilidad de tener nuevas herramientas para profundizar un conocimiento que desarrollo con ganas y amor\u201d, se\u00f1ala Vargas.<\/p>\n<p style=\"text-align: justify;\">A juicio de Marcela Uribe, que la actividad se desarrollara en su campo gener\u00f3 otra disposici\u00f3n y cercan\u00eda entre los beneficiarios. As\u00ed, Uribe, quien es una de las pocas productoras de frutillas en Tortel, destaca lo significativo de tener encuentros en espacios de siembra, enfatizando que \u201ces positivo hacerlo en los lugares donde hay actividad agropecuaria, ya que favorece en v\u00ednculo entre pares\u201d.<\/p>\n<p style=\"text-align: justify;\">Adem\u00e1s de ello, la agricultora estableci\u00f3 que es importante contar con la presencia de INDAP en el territorio, ya que transparenta con mayor claridad \u201cc\u00f3mo se practica la agricultura en lugares tan aislados, donde no siempre contamos con las mismas condiciones de conectividad, de equipamiento, de terreno, de superficie, como en otros lados\u201d, agrega.<\/p>\n<p style=\"text-align: justify;\">La capacitaci\u00f3n de frutillas es una de las primeras actividades gestionadas por el programa PRODESAL en la comuna de Tortel, para este 2023.<\/p>\n<\/div><\/section><\/div><div  style='height:50px' class='hr hr-invisible   avia-builder-el-6  el_after_av_one_full  el_before_av_social_share '><span class='hr-inner ' ><span class='hr-inner-style'><\/span><\/span><\/div><\/p>\n<div  class='av-social-sharing-box  avia-builder-el-7  el_after_av_hr  el_before_av_hr  '><div class='av-share-box'><h5 class='av-share-link-description av-no-toc '>Compartir esta noticia<\/h5><ul class='av-share-box-list noLightbox'><li class='av-share-link av-social-link-facebook' ><a target=\"_blank\" aria-label=\"Compartir en Facebook\" href='https:\/\/www.facebook.com\/sharer.php?u=https:\/\/radiorevelacionfm.cl\/?p=27891&#038;t=Con%20capacitaci%C3%B3n%20en%20cultivo%20de%20frutillas%20Indap%20potencia%20el%20rubro%20frut%C3%ADcola%20en%20la%20comuna%20de%20Tortel' aria-hidden='false' data-av_icon='\ue8f3' data-av_iconfont='entypo-fontello' title='' data-avia-related-tooltip='Compartir en Facebook' rel=\"noopener\"><span class='avia_hidden_link_text'>Compartir en Facebook<\/span><\/a><\/li><li class='av-share-link av-social-link-twitter' ><a target=\"_blank\" aria-label=\"Compartir en Twitter\" href='https:\/\/twitter.com\/share?text=Con%20capacitaci%C3%B3n%20en%20cultivo%20de%20frutillas%20Indap%20potencia%20el%20rubro%20frut%C3%ADcola%20en%20la%20comuna%20de%20Tortel&#038;url=https:\/\/radiorevelacionfm.cl\/?p=27891' aria-hidden='false' data-av_icon='\ue8f1' data-av_iconfont='entypo-fontello' title='' data-avia-related-tooltip='Compartir en Twitter' rel=\"noopener\"><span class='avia_hidden_link_text'>Compartir en Twitter<\/span><\/a><\/li><li class='av-share-link av-social-link-whatsapp' ><a target=\"_blank\" aria-label=\"Compartir en Whatsapp\" href='https:\/\/api.whatsapp.com\/send?text=https:\/\/radiorevelacionfm.cl\/?p=27891' aria-hidden='false' data-av_icon='\uf232' data-av_iconfont='entypo-fontello' title='' data-avia-related-tooltip='Compartir en Whatsapp' rel=\"noopener\"><span class='avia_hidden_link_text'>Compartir en Whatsapp<\/span><\/a><\/li><li class='av-share-link av-social-link-linkedin' ><a target=\"_blank\" aria-label=\"Compartir en LinkedIn\" href='https:\/\/linkedin.com\/shareArticle?mini=true&#038;title=Con%20capacitaci%C3%B3n%20en%20cultivo%20de%20frutillas%20Indap%20potencia%20el%20rubro%20frut%C3%ADcola%20en%20la%20comuna%20de%20Tortel&#038;url=https:\/\/radiorevelacionfm.cl\/?p=27891' aria-hidden='false' data-av_icon='\ue8fc' data-av_iconfont='entypo-fontello' title='' data-avia-related-tooltip='Compartir en LinkedIn' rel=\"noopener\"><span class='avia_hidden_link_text'>Compartir en LinkedIn<\/span><\/a><\/li><li class='av-share-link av-social-link-mail' ><a  aria-label=\"Compartir por correo\" href='mailto:?subject=Con%20capacitaci%C3%B3n%20en%20cultivo%20de%20frutillas%20Indap%20potencia%20el%20rubro%20frut%C3%ADcola%20en%20la%20comuna%20de%20Tortel&#038;body=https:\/\/radiorevelacionfm.cl\/?p=27891' aria-hidden='false' data-av_icon='\ue805' data-av_iconfont='entypo-fontello' title='' data-avia-related-tooltip='Compartir por correo'><span class='avia_hidden_link_text'>Compartir por correo<\/span><\/a><\/li><\/ul><\/div><\/div>\n<div  style='height:50px' class='hr hr-invisible   avia-builder-el-8  el_after_av_social_share  el_before_av_comments_list '><span class='hr-inner ' ><span class='hr-inner-style'><\/span><\/span><\/div>\n<div  class='av-buildercomment  av-blog-meta-html-info-disabled av-blog-meta-tag-disabled  '><\/div>\n","protected":false},"excerpt":{"rendered":"","protected":false},"author":1,"featured_media":27892,"comment_status":"open","ping_status":"open","sticky":false,"template":"","format":"standard","meta":{"footnotes":""},"categories":[38],"tags":[],"class_list":["post-27891","post","type-post","status-publish","format-standard","has-post-thumbnail","hentry","category-regional"],"jetpack_featured_media_url":"https:\/\/radiorevelacionfm.cl\/wp-content\/uploads\/2023\/02\/WhatsApp-Image-2023-02-15-at-11.09.18-AM-1-1.jpeg","_links":{"self":[{"href":"https:\/\/radiorevelacionfm.cl\/index.php?rest_route=\/wp\/v2\/posts\/27891","targetHints":{"allow":["GET"]}}],"collection":[{"href":"https:\/\/radiorevelacionfm.cl\/index.php?rest_route=\/wp\/v2\/posts"}],"about":[{"href":"https:\/\/radiorevelacionfm.cl\/index.php?rest_route=\/wp\/v2\/types\/post"}],"author":[{"embeddable":true,"href":"https:\/\/radiorevelacionfm.cl\/index.php?rest_route=\/wp\/v2\/users\/1"}],"replies":[{"embeddable":true,"href":"https:\/\/radiorevelacionfm.cl\/index.php?rest_route=%2Fwp%2Fv2%2Fcomments&post=27891"}],"version-history":[{"count":2,"href":"https:\/\/radiorevelacionfm.cl\/index.php?rest_route=\/wp\/v2\/posts\/27891\/revisions"}],"predecessor-version":[{"id":27903,"href":"https:\/\/radiorevelacionfm.cl\/index.php?rest_route=\/wp\/v2\/posts\/27891\/revisions\/27903"}],"wp:featuredmedia":[{"embeddable":true,"href":"https:\/\/radiorevelacionfm.cl\/index.php?rest_route=\/wp\/v2\/media\/27892"}],"wp:attachment":[{"href":"https:\/\/radiorevelacionfm.cl\/index.php?rest_route=%2Fwp%2Fv2%2Fmedia&parent=27891"}],"wp:term":[{"taxonomy":"category","embeddable":true,"href":"https:\/\/radiorevelacionfm.cl\/index.php?rest_route=%2Fwp%2Fv2%2Fcategories&post=27891"},{"taxonomy":"post_tag","embeddable":true,"href":"https:\/\/radiorevelacionfm.cl\/index.php?rest_route=%2Fwp%2Fv2%2Ftags&post=27891"}],"curies":[{"name":"wp","href":"https:\/\/api.w.org\/{rel}","templated":true}]}}