{"id":2789,"date":"2021-02-19T11:34:08","date_gmt":"2021-02-19T14:34:08","guid":{"rendered":"https:\/\/radiorevelacionfm.cl\/?p=2789"},"modified":"2021-02-19T17:28:17","modified_gmt":"2021-02-19T20:28:17","slug":"mantienen-vigilancia-en-centro-de-cultivos-que-durante-enero-presento-caso-virus-isa-en-la-region-de-aysen","status":"publish","type":"post","link":"https:\/\/radiorevelacionfm.cl\/?p=2789","title":{"rendered":"Mantienen vigilancia en centro de cultivo que durante enero present\u00f3 caso virus ISA en la regi\u00f3n de Ays\u00e9n"},"content":{"rendered":"<div class=\"flex_column av_one_full  flex_column_div av-zero-column-padding first  avia-builder-el-0  el_before_av_one_full  avia-builder-el-first  \" style='border-radius:0px; '><div  class='avia-image-container  av-styling-    avia-builder-el-1  avia-builder-el-no-sibling  avia-align-center '  itemprop=\"image\" itemscope=\"itemscope\" itemtype=\"https:\/\/schema.org\/ImageObject\"  ><div class='avia-image-container-inner'><div class='avia-image-overlay-wrap'><img decoding=\"async\" class='wp-image-0 avia-img-lazy-loading-not-0 avia_image' src=\"https:\/\/radiorevelacionfm.cl\/wp-content\/uploads\/2021\/02\/20210218_isa_aysen-1.jpg\" alt='' title=''   itemprop=\"thumbnailUrl\"  \/><\/div><\/div><\/div><\/div>\n<div class=\"flex_column av_one_full  flex_column_div av-zero-column-padding first  avia-builder-el-2  el_after_av_one_full  el_before_av_one_full  column-top-margin\" style='border-radius:0px; '><section class=\"av_textblock_section \"  itemscope=\"itemscope\" itemtype=\"https:\/\/schema.org\/BlogPosting\" itemprop=\"blogPost\" ><div class='avia_textblock  '   itemprop=\"text\" ><p style=\"text-align: center;\"><strong><span style=\"font-size: 18pt;\">Mantienen vigilancia en centro de cultivo que durante enero present\u00f3 caso virus ISA en la regi\u00f3n de Ays\u00e9n<\/span><\/strong><\/p>\n<div id=\"gtx-trans\" style=\"position: absolute; left: -50px; top: 4.31534px;\">\n<div class=\"gtx-trans-icon\"><\/div>\n<\/div>\n<\/div><\/section><\/div><div class=\"flex_column av_one_full  flex_column_div av-zero-column-padding first  avia-builder-el-4  el_after_av_one_full  el_before_av_hr  column-top-margin\" style='border-radius:0px; '><section class=\"av_textblock_section \"  itemscope=\"itemscope\" itemtype=\"https:\/\/schema.org\/BlogPosting\" itemprop=\"blogPost\" ><div class='avia_textblock  '   itemprop=\"text\" ><div class=\"panel-pane pane-views pane-v1-noticias\">\n<div class=\"pane-content\">\n<div class=\"view view-v1-noticias view-id-v1_noticias view-display-id-block_5 view-dom-id-4298416ddaaef9a042cc3422eb067a5d\">\n<div class=\"view-content\">\n<div class=\"views-row views-row-1 views-row-odd views-row-first views-row-last\">\n<p style=\"text-align: justify;\">En el marco del Programa de Vigilancia oficial que realiza el Servicio Nacional de Pesca y Acuicultura, el pasado 28 de enero, el Servicio notific\u00f3 al centro Melchor 716, c\u00f3digo N\u00b0 110733, de titularidad de la empresa Cultivos Yadr\u00e1n S.A, ubicado en la agrupaci\u00f3n de concesiones (ACS) 21C, regi\u00f3n de Ays\u00e9n, como centro en Brote de ISAv.<\/p>\n<p style=\"text-align: justify;\">El centro de cultivo ha estado realizando las faenas de cosecha de los peces del centro, todo lo cual ha sido fiscalizado por funcionarios del Servicio, asegurando que la descarga directa en la planta de proceso cumpla con todos los est\u00e1ndares de bioseguridad necesarios. Adem\u00e1s se ha realizado vigilancia remota satelital de las embarcaciones involucradas en los movimientos de tales faenas. Siendo as\u00ed, el centro de cultivo mantiene a la fecha alrededor de 350 mil peces, distribuidos en 8 jaulas de cultivo.<\/p>\n<p style=\"text-align: justify;\">Adem\u00e1s, el Servicio coordin\u00f3 la fiscalizaci\u00f3n\u00a0<em>in situ<\/em>\u00a0de la condici\u00f3n sanitaria de los peces en centro de cultivo Melchor 716. Cumpliendo todas las medidas sanitarias en el marco de la pandemia del COVID-19, nuestros fiscalizadores ingresaron al centro para constatar el estado de situaci\u00f3n de los animales, realizando necropsias y tomando muestras para realizar las pruebas de laboratorio respectivas. As\u00ed, se constat\u00f3 que no exist\u00eda signolog\u00eda compatible con la enfermedad.<\/p>\n<p style=\"text-align: justify;\">El Servicio mantiene la estrategia de vigilancia en los centros de cultivo del \u00e1rea, no detect\u00e1ndose nuevos centros con peces positivos a la enfermedad.<\/p>\n<\/div>\n<\/div>\n<\/div>\n<\/div>\n<\/div>\n<div class=\"panel-separator\"><\/div>\n<section class=\"panel-pane pane-views pane-v1-noticias panel-pane\">\n<div class=\"view view-v1-noticias view-id-v1_noticias view-display-id-block_7 view-dom-id-a850dd3bdc7cf4358c617e3c739250fe\">\n<div class=\"view-content\">\n<div class=\"owlcarousel-v1-noticias-block-7 disabled\">\n<div class=\"item-0 item-odd\">\n<div class=\"views-field views-field-field-galeria\">\n<div class=\"field-content\"><\/div>\n<\/div>\n<\/div>\n<\/div>\n<\/div>\n<\/div>\n<\/section>\n<div class=\"panel-separator\"><\/div>\n<\/div><\/section><\/div><\/p>\n<div  style='height:50px' class='hr hr-invisible   avia-builder-el-6  el_after_av_one_full  el_before_av_social_share '><span class='hr-inner ' ><span class='hr-inner-style'><\/span><\/span><\/div>\n<div  class='av-social-sharing-box  avia-builder-el-7  el_after_av_hr  el_before_av_hr  '><div class='av-share-box'><h5 class='av-share-link-description av-no-toc '>Compartir esta noticia<\/h5><ul class='av-share-box-list noLightbox'><li class='av-share-link av-social-link-facebook' ><a target=\"_blank\" aria-label=\"Compartir en Facebook\" href='https:\/\/www.facebook.com\/sharer.php?u=https:\/\/radiorevelacionfm.cl\/?p=2789&#038;t=Mantienen%20vigilancia%20en%20centro%20de%20cultivo%20que%20durante%20enero%20present%C3%B3%20caso%20virus%20ISA%20en%20la%20regi%C3%B3n%20de%20Ays%C3%A9n' aria-hidden='false' data-av_icon='\ue8f3' data-av_iconfont='entypo-fontello' title='' data-avia-related-tooltip='Compartir en Facebook' rel=\"noopener\"><span class='avia_hidden_link_text'>Compartir en Facebook<\/span><\/a><\/li><li class='av-share-link av-social-link-twitter' ><a target=\"_blank\" aria-label=\"Compartir en Twitter\" href='https:\/\/twitter.com\/share?text=Mantienen%20vigilancia%20en%20centro%20de%20cultivo%20que%20durante%20enero%20present%C3%B3%20caso%20virus%20ISA%20en%20la%20regi%C3%B3n%20de%20Ays%C3%A9n&#038;url=https:\/\/radiorevelacionfm.cl\/?p=2789' aria-hidden='false' data-av_icon='\ue8f1' data-av_iconfont='entypo-fontello' title='' data-avia-related-tooltip='Compartir en Twitter' rel=\"noopener\"><span class='avia_hidden_link_text'>Compartir en Twitter<\/span><\/a><\/li><li class='av-share-link av-social-link-whatsapp' ><a target=\"_blank\" aria-label=\"Compartir en Whatsapp\" href='https:\/\/api.whatsapp.com\/send?text=https:\/\/radiorevelacionfm.cl\/?p=2789' aria-hidden='false' data-av_icon='\uf232' data-av_iconfont='entypo-fontello' title='' data-avia-related-tooltip='Compartir en Whatsapp' rel=\"noopener\"><span class='avia_hidden_link_text'>Compartir en Whatsapp<\/span><\/a><\/li><li class='av-share-link av-social-link-linkedin' ><a target=\"_blank\" aria-label=\"Compartir en LinkedIn\" href='https:\/\/linkedin.com\/shareArticle?mini=true&#038;title=Mantienen%20vigilancia%20en%20centro%20de%20cultivo%20que%20durante%20enero%20present%C3%B3%20caso%20virus%20ISA%20en%20la%20regi%C3%B3n%20de%20Ays%C3%A9n&#038;url=https:\/\/radiorevelacionfm.cl\/?p=2789' aria-hidden='false' data-av_icon='\ue8fc' data-av_iconfont='entypo-fontello' title='' data-avia-related-tooltip='Compartir en LinkedIn' rel=\"noopener\"><span class='avia_hidden_link_text'>Compartir en LinkedIn<\/span><\/a><\/li><li class='av-share-link av-social-link-mail' ><a  aria-label=\"Compartir por correo\" href='mailto:?subject=Mantienen%20vigilancia%20en%20centro%20de%20cultivo%20que%20durante%20enero%20present%C3%B3%20caso%20virus%20ISA%20en%20la%20regi%C3%B3n%20de%20Ays%C3%A9n&#038;body=https:\/\/radiorevelacionfm.cl\/?p=2789' aria-hidden='false' data-av_icon='\ue805' data-av_iconfont='entypo-fontello' title='' data-avia-related-tooltip='Compartir por correo'><span class='avia_hidden_link_text'>Compartir por correo<\/span><\/a><\/li><\/ul><\/div><\/div>\n<div  style='height:50px' class='hr hr-invisible   avia-builder-el-8  el_after_av_social_share  el_before_av_comments_list '><span class='hr-inner ' ><span class='hr-inner-style'><\/span><\/span><\/div>\n<div  class='av-buildercomment  av-blog-meta-html-info-disabled av-blog-meta-tag-disabled  '><\/div>\n","protected":false},"excerpt":{"rendered":"","protected":false},"author":1,"featured_media":0,"comment_status":"open","ping_status":"open","sticky":false,"template":"","format":"standard","meta":{"footnotes":""},"categories":[60,38],"tags":[],"class_list":["post-2789","post","type-post","status-publish","format-standard","hentry","category-pesca","category-regional"],"jetpack_featured_media_url":"","_links":{"self":[{"href":"https:\/\/radiorevelacionfm.cl\/index.php?rest_route=\/wp\/v2\/posts\/2789","targetHints":{"allow":["GET"]}}],"collection":[{"href":"https:\/\/radiorevelacionfm.cl\/index.php?rest_route=\/wp\/v2\/posts"}],"about":[{"href":"https:\/\/radiorevelacionfm.cl\/index.php?rest_route=\/wp\/v2\/types\/post"}],"author":[{"embeddable":true,"href":"https:\/\/radiorevelacionfm.cl\/index.php?rest_route=\/wp\/v2\/users\/1"}],"replies":[{"embeddable":true,"href":"https:\/\/radiorevelacionfm.cl\/index.php?rest_route=%2Fwp%2Fv2%2Fcomments&post=2789"}],"version-history":[{"count":3,"href":"https:\/\/radiorevelacionfm.cl\/index.php?rest_route=\/wp\/v2\/posts\/2789\/revisions"}],"predecessor-version":[{"id":2814,"href":"https:\/\/radiorevelacionfm.cl\/index.php?rest_route=\/wp\/v2\/posts\/2789\/revisions\/2814"}],"wp:attachment":[{"href":"https:\/\/radiorevelacionfm.cl\/index.php?rest_route=%2Fwp%2Fv2%2Fmedia&parent=2789"}],"wp:term":[{"taxonomy":"category","embeddable":true,"href":"https:\/\/radiorevelacionfm.cl\/index.php?rest_route=%2Fwp%2Fv2%2Fcategories&post=2789"},{"taxonomy":"post_tag","embeddable":true,"href":"https:\/\/radiorevelacionfm.cl\/index.php?rest_route=%2Fwp%2Fv2%2Ftags&post=2789"}],"curies":[{"name":"wp","href":"https:\/\/api.w.org\/{rel}","templated":true}]}}