{"id":27875,"date":"2023-02-15T19:00:09","date_gmt":"2023-02-15T22:00:09","guid":{"rendered":"https:\/\/radiorevelacionfm.cl\/?p=27875"},"modified":"2023-02-15T19:00:09","modified_gmt":"2023-02-15T22:00:09","slug":"con-reconocimiento-publico-gobierno-conmemora-dia-nacional-del-brigadista-forestal","status":"publish","type":"post","link":"https:\/\/radiorevelacionfm.cl\/?p=27875","title":{"rendered":"Con reconocimiento p\u00fablico Gobierno conmemora D\u00eda Nacional del Brigadista Forestal"},"content":{"rendered":"<div class=\"flex_column av_one_full  flex_column_div av-zero-column-padding first  avia-builder-el-0  el_before_av_one_full  avia-builder-el-first  \" style='border-radius:0px; '><div  class='avia-image-container  av-styling-    avia-builder-el-1  avia-builder-el-no-sibling  avia-align-center '  itemprop=\"image\" itemscope=\"itemscope\" itemtype=\"https:\/\/schema.org\/ImageObject\"  ><div class='avia-image-container-inner'><div class='avia-image-overlay-wrap'><img decoding=\"async\" class='wp-image-27876 avia-img-lazy-loading-not-27876 avia_image' src=\"https:\/\/radiorevelacionfm.cl\/wp-content\/uploads\/2023\/02\/img_3688-1_optimized-1.jpg\" alt='' title='img_3688-(1)_optimized (1)' height=\"600\" width=\"900\"  itemprop=\"thumbnailUrl\" srcset=\"https:\/\/radiorevelacionfm.cl\/wp-content\/uploads\/2023\/02\/img_3688-1_optimized-1.jpg 900w, https:\/\/radiorevelacionfm.cl\/wp-content\/uploads\/2023\/02\/img_3688-1_optimized-1-300x200.jpg 300w, https:\/\/radiorevelacionfm.cl\/wp-content\/uploads\/2023\/02\/img_3688-1_optimized-1-768x512.jpg 768w, https:\/\/radiorevelacionfm.cl\/wp-content\/uploads\/2023\/02\/img_3688-1_optimized-1-705x470.jpg 705w, https:\/\/radiorevelacionfm.cl\/wp-content\/uploads\/2023\/02\/img_3688-1_optimized-1-600x400.jpg 600w\" sizes=\"(max-width: 900px) 100vw, 900px\" \/><\/div><\/div><\/div><\/div><div class=\"flex_column av_one_full  flex_column_div av-zero-column-padding first  avia-builder-el-2  el_after_av_one_full  el_before_av_one_full  column-top-margin\" style='border-radius:0px; '><section class=\"av_textblock_section \"  itemscope=\"itemscope\" itemtype=\"https:\/\/schema.org\/BlogPosting\" itemprop=\"blogPost\" ><div class='avia_textblock  '   itemprop=\"text\" ><p style=\"font-weight: 400; text-align: center;\"><span style=\"font-size: 18pt;\"><strong>Con reconocimiento p\u00fablico Gobierno conmemora D\u00eda Nacional del Brigadista Forestal<\/strong><\/span><\/p>\n<div id=\"gtx-trans\" style=\"position: absolute; left: -50px; top: 4.31534px;\">\n<div class=\"gtx-trans-icon\"><\/div>\n<\/div>\n<\/div><\/section><\/div><div class=\"flex_column av_one_full  flex_column_div av-zero-column-padding first  avia-builder-el-4  el_after_av_one_full  el_before_av_hr  column-top-margin\" style='border-radius:0px; '><section class=\"av_textblock_section \"  itemscope=\"itemscope\" itemtype=\"https:\/\/schema.org\/BlogPosting\" itemprop=\"blogPost\" ><div class='avia_textblock  '   itemprop=\"text\" ><p style=\"font-weight: 400; text-align: justify;\">Con el objetivo de destacar el importante trabajo que realizan brigadistas en el cuidado del patrimonio natural y protecci\u00f3n de la vida de las personas, este mi\u00e9rcoles 15 de febrero se conmemor\u00f3 con una actividad realizada en dependencias de CONAF Coyhaique, el D\u00eda Nacional del Brigadista Forestal.<\/p>\n<p style=\"font-weight: 400; text-align: justify;\">En la ceremonia de reconocimiento particip\u00f3 la Gobernadora, Andrea Mac\u00edas, el Delegado Presidencial Regional, Rodrigo Araya, el Seremi de Agricultura, Alan Espinoza, la Seremi de Gobierno, Tatiana Pl\u00e1, y la directora (I) de CONAF, Andrea Bahamonde, quienes dialogaron con parte de los brigadistas que se mantienen en Ays\u00e9n.<\/p>\n<p style=\"font-weight: 400; text-align: justify;\">\u201cEl llamado hoy d\u00eda a todas las personas, tanto residentes como aquellos que nos visitan en esta temporada, es a la prevenci\u00f3n. Tenemos una condici\u00f3n geogr\u00e1fica, una topograf\u00eda, que dificulta atender situaciones de emergencia, por lo que ante cualquier emergencia llamar al 130\u201d, expres\u00f3 la Gobernadora Andrea Mac\u00edas al enfatizar el mensaje preventivo hacia la comunidad.<\/p>\n<p style=\"font-weight: 400; text-align: justify;\">Por su parte, el Delegado Rodrigo Araya indic\u00f3 que \u201cac\u00e1 en nuestra regi\u00f3n, hemos tenido la fortuna de que los 26 focos de incendio han sido controlados en forma r\u00e1pida y las 14 brigadas de Conaf que est\u00e1n desplegadas en el territorio est\u00e1n operativas dentro y fuera de la regi\u00f3n, prestando ayuda tambi\u00e9n a otras regiones afectadas\u201d.<\/p>\n<p style=\"font-weight: 400; text-align: justify;\">El Seremi Alan Espinoza Ortiz resalt\u00f3 el Plan Nacional\u00a0de Prevenci\u00f3n y Control de Incendios Forestales, que permiti\u00f3 contar con equipamiento y 14 brigadas en la regi\u00f3n.<\/p>\n<p style=\"font-weight: 400; text-align: justify;\">\u201cQueremos destacar la labor que hacen nuestros brigadistas forestales en el combate, la prevenci\u00f3n, pero adem\u00e1s en el estar preparados, en disponer su vida y sus recursos para poder combatir el fuego. Han demostrado una tremenda valent\u00eda\u201d, destac\u00f3.<\/p>\n<p style=\"font-weight: 400; text-align: justify;\">Valeria Mart\u00ednez, brigadista de la secci\u00f3n Despacho de la Central de Incendios Forestales valor\u00f3 el reconocimiento pues recalca el valor de esta labor de combate y prevenci\u00f3n de incendios forestales.<\/p>\n<p style=\"font-weight: 400; text-align: justify;\">\u201cEstamos pasando una situaci\u00f3n cr\u00edtica como pa\u00eds, pero hay que destacar la funci\u00f3n que cada brigadista est\u00e1 realizando, porque est\u00e1n haciendo labores que son cr\u00edticas, complicadas, as\u00ed que destaco la funci\u00f3n que est\u00e1n realizando todos los brigadistas. No son muchas las mujeres que trabajan como brigadistas, as\u00ed que ojal\u00e1 puedan llegar muchas m\u00e1s\u201d, concluy\u00f3.<\/p>\n<p style=\"font-weight: 400; text-align: justify;\"><strong>Un homenaje al esfuerzo y entrega<\/strong><\/p>\n<p style=\"font-weight: 400; text-align: justify;\">El D\u00eda Nacional del Brigadista Forestal se oficializ\u00f3 mediante Decreto Supremo N\u00b047, del 2 de junio del 2009, del Ministerio de Agricultura, instaur\u00e1ndose el 15 de febrero en recuerdo de los 12 brigadistas de Forestal CELCO y el piloto de un helic\u00f3ptero de la empresa Flight Service que fallecieron ese a\u00f1o en un accidente a\u00e9reo en la comuna de Chanco, Regi\u00f3n del Maule; y como un homenaje al esfuerzo y entrega de estos hombres y mujeres de diferentes instituciones p\u00fablicas, como CONAF, Fuerzas Armadas, Bomberos y empresa privada, en la tarea de proteger a la poblaci\u00f3n y los recursos naturales.<\/p>\n<p style=\"font-weight: 400; text-align: justify;\">\u201cEn este d\u00eda, reconocemos a los brigadistas forestales, por su abnegada labor, no s\u00f3lo del cuidado de las personas, sino tambi\u00e9n de los animales, de las viviendas y de los bosques de nuestro pa\u00eds. En este momento m\u00e1s que nunca felicitarlos y reconocer su abnegada labor\u201d, concluy\u00f3 la seremi de Gobierno Tatiana Pl\u00e1.<\/p>\n<p style=\"font-weight: 400; text-align: justify;\">Desde el primero de julio de 2022 a la fecha, se han registrado 26 incendios en la regi\u00f3n con una superficie de 18.48 hect\u00e1reas, por lo que las autoridades hicieron un llamado a la prevenci\u00f3n recordando medidas como: construcci\u00f3n de cortafuegos, limpieza de vegetaci\u00f3n seca, eliminaci\u00f3n de basura en contenedores, evitar uso de herramientas el\u00e9ctricas, no hacer fogatas y podar \u00e1rboles bajo los tendidos el\u00e9ctricos, entre otras.<\/p>\n<\/div><\/section><\/div><div  style='height:50px' class='hr hr-invisible   avia-builder-el-6  el_after_av_one_full  el_before_av_social_share '><span class='hr-inner ' ><span class='hr-inner-style'><\/span><\/span><\/div><\/p>\n<div  class='av-social-sharing-box  avia-builder-el-7  el_after_av_hr  el_before_av_hr  '><div class='av-share-box'><h5 class='av-share-link-description av-no-toc '>Compartir esta noticia<\/h5><ul class='av-share-box-list noLightbox'><li class='av-share-link av-social-link-facebook' ><a target=\"_blank\" aria-label=\"Compartir en Facebook\" href='https:\/\/www.facebook.com\/sharer.php?u=https:\/\/radiorevelacionfm.cl\/?p=27875&#038;t=Con%20reconocimiento%20p%C3%BAblico%20Gobierno%20conmemora%20D%C3%ADa%20Nacional%20del%20Brigadista%20Forestal' aria-hidden='false' data-av_icon='\ue8f3' data-av_iconfont='entypo-fontello' title='' data-avia-related-tooltip='Compartir en Facebook' rel=\"noopener\"><span class='avia_hidden_link_text'>Compartir en Facebook<\/span><\/a><\/li><li class='av-share-link av-social-link-twitter' ><a target=\"_blank\" aria-label=\"Compartir en Twitter\" href='https:\/\/twitter.com\/share?text=Con%20reconocimiento%20p%C3%BAblico%20Gobierno%20conmemora%20D%C3%ADa%20Nacional%20del%20Brigadista%20Forestal&#038;url=https:\/\/radiorevelacionfm.cl\/?p=27875' aria-hidden='false' data-av_icon='\ue8f1' data-av_iconfont='entypo-fontello' title='' data-avia-related-tooltip='Compartir en Twitter' rel=\"noopener\"><span class='avia_hidden_link_text'>Compartir en Twitter<\/span><\/a><\/li><li class='av-share-link av-social-link-whatsapp' ><a target=\"_blank\" aria-label=\"Compartir en Whatsapp\" href='https:\/\/api.whatsapp.com\/send?text=https:\/\/radiorevelacionfm.cl\/?p=27875' aria-hidden='false' data-av_icon='\uf232' data-av_iconfont='entypo-fontello' title='' data-avia-related-tooltip='Compartir en Whatsapp' rel=\"noopener\"><span class='avia_hidden_link_text'>Compartir en Whatsapp<\/span><\/a><\/li><li class='av-share-link av-social-link-linkedin' ><a target=\"_blank\" aria-label=\"Compartir en LinkedIn\" href='https:\/\/linkedin.com\/shareArticle?mini=true&#038;title=Con%20reconocimiento%20p%C3%BAblico%20Gobierno%20conmemora%20D%C3%ADa%20Nacional%20del%20Brigadista%20Forestal&#038;url=https:\/\/radiorevelacionfm.cl\/?p=27875' aria-hidden='false' data-av_icon='\ue8fc' data-av_iconfont='entypo-fontello' title='' data-avia-related-tooltip='Compartir en LinkedIn' rel=\"noopener\"><span class='avia_hidden_link_text'>Compartir en LinkedIn<\/span><\/a><\/li><li class='av-share-link av-social-link-mail' ><a  aria-label=\"Compartir por correo\" href='mailto:?subject=Con%20reconocimiento%20p%C3%BAblico%20Gobierno%20conmemora%20D%C3%ADa%20Nacional%20del%20Brigadista%20Forestal&#038;body=https:\/\/radiorevelacionfm.cl\/?p=27875' aria-hidden='false' data-av_icon='\ue805' data-av_iconfont='entypo-fontello' title='' data-avia-related-tooltip='Compartir por correo'><span class='avia_hidden_link_text'>Compartir por correo<\/span><\/a><\/li><\/ul><\/div><\/div>\n<div  style='height:50px' class='hr hr-invisible   avia-builder-el-8  el_after_av_social_share  el_before_av_comments_list '><span class='hr-inner ' ><span class='hr-inner-style'><\/span><\/span><\/div>\n<div  class='av-buildercomment  av-blog-meta-html-info-disabled av-blog-meta-tag-disabled  '><\/div>\n","protected":false},"excerpt":{"rendered":"","protected":false},"author":1,"featured_media":27876,"comment_status":"open","ping_status":"open","sticky":false,"template":"","format":"standard","meta":{"footnotes":""},"categories":[38],"tags":[],"class_list":["post-27875","post","type-post","status-publish","format-standard","has-post-thumbnail","hentry","category-regional"],"jetpack_featured_media_url":"https:\/\/radiorevelacionfm.cl\/wp-content\/uploads\/2023\/02\/img_3688-1_optimized-1.jpg","_links":{"self":[{"href":"https:\/\/radiorevelacionfm.cl\/index.php?rest_route=\/wp\/v2\/posts\/27875","targetHints":{"allow":["GET"]}}],"collection":[{"href":"https:\/\/radiorevelacionfm.cl\/index.php?rest_route=\/wp\/v2\/posts"}],"about":[{"href":"https:\/\/radiorevelacionfm.cl\/index.php?rest_route=\/wp\/v2\/types\/post"}],"author":[{"embeddable":true,"href":"https:\/\/radiorevelacionfm.cl\/index.php?rest_route=\/wp\/v2\/users\/1"}],"replies":[{"embeddable":true,"href":"https:\/\/radiorevelacionfm.cl\/index.php?rest_route=%2Fwp%2Fv2%2Fcomments&post=27875"}],"version-history":[{"count":2,"href":"https:\/\/radiorevelacionfm.cl\/index.php?rest_route=\/wp\/v2\/posts\/27875\/revisions"}],"predecessor-version":[{"id":27885,"href":"https:\/\/radiorevelacionfm.cl\/index.php?rest_route=\/wp\/v2\/posts\/27875\/revisions\/27885"}],"wp:featuredmedia":[{"embeddable":true,"href":"https:\/\/radiorevelacionfm.cl\/index.php?rest_route=\/wp\/v2\/media\/27876"}],"wp:attachment":[{"href":"https:\/\/radiorevelacionfm.cl\/index.php?rest_route=%2Fwp%2Fv2%2Fmedia&parent=27875"}],"wp:term":[{"taxonomy":"category","embeddable":true,"href":"https:\/\/radiorevelacionfm.cl\/index.php?rest_route=%2Fwp%2Fv2%2Fcategories&post=27875"},{"taxonomy":"post_tag","embeddable":true,"href":"https:\/\/radiorevelacionfm.cl\/index.php?rest_route=%2Fwp%2Fv2%2Ftags&post=27875"}],"curies":[{"name":"wp","href":"https:\/\/api.w.org\/{rel}","templated":true}]}}