{"id":27871,"date":"2023-02-15T17:46:23","date_gmt":"2023-02-15T20:46:23","guid":{"rendered":"https:\/\/radiorevelacionfm.cl\/?p=27871"},"modified":"2023-02-15T17:46:23","modified_gmt":"2023-02-15T20:46:23","slug":"gobernadora-de-aysen-llama-a-la-prevencion-en-el-dia-del-brigadista-forestal-no-estamos-exentos-de-vivir-una-situacion-como-la-de-la-zona-centro-sur","status":"publish","type":"post","link":"https:\/\/radiorevelacionfm.cl\/?p=27871","title":{"rendered":"Gobernadora de Ays\u00e9n llama a la prevenci\u00f3n en el D\u00eda del Brigadista Forestal: \u00abNo estamos exentos de vivir una situaci\u00f3n como la de la zona centro sur\u00bb"},"content":{"rendered":"<div class=\"flex_column av_one_full  flex_column_div av-zero-column-padding first  avia-builder-el-0  el_before_av_one_full  avia-builder-el-first  \" style='border-radius:0px; '><div  class='avia-image-container  av-styling-    avia-builder-el-1  avia-builder-el-no-sibling  avia-align-center '  itemprop=\"image\" itemscope=\"itemscope\" itemtype=\"https:\/\/schema.org\/ImageObject\"  ><div class='avia-image-container-inner'><div class='avia-image-overlay-wrap'><img decoding=\"async\" class='wp-image-27872 avia-img-lazy-loading-not-27872 avia_image' src=\"https:\/\/radiorevelacionfm.cl\/wp-content\/uploads\/2023\/02\/brigadistas-5-1-1.jpeg\" alt='' title='brigadistas 5 (1) (1)' height=\"600\" width=\"900\"  itemprop=\"thumbnailUrl\" srcset=\"https:\/\/radiorevelacionfm.cl\/wp-content\/uploads\/2023\/02\/brigadistas-5-1-1.jpeg 900w, https:\/\/radiorevelacionfm.cl\/wp-content\/uploads\/2023\/02\/brigadistas-5-1-1-300x200.jpeg 300w, https:\/\/radiorevelacionfm.cl\/wp-content\/uploads\/2023\/02\/brigadistas-5-1-1-768x512.jpeg 768w, https:\/\/radiorevelacionfm.cl\/wp-content\/uploads\/2023\/02\/brigadistas-5-1-1-705x470.jpeg 705w, https:\/\/radiorevelacionfm.cl\/wp-content\/uploads\/2023\/02\/brigadistas-5-1-1-600x400.jpeg 600w\" sizes=\"(max-width: 900px) 100vw, 900px\" \/><\/div><\/div><\/div><\/div><div class=\"flex_column av_one_full  flex_column_div av-zero-column-padding first  avia-builder-el-2  el_after_av_one_full  el_before_av_one_full  column-top-margin\" style='border-radius:0px; '><section class=\"av_textblock_section \"  itemscope=\"itemscope\" itemtype=\"https:\/\/schema.org\/BlogPosting\" itemprop=\"blogPost\" ><div class='avia_textblock  '   itemprop=\"text\" ><p style=\"text-align: center;\"><strong><span style=\"font-size: 18pt;\">Gobernadora de Ays\u00e9n llama a la prevenci\u00f3n en el D\u00eda del Brigadista Forestal: \u00abNo estamos exentos de vivir una situaci\u00f3n como la de la zona centro sur\u00bb<\/span><\/strong><\/p>\n<div id=\"gtx-trans\" style=\"position: absolute; left: -50px; top: 4.31534px;\">\n<div class=\"gtx-trans-icon\"><\/div>\n<\/div>\n<\/div><\/section><\/div><div class=\"flex_column av_one_full  flex_column_div av-zero-column-padding first  avia-builder-el-4  el_after_av_one_full  el_before_av_hr  column-top-margin\" style='border-radius:0px; '><section class=\"av_textblock_section \"  itemscope=\"itemscope\" itemtype=\"https:\/\/schema.org\/BlogPosting\" itemprop=\"blogPost\" ><div class='avia_textblock  '   itemprop=\"text\" ><p dir=\"ltr\" style=\"text-align: justify;\">A prop\u00f3sito de la conmemoraci\u00f3n del D\u00eda del Brigadista Forestal este 15 de febrero, y tambi\u00e9n en el marco de la emergencia ambiental que existe hoy con los incendios en las regiones de la zona centro sur, la Gobernadora Regional de Ays\u00e9n, Andrea Mac\u00edas Palma, acudi\u00f3 junto a autoridades regionales gubernamentales a la sede de la Corporaci\u00f3n Nacional Forestal (Conaf) en Coyhaique, para destacar la labor que realizan estas personas. En la instancia, la m\u00e1xima autoridad regional inst\u00f3 a la poblaci\u00f3n a proteger los bosques de la Patagonia, recalcando la importancia de la prevenci\u00f3n de los incendios forestales.<\/p>\n<p dir=\"ltr\" style=\"text-align: justify;\">\u00abEl llamado hoy d\u00eda a todas las personas, tanto para residentes como para quienes visitan nuestra regi\u00f3n esta temporada, es a la prevenci\u00f3n. Somos una regi\u00f3n que tiene una condici\u00f3n geogr\u00e1fica, una topograf\u00eda que adem\u00e1s dificulta el poder atender las situaciones de emergencia (&#8230;) vamos bien como regi\u00f3n, pero no estamos exentos de vivir una situaci\u00f3n similar a la que se est\u00e1 viviendo hoy en la zona centro sur del pa\u00eds\u00bb, advirti\u00f3 la Gobernadora Andrea Mac\u00edas Palma.<\/p>\n<p dir=\"ltr\" style=\"text-align: justify;\">Desde la Conaf, la directora regional subrogante de Ays\u00e9n, Andrea Bahamondes, tambi\u00e9n se sum\u00f3 a los saludos para las y los brigadistas, enfatizando que las acciones preventivas son fundamentales para evitar cat\u00e1strofes y tragedias, como las que hoy se viven en localidades y comunas desde el Maule hasta La Araucan\u00eda.<\/p>\n<p dir=\"ltr\" style=\"text-align: justify;\">Debido a la situaci\u00f3n de emergencia nacional, desde la regi\u00f3n partir\u00e1 durante esta jornada un grupo de brigadistas hacia la Regi\u00f3n de La Araucan\u00eda. La Conaf tambi\u00e9n ha enviado otros contingentes para ayudar a combatir los incendios, uno con doce brigadistas y dos t\u00e9cnicos destinados a apoyar a la Regi\u00f3n de \u00d1uble, sumado a otro de siete brigadistas que acudieron a la localidad de Palena.<\/p>\n<p dir=\"ltr\" style=\"text-align: justify;\">\u00abHay un eslogan que nosotros tenemos en Conaf, que prevenir un incendio forestal es mucho m\u00e1s f\u00e1cil que combatirlo. La ciudadan\u00eda en general, y tanto la parte p\u00fablica como la privada, podemos colaborar a trav\u00e9s de la prevenci\u00f3n y las acciones individuales. El 99,7% de los incendios forestales se produce por acci\u00f3n humana, ya sea, por negligencia, por accidentabilidad o hasta intencional (&#8230;) ahora que es verano y que este fin de semana tiene buena temperatura, si baja al r\u00edo por favor no hacer fogata, el tema de las colillas de cigarro, si ocupa herramientas que hacen chispa no asociarlos a vegetaci\u00f3n, tener esa conciencia, porque las acciones humanas que nosotros podamos hacer son las que pueden provocar un incendio forestal\u00bb, se\u00f1al\u00f3 la directora regional de la Conaf.<\/p>\n<p dir=\"ltr\" style=\"text-align: justify;\">El Servicio Nacional de Prevenci\u00f3n y Respuesta ante Desastres (Senapred), reporta que a la fecha, en las regiones de la zona centro sur del pa\u00eds, a\u00fan se mantienen activos un total de 296 siniestros. La instituci\u00f3n adem\u00e1s informa que debido a los incendios hay 24 fallecidos, 2.911 personas siendo atendidas en centros de salud por lesiones, 6.855 damnificados y damnificadas, 1.513 viviendas destruidas y 432.541 hect\u00e1reas que han sido consumidas por el fuego.<\/p>\n<p dir=\"ltr\" style=\"text-align: justify;\">En la Regi\u00f3n de Ays\u00e9n la Conaf cuenta con 14 brigadas del tipo mixta, integradas por un total de 77 personas destinadas al combate de siniestros forestales, y cuya cobertura territorial abarca desde La Junta hasta Cochrane. Desde julio de 2022 a la fecha han habido 26 incendios forestales en la regi\u00f3n, con una superficie de 18.48 hect\u00e1reas afectadas.<\/p>\n<p dir=\"ltr\" style=\"text-align: justify;\">\u00abQueremos destacar la labor que hacen nuestros brigadistas forestales en el combate y en la prevenci\u00f3n, pero adem\u00e1s en el estar preparados, en disponer su vida y sus recursos para combatir el fuego. Ellos han demostrado tremenda valent\u00eda. Han sido importantes en lo que est\u00e1 pasando en el norte. En nuestra regi\u00f3n, a la fecha, llevamos 26 incendios con muy poca afectaci\u00f3n de hect\u00e1reas, y eso tiene que ver con el trabajo colaborativo pero, en especial, con quienes est\u00e1n en la primera l\u00ednea de combate, que son nuestros brigadistas forestales. Mis respetos y reconocimiento a cada uno de ellos en este d\u00eda\u00bb, concluy\u00f3 el Secretario Regional Ministerial (Seremi) de Agricultura, Alan Espinoza.<\/p>\n<p dir=\"ltr\" style=\"text-align: justify;\">Las autoridades reiteraron que si alguien advierte humo, fuego o cualquier indicio de un siniestro, debe llamar de inmediato al 130 de la Conaf, al 132 de Bomberos, al 133 de Carabineros o al 134 de la Polic\u00eda de Investigaciones (PDI).<\/p>\n<\/div><\/section><\/div><div  style='height:50px' class='hr hr-invisible   avia-builder-el-6  el_after_av_one_full  el_before_av_social_share '><span class='hr-inner ' ><span class='hr-inner-style'><\/span><\/span><\/div><\/p>\n<div  class='av-social-sharing-box  avia-builder-el-7  el_after_av_hr  el_before_av_hr  '><div class='av-share-box'><h5 class='av-share-link-description av-no-toc '>Compartir esta noticia<\/h5><ul class='av-share-box-list noLightbox'><li class='av-share-link av-social-link-facebook' ><a target=\"_blank\" aria-label=\"Compartir en Facebook\" href='https:\/\/www.facebook.com\/sharer.php?u=https:\/\/radiorevelacionfm.cl\/?p=27871&#038;t=Gobernadora%20de%20Ays%C3%A9n%20llama%20a%20la%20prevenci%C3%B3n%20en%20el%20D%C3%ADa%20del%20Brigadista%20Forestal%3A%20%C2%ABNo%20estamos%20exentos%20de%20vivir%20una%20situaci%C3%B3n%20como%20la%20de%20la%20zona%20centro%20sur%C2%BB' aria-hidden='false' data-av_icon='\ue8f3' data-av_iconfont='entypo-fontello' title='' data-avia-related-tooltip='Compartir en Facebook' rel=\"noopener\"><span class='avia_hidden_link_text'>Compartir en Facebook<\/span><\/a><\/li><li class='av-share-link av-social-link-twitter' ><a target=\"_blank\" aria-label=\"Compartir en Twitter\" href='https:\/\/twitter.com\/share?text=Gobernadora%20de%20Ays%C3%A9n%20llama%20a%20la%20prevenci%C3%B3n%20en%20el%20D%C3%ADa%20del%20Brigadista%20Forestal%3A%20%C2%ABNo%20estamos%20exentos%20de%20vivir%20una%20situaci%C3%B3n%20como%20la%20de%20la%20zona%20centro%20sur%C2%BB&#038;url=https:\/\/radiorevelacionfm.cl\/?p=27871' aria-hidden='false' data-av_icon='\ue8f1' data-av_iconfont='entypo-fontello' title='' data-avia-related-tooltip='Compartir en Twitter' rel=\"noopener\"><span class='avia_hidden_link_text'>Compartir en Twitter<\/span><\/a><\/li><li class='av-share-link av-social-link-whatsapp' ><a target=\"_blank\" aria-label=\"Compartir en Whatsapp\" href='https:\/\/api.whatsapp.com\/send?text=https:\/\/radiorevelacionfm.cl\/?p=27871' aria-hidden='false' data-av_icon='\uf232' data-av_iconfont='entypo-fontello' title='' data-avia-related-tooltip='Compartir en Whatsapp' rel=\"noopener\"><span class='avia_hidden_link_text'>Compartir en Whatsapp<\/span><\/a><\/li><li class='av-share-link av-social-link-linkedin' ><a target=\"_blank\" aria-label=\"Compartir en LinkedIn\" href='https:\/\/linkedin.com\/shareArticle?mini=true&#038;title=Gobernadora%20de%20Ays%C3%A9n%20llama%20a%20la%20prevenci%C3%B3n%20en%20el%20D%C3%ADa%20del%20Brigadista%20Forestal%3A%20%C2%ABNo%20estamos%20exentos%20de%20vivir%20una%20situaci%C3%B3n%20como%20la%20de%20la%20zona%20centro%20sur%C2%BB&#038;url=https:\/\/radiorevelacionfm.cl\/?p=27871' aria-hidden='false' data-av_icon='\ue8fc' data-av_iconfont='entypo-fontello' title='' data-avia-related-tooltip='Compartir en LinkedIn' rel=\"noopener\"><span class='avia_hidden_link_text'>Compartir en LinkedIn<\/span><\/a><\/li><li class='av-share-link av-social-link-mail' ><a  aria-label=\"Compartir por correo\" href='mailto:?subject=Gobernadora%20de%20Ays%C3%A9n%20llama%20a%20la%20prevenci%C3%B3n%20en%20el%20D%C3%ADa%20del%20Brigadista%20Forestal%3A%20%C2%ABNo%20estamos%20exentos%20de%20vivir%20una%20situaci%C3%B3n%20como%20la%20de%20la%20zona%20centro%20sur%C2%BB&#038;body=https:\/\/radiorevelacionfm.cl\/?p=27871' aria-hidden='false' data-av_icon='\ue805' data-av_iconfont='entypo-fontello' title='' data-avia-related-tooltip='Compartir por correo'><span class='avia_hidden_link_text'>Compartir por correo<\/span><\/a><\/li><\/ul><\/div><\/div>\n<div  style='height:50px' class='hr hr-invisible   avia-builder-el-8  el_after_av_social_share  el_before_av_comments_list '><span class='hr-inner ' ><span class='hr-inner-style'><\/span><\/span><\/div>\n<div  class='av-buildercomment  av-blog-meta-html-info-disabled av-blog-meta-tag-disabled  '><\/div>\n","protected":false},"excerpt":{"rendered":"","protected":false},"author":1,"featured_media":27872,"comment_status":"open","ping_status":"open","sticky":false,"template":"","format":"standard","meta":{"footnotes":""},"categories":[38],"tags":[],"class_list":["post-27871","post","type-post","status-publish","format-standard","has-post-thumbnail","hentry","category-regional"],"jetpack_featured_media_url":"https:\/\/radiorevelacionfm.cl\/wp-content\/uploads\/2023\/02\/brigadistas-5-1-1.jpeg","_links":{"self":[{"href":"https:\/\/radiorevelacionfm.cl\/index.php?rest_route=\/wp\/v2\/posts\/27871","targetHints":{"allow":["GET"]}}],"collection":[{"href":"https:\/\/radiorevelacionfm.cl\/index.php?rest_route=\/wp\/v2\/posts"}],"about":[{"href":"https:\/\/radiorevelacionfm.cl\/index.php?rest_route=\/wp\/v2\/types\/post"}],"author":[{"embeddable":true,"href":"https:\/\/radiorevelacionfm.cl\/index.php?rest_route=\/wp\/v2\/users\/1"}],"replies":[{"embeddable":true,"href":"https:\/\/radiorevelacionfm.cl\/index.php?rest_route=%2Fwp%2Fv2%2Fcomments&post=27871"}],"version-history":[{"count":2,"href":"https:\/\/radiorevelacionfm.cl\/index.php?rest_route=\/wp\/v2\/posts\/27871\/revisions"}],"predecessor-version":[{"id":27874,"href":"https:\/\/radiorevelacionfm.cl\/index.php?rest_route=\/wp\/v2\/posts\/27871\/revisions\/27874"}],"wp:featuredmedia":[{"embeddable":true,"href":"https:\/\/radiorevelacionfm.cl\/index.php?rest_route=\/wp\/v2\/media\/27872"}],"wp:attachment":[{"href":"https:\/\/radiorevelacionfm.cl\/index.php?rest_route=%2Fwp%2Fv2%2Fmedia&parent=27871"}],"wp:term":[{"taxonomy":"category","embeddable":true,"href":"https:\/\/radiorevelacionfm.cl\/index.php?rest_route=%2Fwp%2Fv2%2Fcategories&post=27871"},{"taxonomy":"post_tag","embeddable":true,"href":"https:\/\/radiorevelacionfm.cl\/index.php?rest_route=%2Fwp%2Fv2%2Ftags&post=27871"}],"curies":[{"name":"wp","href":"https:\/\/api.w.org\/{rel}","templated":true}]}}