{"id":27868,"date":"2023-02-16T11:17:03","date_gmt":"2023-02-16T14:17:03","guid":{"rendered":"https:\/\/radiorevelacionfm.cl\/?p=27868"},"modified":"2023-02-16T11:17:03","modified_gmt":"2023-02-16T14:17:03","slug":"organismos-internacionales-comprometen-recursos-para-combate-de-incendios-forestales-y-ayudas-a-personas-afectadas-en-la-zona-centro-sur-del-pais","status":"publish","type":"post","link":"https:\/\/radiorevelacionfm.cl\/?p=27868","title":{"rendered":"Organismos Internacionales comprometen recursos para combate de incendios forestales y ayudas a personas afectadas en la zona centro sur del pa\u00eds"},"content":{"rendered":"<div class=\"flex_column av_one_full  flex_column_div av-zero-column-padding first  avia-builder-el-0  el_before_av_one_full  avia-builder-el-first  \" style='border-radius:0px; '><div  class='avia-image-container  av-styling-    avia-builder-el-1  avia-builder-el-no-sibling  avia-align-center '  itemprop=\"image\" itemscope=\"itemscope\" itemtype=\"https:\/\/schema.org\/ImageObject\"  ><div class='avia-image-container-inner'><div class='avia-image-overlay-wrap'><img decoding=\"async\" class='wp-image-27869 avia-img-lazy-loading-not-27869 avia_image' src=\"https:\/\/radiorevelacionfm.cl\/wp-content\/uploads\/2023\/02\/co2_600x480-1-1.jpg\" alt='' title='co2_600x480 (1) (1)' height=\"600\" width=\"750\"  itemprop=\"thumbnailUrl\" srcset=\"https:\/\/radiorevelacionfm.cl\/wp-content\/uploads\/2023\/02\/co2_600x480-1-1.jpg 750w, https:\/\/radiorevelacionfm.cl\/wp-content\/uploads\/2023\/02\/co2_600x480-1-1-300x240.jpg 300w, https:\/\/radiorevelacionfm.cl\/wp-content\/uploads\/2023\/02\/co2_600x480-1-1-705x564.jpg 705w, https:\/\/radiorevelacionfm.cl\/wp-content\/uploads\/2023\/02\/co2_600x480-1-1-600x480.jpg 600w\" sizes=\"(max-width: 750px) 100vw, 750px\" \/><\/div><\/div><\/div><\/div>\n<div class=\"flex_column av_one_full  flex_column_div av-zero-column-padding first  avia-builder-el-2  el_after_av_one_full  el_before_av_one_full  column-top-margin\" style='border-radius:0px; '><section class=\"av_textblock_section \"  itemscope=\"itemscope\" itemtype=\"https:\/\/schema.org\/BlogPosting\" itemprop=\"blogPost\" ><div class='avia_textblock  '   itemprop=\"text\" ><p style=\"text-align: center;\"><strong><span style=\"font-size: 18pt;\">Organismos Internacionales comprometen recursos para combate de incendios forestales y ayudas a personas afectadas en la zona centro sur del pa\u00eds<\/span><\/strong><\/p>\n<div id=\"gtx-trans\" style=\"position: absolute; left: -50px; top: 4.31534px;\">\n<div class=\"gtx-trans-icon\"><\/div>\n<\/div>\n<\/div><\/section><\/div><div class=\"flex_column av_one_full  flex_column_div av-zero-column-padding first  avia-builder-el-4  el_after_av_one_full  el_before_av_hr  column-top-margin\" style='border-radius:0px; '><section class=\"av_textblock_section \"  itemscope=\"itemscope\" itemtype=\"https:\/\/schema.org\/BlogPosting\" itemprop=\"blogPost\" ><div class='avia_textblock  '   itemprop=\"text\" ><p style=\"text-align: justify;\">El Banco Interamericano de Desarrollo (BID) y el Banco de Desarrollo de Am\u00e9rica Latina &#8211; CAF (CAF), comprometieron la entrega de recursos para apoyar el combate de los incendios forestales en la zona centro sur del pa\u00eds y las posteriores ayudas a las personas afectadas. Las cooperaciones, que totalizan US$ 450 mil ($353 millones aproximadamente), fueron coordinadas por el Ministerio de Hacienda en su calidad de representante de Chile ante ambas instituciones multilaterales.<\/p>\n<p style=\"text-align: justify;\">\u201cAgradecemos la colaboraci\u00f3n de ambos organismos internacionales para enfrentar esta emergencia. Estos recursos apoyar\u00e1n a las comunas afectadas tanto en el financiamiento de ayudas, como en la asistencia t\u00e9cnica para la gesti\u00f3n de proyectos en el proceso de reconstrucci\u00f3n\u201d, se\u00f1al\u00f3 la ministra (s) de Hacienda, Claudia Sanhueza.<\/p>\n<p style=\"text-align: justify;\">Seg\u00fan lo indicado por ambos organismos, el objetivo de los recursos es contribuir en la gesti\u00f3n de la emergencia y apoyar en el financiamiento de ayudas a las comunidades afectadas por los incendios. En el caso del BID, se comprometi\u00f3, a trav\u00e9s de recursos no reembolsables con foco en las regiones de \u00d1uble y Biob\u00edo, con un monto de US$ 200 mil (unos $157 millones). Mientras que la CAF ofreci\u00f3 al pa\u00eds la entrega de una donaci\u00f3n por US$ 250 mil (unos $196 millones).<\/p>\n<p style=\"text-align: justify;\">En ambos casos, las donaciones ser\u00e1n administrada por el Ministerio del Interior y Seguridad P\u00fablica.<\/p>\n<p style=\"text-align: justify;\">El Banco Interamericano de Desarrollo (BID) tiene como principal prop\u00f3sito financiar proyectos viables de desarrollo econ\u00f3mico, social e institucional, junto con promover la integraci\u00f3n comercial regional en Am\u00e9rica Latina y el Caribe. Tambi\u00e9n, cuenta con las metas de reducir la pobreza, luchar contra las desigualdades sociales y promover el desarrollo econ\u00f3mico sostenible en la regi\u00f3n. En relaci\u00f3n con esto \u00faltimo, se destaca la creaci\u00f3n conjunta, entre el BID y el Ministerio de Hacienda de Chile, de la Plataforma de Ministros de Hacienda, Econom\u00eda y Finanzas de la regi\u00f3n sobre cambio clim\u00e1tico, iniciativa que se lanz\u00f3 en agosto de 2022.<\/p>\n<p style=\"text-align: justify;\">Mientras que el Banco de Desarrollo de Am\u00e9rica Latina &#8211; CAF, es un organismo financiero multilateral orientado a facilitar\u00a0 recursos tanto al sector p\u00fablico como privado de\u00a0 sus pa\u00edses accionistas. Sus actividades promueven el desarrollo sostenible, la integraci\u00f3n y la reactivaci\u00f3n econ\u00f3mica y social de la regi\u00f3n. Chile fue uno de los pa\u00edses fundadores, y este a\u00f1o vuelve a ser miembro pleno luego de una pausa de 45 a\u00f1os.<\/p>\n<\/div><\/section><\/div><\/p>\n<div  style='height:50px' class='hr hr-invisible   avia-builder-el-6  el_after_av_one_full  el_before_av_social_share '><span class='hr-inner ' ><span class='hr-inner-style'><\/span><\/span><\/div>\n<div  class='av-social-sharing-box  avia-builder-el-7  el_after_av_hr  el_before_av_hr  '><div class='av-share-box'><h5 class='av-share-link-description av-no-toc '>Compartir esta noticia<\/h5><ul class='av-share-box-list noLightbox'><li class='av-share-link av-social-link-facebook' ><a target=\"_blank\" aria-label=\"Compartir en Facebook\" href='https:\/\/www.facebook.com\/sharer.php?u=https:\/\/radiorevelacionfm.cl\/?p=27868&#038;t=Organismos%20Internacionales%20comprometen%20recursos%20para%20combate%20de%20incendios%20forestales%20y%20ayudas%20a%20personas%20afectadas%20en%20la%20zona%20centro%20sur%20del%20pa%C3%ADs' aria-hidden='false' data-av_icon='\ue8f3' data-av_iconfont='entypo-fontello' title='' data-avia-related-tooltip='Compartir en Facebook' rel=\"noopener\"><span class='avia_hidden_link_text'>Compartir en Facebook<\/span><\/a><\/li><li class='av-share-link av-social-link-twitter' ><a target=\"_blank\" aria-label=\"Compartir en Twitter\" href='https:\/\/twitter.com\/share?text=Organismos%20Internacionales%20comprometen%20recursos%20para%20combate%20de%20incendios%20forestales%20y%20ayudas%20a%20personas%20afectadas%20en%20la%20zona%20centro%20sur%20del%20pa%C3%ADs&#038;url=https:\/\/radiorevelacionfm.cl\/?p=27868' aria-hidden='false' data-av_icon='\ue8f1' data-av_iconfont='entypo-fontello' title='' data-avia-related-tooltip='Compartir en Twitter' rel=\"noopener\"><span class='avia_hidden_link_text'>Compartir en Twitter<\/span><\/a><\/li><li class='av-share-link av-social-link-whatsapp' ><a target=\"_blank\" aria-label=\"Compartir en Whatsapp\" href='https:\/\/api.whatsapp.com\/send?text=https:\/\/radiorevelacionfm.cl\/?p=27868' aria-hidden='false' data-av_icon='\uf232' data-av_iconfont='entypo-fontello' title='' data-avia-related-tooltip='Compartir en Whatsapp' rel=\"noopener\"><span class='avia_hidden_link_text'>Compartir en Whatsapp<\/span><\/a><\/li><li class='av-share-link av-social-link-linkedin' ><a target=\"_blank\" aria-label=\"Compartir en LinkedIn\" href='https:\/\/linkedin.com\/shareArticle?mini=true&#038;title=Organismos%20Internacionales%20comprometen%20recursos%20para%20combate%20de%20incendios%20forestales%20y%20ayudas%20a%20personas%20afectadas%20en%20la%20zona%20centro%20sur%20del%20pa%C3%ADs&#038;url=https:\/\/radiorevelacionfm.cl\/?p=27868' aria-hidden='false' data-av_icon='\ue8fc' data-av_iconfont='entypo-fontello' title='' data-avia-related-tooltip='Compartir en LinkedIn' rel=\"noopener\"><span class='avia_hidden_link_text'>Compartir en LinkedIn<\/span><\/a><\/li><li class='av-share-link av-social-link-mail' ><a  aria-label=\"Compartir por correo\" href='mailto:?subject=Organismos%20Internacionales%20comprometen%20recursos%20para%20combate%20de%20incendios%20forestales%20y%20ayudas%20a%20personas%20afectadas%20en%20la%20zona%20centro%20sur%20del%20pa%C3%ADs&#038;body=https:\/\/radiorevelacionfm.cl\/?p=27868' aria-hidden='false' data-av_icon='\ue805' data-av_iconfont='entypo-fontello' title='' data-avia-related-tooltip='Compartir por correo'><span class='avia_hidden_link_text'>Compartir por correo<\/span><\/a><\/li><\/ul><\/div><\/div>\n<div  style='height:50px' class='hr hr-invisible   avia-builder-el-8  el_after_av_social_share  el_before_av_comments_list '><span class='hr-inner ' ><span class='hr-inner-style'><\/span><\/span><\/div>\n<div  class='av-buildercomment  av-blog-meta-html-info-disabled av-blog-meta-tag-disabled  '><\/div>\n","protected":false},"excerpt":{"rendered":"","protected":false},"author":1,"featured_media":27869,"comment_status":"open","ping_status":"open","sticky":false,"template":"","format":"standard","meta":{"footnotes":""},"categories":[61],"tags":[],"class_list":["post-27868","post","type-post","status-publish","format-standard","has-post-thumbnail","hentry","category-nacional"],"jetpack_featured_media_url":"https:\/\/radiorevelacionfm.cl\/wp-content\/uploads\/2023\/02\/co2_600x480-1-1.jpg","_links":{"self":[{"href":"https:\/\/radiorevelacionfm.cl\/index.php?rest_route=\/wp\/v2\/posts\/27868","targetHints":{"allow":["GET"]}}],"collection":[{"href":"https:\/\/radiorevelacionfm.cl\/index.php?rest_route=\/wp\/v2\/posts"}],"about":[{"href":"https:\/\/radiorevelacionfm.cl\/index.php?rest_route=\/wp\/v2\/types\/post"}],"author":[{"embeddable":true,"href":"https:\/\/radiorevelacionfm.cl\/index.php?rest_route=\/wp\/v2\/users\/1"}],"replies":[{"embeddable":true,"href":"https:\/\/radiorevelacionfm.cl\/index.php?rest_route=%2Fwp%2Fv2%2Fcomments&post=27868"}],"version-history":[{"count":3,"href":"https:\/\/radiorevelacionfm.cl\/index.php?rest_route=\/wp\/v2\/posts\/27868\/revisions"}],"predecessor-version":[{"id":27898,"href":"https:\/\/radiorevelacionfm.cl\/index.php?rest_route=\/wp\/v2\/posts\/27868\/revisions\/27898"}],"wp:featuredmedia":[{"embeddable":true,"href":"https:\/\/radiorevelacionfm.cl\/index.php?rest_route=\/wp\/v2\/media\/27869"}],"wp:attachment":[{"href":"https:\/\/radiorevelacionfm.cl\/index.php?rest_route=%2Fwp%2Fv2%2Fmedia&parent=27868"}],"wp:term":[{"taxonomy":"category","embeddable":true,"href":"https:\/\/radiorevelacionfm.cl\/index.php?rest_route=%2Fwp%2Fv2%2Fcategories&post=27868"},{"taxonomy":"post_tag","embeddable":true,"href":"https:\/\/radiorevelacionfm.cl\/index.php?rest_route=%2Fwp%2Fv2%2Ftags&post=27868"}],"curies":[{"name":"wp","href":"https:\/\/api.w.org\/{rel}","templated":true}]}}