{"id":27864,"date":"2023-02-15T17:21:44","date_gmt":"2023-02-15T20:21:44","guid":{"rendered":"https:\/\/radiorevelacionfm.cl\/?p=27864"},"modified":"2023-02-15T17:21:44","modified_gmt":"2023-02-15T20:21:44","slug":"fibra-optica-hacia-raul-marin-balmaceda-estaria-implementada-en-enero-de-2024","status":"publish","type":"post","link":"https:\/\/radiorevelacionfm.cl\/?p=27864","title":{"rendered":"Fibra \u00f3ptica hacia Ra\u00fal Mar\u00edn Balmaceda estar\u00eda implementada en enero de 2024"},"content":{"rendered":"<div class=\"flex_column av_one_full  flex_column_div av-zero-column-padding first  avia-builder-el-0  el_before_av_one_full  avia-builder-el-first  \" style='border-radius:0px; '><div  class='avia-image-container  av-styling-    avia-builder-el-1  avia-builder-el-no-sibling  avia-align-center '  itemprop=\"image\" itemscope=\"itemscope\" itemtype=\"https:\/\/schema.org\/ImageObject\"  ><div class='avia-image-container-inner'><div class='avia-image-overlay-wrap'><img decoding=\"async\" class='wp-image-27865 avia-img-lazy-loading-not-27865 avia_image' src=\"https:\/\/radiorevelacionfm.cl\/wp-content\/uploads\/2023\/02\/20230208_183436-1-1.jpg\" alt='' title='20230208_183436 (1) (1)' height=\"600\" width=\"1067\"  itemprop=\"thumbnailUrl\" srcset=\"https:\/\/radiorevelacionfm.cl\/wp-content\/uploads\/2023\/02\/20230208_183436-1-1.jpg 1067w, https:\/\/radiorevelacionfm.cl\/wp-content\/uploads\/2023\/02\/20230208_183436-1-1-300x169.jpg 300w, https:\/\/radiorevelacionfm.cl\/wp-content\/uploads\/2023\/02\/20230208_183436-1-1-1030x579.jpg 1030w, https:\/\/radiorevelacionfm.cl\/wp-content\/uploads\/2023\/02\/20230208_183436-1-1-768x432.jpg 768w, https:\/\/radiorevelacionfm.cl\/wp-content\/uploads\/2023\/02\/20230208_183436-1-1-705x396.jpg 705w, https:\/\/radiorevelacionfm.cl\/wp-content\/uploads\/2023\/02\/20230208_183436-1-1-600x337.jpg 600w\" sizes=\"(max-width: 1067px) 100vw, 1067px\" \/><\/div><\/div><\/div><\/div><div class=\"flex_column av_one_full  flex_column_div av-zero-column-padding first  avia-builder-el-2  el_after_av_one_full  el_before_av_one_full  column-top-margin\" style='border-radius:0px; '><section class=\"av_textblock_section \"  itemscope=\"itemscope\" itemtype=\"https:\/\/schema.org\/BlogPosting\" itemprop=\"blogPost\" ><div class='avia_textblock  '   itemprop=\"text\" ><p style=\"text-align: center;\"><span style=\"font-size: 18pt;\"><b>Fibra \u00f3ptica hacia Ra\u00fal Mar\u00edn Balmaceda estar\u00eda implementada en enero de 2024<\/b><\/span><\/p>\n<div id=\"gtx-trans\" style=\"position: absolute; left: -50px; top: 4.31534px;\">\n<div class=\"gtx-trans-icon\"><\/div>\n<\/div>\n<\/div><\/section><\/div><div class=\"flex_column av_one_full  flex_column_div av-zero-column-padding first  avia-builder-el-4  el_after_av_one_full  el_before_av_hr  column-top-margin\" style='border-radius:0px; '><section class=\"av_textblock_section \"  itemscope=\"itemscope\" itemtype=\"https:\/\/schema.org\/BlogPosting\" itemprop=\"blogPost\" ><div class='avia_textblock  '   itemprop=\"text\" ><p style=\"text-align: justify;\">A fin de dar cuenta de los avances en materia de conectividad para Ra\u00fal Mar\u00edn Balmaceda, la seremiTT Claudia Cantero y su equipo regional se trasladaron hasta la lejana lejana localidad de la comuna de Cisnes en donde tambi\u00e9n pudo dialogar con vecinos y vecinas para conocer el estado de las telecomunicaciones y servicios de transporte que los movilizan.<\/p>\n<p style=\"text-align: justify;\">Junto con recalcar la importancia de estar presente en los territorios aislados, y poder escuchar las necesidades m\u00e1s urgentes de sus habitantes, la autoridad explic\u00f3 que en la instancia se dio cuenta del trabajo realizado en conjunto con Telef\u00f3nica del Sur y Edelays\u00e9n, a fin de agilizar los trabajos de conexi\u00f3n a la Fibra \u00d3ptica y permitir mejorar las condiciones actuales en el acceso a servicios de telecomunicaciones.\u00a0Cabe se\u00f1alar, que estas obras se enmarcan en el proyecto Fibra \u00d3ptica en Complejos Fronterizos (FOCF) impulsado desde la Subsecretar\u00eda de Telecomunicaciones (SUBTEL) para dotar con telefon\u00eda e Internet M\u00f3vil de alta velocidad a Ra\u00fal Mar\u00edn Balmaceda, cuyo plazo de ejecuci\u00f3n es enero de 2024.<\/p>\n<p style=\"text-align: justify;\">\u201cLo que conversamos hoy d\u00eda tiene ver con la extensi\u00f3n de la Fibra \u00d3ptica para Ra\u00fal Mar\u00edn Balmaceda y c\u00f3mo nosotros como Ministerio de Transporte y Telecomunicaciones vamos a estar apoyando para que la localidad pueda contar lo antes posible con una soluci\u00f3n digital m\u00e1s estable y que les permita un desarrollo integral a las personas que habitan Ra\u00fal Mar\u00edn Balmaceda. Esperamos volver lo antes posible y muy agradecida del recibimiento y la disposici\u00f3n de la Junta de Vecinos de poder contarnos todos sus problemas y necesidades\u201d, sostuvo Cantero.<\/p>\n<p style=\"text-align: justify;\">En el encuentro con la comunidad, se expres\u00f3 la molestia por la calidad de los servicios de telecomunicaciones, instalado el a\u00f1o 2010 mediante el proyecto Todo Chile Comunicado, el cual por sus caracter\u00edsticas t\u00e9cnicas no logra dar soporte a las necesidades actuales de los vecinos, sobre todo en lo que se refiere a Internet. Asimismo se plantearon solicitudes que permitan mejorar los servicios del transporte subsidiado, mar\u00edtimo y terrestre, que operan actualmente en Ra\u00fal Mar\u00edn Balmaceda.<\/p>\n<p style=\"text-align: justify;\">Pablo Carvallo, presidente de la junta de vecinos explic\u00f3: \u201cnuestras inquietudes son el tema de la se\u00f1al telef\u00f3nica, la conectividad con el trasbordo de las barcazas y ver c\u00f3mo podemos solucionar prontamente el tema de la comunicaci\u00f3n dentro de la localidad, dado que la se\u00f1al que tenemos no es muy buena para trabajar en ello y as\u00ed mejorar la calidad de vida de los habitantes de la localidad. La idea es trabajar todos de la mano y sacar resultados buenos de esto\u201d, concluy\u00f3 el dirigente.<\/p>\n<p style=\"text-align: justify;\">A nivel sectorial se realizar\u00e1n reuniones mensuales que incluyan al Fondo de Desarrollo de las Telecomunicaciones de Subtel, SeremiTT, Telsur, Edelays\u00e9n, seremi de Energ\u00eda, direcci\u00f3n de Vialidad del MOP, as\u00ed como a la junta de vecinos de Ra\u00fal Mar\u00edn Balmaceda, para poder hacer un seguimiento peri\u00f3dico de los avances del proyecto y realizar las coordinaciones para su ejecuci\u00f3n.<\/p>\n<\/div><\/section><\/div><div  style='height:50px' class='hr hr-invisible   avia-builder-el-6  el_after_av_one_full  el_before_av_social_share '><span class='hr-inner ' ><span class='hr-inner-style'><\/span><\/span><\/div><\/p>\n<div  class='av-social-sharing-box  avia-builder-el-7  el_after_av_hr  el_before_av_hr  '><div class='av-share-box'><h5 class='av-share-link-description av-no-toc '>Compartir esta noticia<\/h5><ul class='av-share-box-list noLightbox'><li class='av-share-link av-social-link-facebook' ><a target=\"_blank\" aria-label=\"Compartir en Facebook\" href='https:\/\/www.facebook.com\/sharer.php?u=https:\/\/radiorevelacionfm.cl\/?p=27864&#038;t=Fibra%20%C3%B3ptica%20hacia%20Ra%C3%BAl%20Mar%C3%ADn%20Balmaceda%20estar%C3%ADa%20implementada%20en%20enero%20de%202024' aria-hidden='false' data-av_icon='\ue8f3' data-av_iconfont='entypo-fontello' title='' data-avia-related-tooltip='Compartir en Facebook' rel=\"noopener\"><span class='avia_hidden_link_text'>Compartir en Facebook<\/span><\/a><\/li><li class='av-share-link av-social-link-twitter' ><a target=\"_blank\" aria-label=\"Compartir en Twitter\" href='https:\/\/twitter.com\/share?text=Fibra%20%C3%B3ptica%20hacia%20Ra%C3%BAl%20Mar%C3%ADn%20Balmaceda%20estar%C3%ADa%20implementada%20en%20enero%20de%202024&#038;url=https:\/\/radiorevelacionfm.cl\/?p=27864' aria-hidden='false' data-av_icon='\ue8f1' data-av_iconfont='entypo-fontello' title='' data-avia-related-tooltip='Compartir en Twitter' rel=\"noopener\"><span class='avia_hidden_link_text'>Compartir en Twitter<\/span><\/a><\/li><li class='av-share-link av-social-link-whatsapp' ><a target=\"_blank\" aria-label=\"Compartir en Whatsapp\" href='https:\/\/api.whatsapp.com\/send?text=https:\/\/radiorevelacionfm.cl\/?p=27864' aria-hidden='false' data-av_icon='\uf232' data-av_iconfont='entypo-fontello' title='' data-avia-related-tooltip='Compartir en Whatsapp' rel=\"noopener\"><span class='avia_hidden_link_text'>Compartir en Whatsapp<\/span><\/a><\/li><li class='av-share-link av-social-link-linkedin' ><a target=\"_blank\" aria-label=\"Compartir en LinkedIn\" href='https:\/\/linkedin.com\/shareArticle?mini=true&#038;title=Fibra%20%C3%B3ptica%20hacia%20Ra%C3%BAl%20Mar%C3%ADn%20Balmaceda%20estar%C3%ADa%20implementada%20en%20enero%20de%202024&#038;url=https:\/\/radiorevelacionfm.cl\/?p=27864' aria-hidden='false' data-av_icon='\ue8fc' data-av_iconfont='entypo-fontello' title='' data-avia-related-tooltip='Compartir en LinkedIn' rel=\"noopener\"><span class='avia_hidden_link_text'>Compartir en LinkedIn<\/span><\/a><\/li><li class='av-share-link av-social-link-mail' ><a  aria-label=\"Compartir por correo\" href='mailto:?subject=Fibra%20%C3%B3ptica%20hacia%20Ra%C3%BAl%20Mar%C3%ADn%20Balmaceda%20estar%C3%ADa%20implementada%20en%20enero%20de%202024&#038;body=https:\/\/radiorevelacionfm.cl\/?p=27864' aria-hidden='false' data-av_icon='\ue805' data-av_iconfont='entypo-fontello' title='' data-avia-related-tooltip='Compartir por correo'><span class='avia_hidden_link_text'>Compartir por correo<\/span><\/a><\/li><\/ul><\/div><\/div>\n<div  style='height:50px' class='hr hr-invisible   avia-builder-el-8  el_after_av_social_share  el_before_av_comments_list '><span class='hr-inner ' ><span class='hr-inner-style'><\/span><\/span><\/div>\n<div  class='av-buildercomment  av-blog-meta-html-info-disabled av-blog-meta-tag-disabled  '><\/div>\n","protected":false},"excerpt":{"rendered":"","protected":false},"author":1,"featured_media":27865,"comment_status":"open","ping_status":"open","sticky":false,"template":"","format":"standard","meta":{"footnotes":""},"categories":[38],"tags":[],"class_list":["post-27864","post","type-post","status-publish","format-standard","has-post-thumbnail","hentry","category-regional"],"jetpack_featured_media_url":"https:\/\/radiorevelacionfm.cl\/wp-content\/uploads\/2023\/02\/20230208_183436-1-1.jpg","_links":{"self":[{"href":"https:\/\/radiorevelacionfm.cl\/index.php?rest_route=\/wp\/v2\/posts\/27864","targetHints":{"allow":["GET"]}}],"collection":[{"href":"https:\/\/radiorevelacionfm.cl\/index.php?rest_route=\/wp\/v2\/posts"}],"about":[{"href":"https:\/\/radiorevelacionfm.cl\/index.php?rest_route=\/wp\/v2\/types\/post"}],"author":[{"embeddable":true,"href":"https:\/\/radiorevelacionfm.cl\/index.php?rest_route=\/wp\/v2\/users\/1"}],"replies":[{"embeddable":true,"href":"https:\/\/radiorevelacionfm.cl\/index.php?rest_route=%2Fwp%2Fv2%2Fcomments&post=27864"}],"version-history":[{"count":2,"href":"https:\/\/radiorevelacionfm.cl\/index.php?rest_route=\/wp\/v2\/posts\/27864\/revisions"}],"predecessor-version":[{"id":27867,"href":"https:\/\/radiorevelacionfm.cl\/index.php?rest_route=\/wp\/v2\/posts\/27864\/revisions\/27867"}],"wp:featuredmedia":[{"embeddable":true,"href":"https:\/\/radiorevelacionfm.cl\/index.php?rest_route=\/wp\/v2\/media\/27865"}],"wp:attachment":[{"href":"https:\/\/radiorevelacionfm.cl\/index.php?rest_route=%2Fwp%2Fv2%2Fmedia&parent=27864"}],"wp:term":[{"taxonomy":"category","embeddable":true,"href":"https:\/\/radiorevelacionfm.cl\/index.php?rest_route=%2Fwp%2Fv2%2Fcategories&post=27864"},{"taxonomy":"post_tag","embeddable":true,"href":"https:\/\/radiorevelacionfm.cl\/index.php?rest_route=%2Fwp%2Fv2%2Ftags&post=27864"}],"curies":[{"name":"wp","href":"https:\/\/api.w.org\/{rel}","templated":true}]}}