{"id":27860,"date":"2023-02-15T16:12:07","date_gmt":"2023-02-15T19:12:07","guid":{"rendered":"https:\/\/radiorevelacionfm.cl\/?p=27860"},"modified":"2023-02-15T16:12:07","modified_gmt":"2023-02-15T19:12:07","slug":"inicia-programa-parques-de-la-patagonia-inedita-coordinacion-entre-las-regiones-de-los-lagos-aysen-y-magallanes-por-una-ruta-escenica-con-17-parques-nacionales","status":"publish","type":"post","link":"https:\/\/radiorevelacionfm.cl\/?p=27860","title":{"rendered":"Inicia Programa Parques de la Patagonia: In\u00e9dita coordinaci\u00f3n entre las regiones de Los Lagos, Ays\u00e9n y Magallanes por una ruta esc\u00e9nica con 17 Parques Nacionales"},"content":{"rendered":"<div class=\"flex_column av_one_full  flex_column_div av-zero-column-padding first  avia-builder-el-0  el_before_av_one_full  avia-builder-el-first  \" style='border-radius:0px; '><div  class='avia-image-container  av-styling-    avia-builder-el-1  avia-builder-el-no-sibling  avia-align-center '  itemprop=\"image\" itemscope=\"itemscope\" itemtype=\"https:\/\/schema.org\/ImageObject\"  ><div class='avia-image-container-inner'><div class='avia-image-overlay-wrap'><img decoding=\"async\" class='wp-image-27861 avia-img-lazy-loading-not-27861 avia_image' src=\"https:\/\/radiorevelacionfm.cl\/wp-content\/uploads\/2023\/02\/baker-1_optimized-1.jpg\" alt='' title='baker-(1)_optimized (1)' height=\"600\" width=\"958\"  itemprop=\"thumbnailUrl\" srcset=\"https:\/\/radiorevelacionfm.cl\/wp-content\/uploads\/2023\/02\/baker-1_optimized-1.jpg 958w, https:\/\/radiorevelacionfm.cl\/wp-content\/uploads\/2023\/02\/baker-1_optimized-1-300x188.jpg 300w, https:\/\/radiorevelacionfm.cl\/wp-content\/uploads\/2023\/02\/baker-1_optimized-1-768x481.jpg 768w, https:\/\/radiorevelacionfm.cl\/wp-content\/uploads\/2023\/02\/baker-1_optimized-1-705x442.jpg 705w, https:\/\/radiorevelacionfm.cl\/wp-content\/uploads\/2023\/02\/baker-1_optimized-1-600x376.jpg 600w\" sizes=\"(max-width: 958px) 100vw, 958px\" \/><\/div><\/div><\/div><\/div><div class=\"flex_column av_one_full  flex_column_div av-zero-column-padding first  avia-builder-el-2  el_after_av_one_full  el_before_av_one_full  column-top-margin\" style='border-radius:0px; '><section class=\"av_textblock_section \"  itemscope=\"itemscope\" itemtype=\"https:\/\/schema.org\/BlogPosting\" itemprop=\"blogPost\" ><div class='avia_textblock  '   itemprop=\"text\" ><p style=\"text-align: center;\"><span style=\"font-size: 18pt;\"><b>Inicia Programa Parques de la Patagonia: In\u00e9dita coordinaci\u00f3n entre las regiones de Los Lagos, Ays\u00e9n y Magallanes por una ruta esc\u00e9nica con 17 Parques Nacionales<\/b><\/span><\/p>\n<div id=\"gtx-trans\" style=\"position: absolute; left: -50px; top: 4.31534px;\">\n<div class=\"gtx-trans-icon\"><\/div>\n<\/div>\n<\/div><\/section><\/div><div class=\"flex_column av_one_full  flex_column_div av-zero-column-padding first  avia-builder-el-4  el_after_av_one_full  el_before_av_hr  column-top-margin\" style='border-radius:0px; '><section class=\"av_textblock_section \"  itemscope=\"itemscope\" itemtype=\"https:\/\/schema.org\/BlogPosting\" itemprop=\"blogPost\" ><div class='avia_textblock  '   itemprop=\"text\" ><p style=\"font-weight: 400; text-align: justify;\">Este jueves se dio inicio al esperado programa Mesoregional \u201cRuta de los Parques de la Patagonia\u201d, iniciativa que por primera vez vincula a tres regiones que, a trav\u00e9s de una articulaci\u00f3n p\u00fablico \u2013 privada, busca posicionar la Ruta de los Parques de la Patagonia como destino mundial de naturaleza y conservaci\u00f3n sostenible.<\/p>\n<p style=\"font-weight: 400; text-align: justify;\">El punto de partida de esta iniciativa lo dio el\u00a0Programa Territorial Integrado Ruta de Los Parques de la Patagonia\u00a0impulsado por Corfo Los Lagos y que tras 3 a\u00f1os de ejecuci\u00f3n da paso a este nuevo instrumento de fomento. Este programa contempla adem\u00e1s las regiones de Ays\u00e9n y Magallanes, cubriendo la totalidad de la ruta compuesta por 17 parques nacionales, en un recorrido de 2.800 kil\u00f3metros desde Puerto Montt hasta Cabo de Hornos, un alcance meso regional que va desde la parte sur este de la Regi\u00f3n de Los Lagos (parte de las comunas de P. Varas y P. Montt; las comunas de Cocham\u00f3 y la Provincia de Palena), la Regi\u00f3n de Ays\u00e9n del General Carlos Ib\u00e1\u00f1ez del Campo y la Regi\u00f3n de Magallanes y de la Ant\u00e1rtica Chilena.<\/p>\n<p style=\"font-weight: 400; text-align: justify;\">El programa consolidar\u00e1 la ruta como un destino de conservaci\u00f3n de importancia mundial, integrando al territorio y a las comunidades aleda\u00f1as a trav\u00e9s de la puesta en valor del patrimonio natural y cultural, con tal de generar nuevas oportunidades de desarrollo y mejorar la calidad de vida de las comunidades de acuerdo con sus necesidades.<\/p>\n<p style=\"font-weight: 400; text-align: justify;\">El\u00a0director regional de Corfo Los Lagos,\u00a0Gabriel P\u00e9rez\u00a0inform\u00f3 que \u201cse ha iniciado la primera etapa de este programa transforma, la que tendr\u00e1 una duraci\u00f3n de 8 meses en la que se dise\u00f1ar\u00e1 la Hoja de Ruta de la iniciativa, en esta se buscan capturar los principales objetivos como son la integraci\u00f3n con el programa transforma Ruta Esc\u00e9nica Lagos y Volcanes y con Argentina, el desarrollo de una oferta de turismo n\u00e1utico y la consolidaci\u00f3n de la ruta como destino de naturaleza y conservaci\u00f3n. En esta reuni\u00f3n inicial pudimos conocernos y acercarnos con compromisos de ambas partes para poder concretar los objetivos que nos unen\u201d, se\u00f1al\u00f3<\/p>\n<p style=\"font-weight: 400; text-align: justify;\">Por su parte,\u00a0Fernando Johnson Dur\u00e1n, subdirector de Corfo Ays\u00e9n, indic\u00f3 que \u201cestas tres regiones tienen mucho en com\u00fan ofreciendo productos tur\u00edsticos muy similares, de all\u00ed su nombre Programa Meso Regional Ruta de los Parques, y el objetivo es aunar actividades en torno al eje de desarrollo del turismo. La idea es potenciar la actividad tur\u00edstica de la macrozona, haci\u00e9ndose cargo de los temas que no se hacen cargo de los programas espec\u00edficos de cada regi\u00f3n. Este programa tiene una duraci\u00f3n de 10 a\u00f1os, con bloques de tres a\u00f1os y, en este primer a\u00f1o, se realizar\u00e1 el estudio de diagn\u00f3stico de lo que hemos considerado que es requerimiento para estas tres regiones. Nosotros estamos partiendo del \u00faltimo ciclo del Programa Estrat\u00e9gico de Turismo Ays\u00e9n y la idea es que este trabajo est\u00e9 muy coordinado, por lo tanto, hay una continuidad con el prop\u00f3sito de abarcar los requerimientos que requieren la Ruta de los Parques, que es la macrozona\u201d.<\/p>\n<p style=\"font-weight: 400; text-align: justify;\">Por su parte\u00a0Oscar Strauch, Subdirector de Corfo Magallanes y Ant\u00e1rtica Chilena\u00a0explic\u00f3 que \u201cEl Turismo, es una sector estrat\u00e9gico para Corfo Magallanes y representa cerca del 10% del PIB Regional; Magallanes es reconocido por\u00a0 ser un destino de turismo de naturaleza y conservaci\u00f3n destacando el Parque Nacional Torres del Paine, sin embargo, hay otros\u00a0 atractivos naturales que necesitan ser relevados como son por ejemplo, los Parques Marinos de la Regi\u00f3n los que puede ser incorporados\u00a0 a este proyecto y as\u00ed, ampliar y descentralizar\u00a0 la oferta tur\u00edstica regional lo que implica adem\u00e1s, aumentar la participaci\u00f3n de la poblaci\u00f3n local en estas nuevas oportunidades\u201d, se\u00f1al\u00f3<\/p>\n<p style=\"font-weight: 400; text-align: justify;\">PROGRAMA<\/p>\n<p style=\"font-weight: 400; text-align: justify;\">En la primera reuni\u00f3n del Comit\u00e9 Ejecutivo, integrado por representantes del sector p\u00fablico y privado, academia y Corfo, se entregaron las orientaciones t\u00e9cnicas del programa.\u00a0Raffaele Di Biase\u00a0reconocido gu\u00eda naturalista con m\u00e1s de 15 a\u00f1os de experiencia liderando expediciones en Birds Chile, una de las empresas m\u00e1s prestigiosas de observaci\u00f3n de aves y fauna, es miembro del Comit\u00e9 Ejecutivo de este programa, explic\u00f3 que \u201choy estuvimos en la primera reuni\u00f3n entre el sector p\u00fablico y privado donde nos pusimos a disposici\u00f3n para trabajar pilares de sostenibilidad, conservaci\u00f3n y vinculaci\u00f3n con las comunidades de territorios maravillosos de Los Lagos, Ays\u00e9n y Magallanes y poder\u00a0 proyectar una actividad tur\u00edstica acorde con un destino de clase mundial como es la Ruta de Los Parques de la Patagonia, se viene un desaf\u00edo mayor por delante pero una actitud muy positiva de los estamentos p\u00fablicos y privados para llevar adelante este in\u00e9dito programa\u201d<\/p>\n<p style=\"font-weight: 400; text-align: justify;\">Este es un programa que busca la coordinaci\u00f3n p\u00fablica con agencias como Sernatur y Conaf, as\u00ed como con la Subsecretar\u00eda de Turismo y el Ministerio de Obras P\u00fablicas con miras a un desarrollo productivo que permita mejorar la calidad de vida de las comunidades al fortalecer el turismo y proteger el patrimonio natural, dentro de un marco de sostenibilidad.<\/p>\n<\/div><\/section><\/div><div  style='height:50px' class='hr hr-invisible   avia-builder-el-6  el_after_av_one_full  el_before_av_social_share '><span class='hr-inner ' ><span class='hr-inner-style'><\/span><\/span><\/div><\/p>\n<div  class='av-social-sharing-box  avia-builder-el-7  el_after_av_hr  el_before_av_hr  '><div class='av-share-box'><h5 class='av-share-link-description av-no-toc '>Compartir esta noticia<\/h5><ul class='av-share-box-list noLightbox'><li class='av-share-link av-social-link-facebook' ><a target=\"_blank\" aria-label=\"Compartir en Facebook\" href='https:\/\/www.facebook.com\/sharer.php?u=https:\/\/radiorevelacionfm.cl\/?p=27860&#038;t=Inicia%20Programa%20Parques%20de%20la%20Patagonia%3A%20In%C3%A9dita%20coordinaci%C3%B3n%20entre%20las%20regiones%20de%20Los%20Lagos%2C%20Ays%C3%A9n%20y%20Magallanes%20por%20una%20ruta%20esc%C3%A9nica%20con%2017%20Parques%20Nacionales' aria-hidden='false' data-av_icon='\ue8f3' data-av_iconfont='entypo-fontello' title='' data-avia-related-tooltip='Compartir en Facebook' rel=\"noopener\"><span class='avia_hidden_link_text'>Compartir en Facebook<\/span><\/a><\/li><li class='av-share-link av-social-link-twitter' ><a target=\"_blank\" aria-label=\"Compartir en Twitter\" href='https:\/\/twitter.com\/share?text=Inicia%20Programa%20Parques%20de%20la%20Patagonia%3A%20In%C3%A9dita%20coordinaci%C3%B3n%20entre%20las%20regiones%20de%20Los%20Lagos%2C%20Ays%C3%A9n%20y%20Magallanes%20por%20una%20ruta%20esc%C3%A9nica%20con%2017%20Parques%20Nacionales&#038;url=https:\/\/radiorevelacionfm.cl\/?p=27860' aria-hidden='false' data-av_icon='\ue8f1' data-av_iconfont='entypo-fontello' title='' data-avia-related-tooltip='Compartir en Twitter' rel=\"noopener\"><span class='avia_hidden_link_text'>Compartir en Twitter<\/span><\/a><\/li><li class='av-share-link av-social-link-whatsapp' ><a target=\"_blank\" aria-label=\"Compartir en Whatsapp\" href='https:\/\/api.whatsapp.com\/send?text=https:\/\/radiorevelacionfm.cl\/?p=27860' aria-hidden='false' data-av_icon='\uf232' data-av_iconfont='entypo-fontello' title='' data-avia-related-tooltip='Compartir en Whatsapp' rel=\"noopener\"><span class='avia_hidden_link_text'>Compartir en Whatsapp<\/span><\/a><\/li><li class='av-share-link av-social-link-linkedin' ><a target=\"_blank\" aria-label=\"Compartir en LinkedIn\" href='https:\/\/linkedin.com\/shareArticle?mini=true&#038;title=Inicia%20Programa%20Parques%20de%20la%20Patagonia%3A%20In%C3%A9dita%20coordinaci%C3%B3n%20entre%20las%20regiones%20de%20Los%20Lagos%2C%20Ays%C3%A9n%20y%20Magallanes%20por%20una%20ruta%20esc%C3%A9nica%20con%2017%20Parques%20Nacionales&#038;url=https:\/\/radiorevelacionfm.cl\/?p=27860' aria-hidden='false' data-av_icon='\ue8fc' data-av_iconfont='entypo-fontello' title='' data-avia-related-tooltip='Compartir en LinkedIn' rel=\"noopener\"><span class='avia_hidden_link_text'>Compartir en LinkedIn<\/span><\/a><\/li><li class='av-share-link av-social-link-mail' ><a  aria-label=\"Compartir por correo\" href='mailto:?subject=Inicia%20Programa%20Parques%20de%20la%20Patagonia%3A%20In%C3%A9dita%20coordinaci%C3%B3n%20entre%20las%20regiones%20de%20Los%20Lagos%2C%20Ays%C3%A9n%20y%20Magallanes%20por%20una%20ruta%20esc%C3%A9nica%20con%2017%20Parques%20Nacionales&#038;body=https:\/\/radiorevelacionfm.cl\/?p=27860' aria-hidden='false' data-av_icon='\ue805' data-av_iconfont='entypo-fontello' title='' data-avia-related-tooltip='Compartir por correo'><span class='avia_hidden_link_text'>Compartir por correo<\/span><\/a><\/li><\/ul><\/div><\/div>\n<div  style='height:50px' class='hr hr-invisible   avia-builder-el-8  el_after_av_social_share  el_before_av_comments_list '><span class='hr-inner ' ><span class='hr-inner-style'><\/span><\/span><\/div>\n<div  class='av-buildercomment  av-blog-meta-html-info-disabled av-blog-meta-tag-disabled  '><\/div>\n","protected":false},"excerpt":{"rendered":"","protected":false},"author":1,"featured_media":27861,"comment_status":"open","ping_status":"open","sticky":false,"template":"","format":"standard","meta":{"footnotes":""},"categories":[54],"tags":[],"class_list":["post-27860","post","type-post","status-publish","format-standard","has-post-thumbnail","hentry","category-turismo"],"jetpack_featured_media_url":"https:\/\/radiorevelacionfm.cl\/wp-content\/uploads\/2023\/02\/baker-1_optimized-1.jpg","_links":{"self":[{"href":"https:\/\/radiorevelacionfm.cl\/index.php?rest_route=\/wp\/v2\/posts\/27860","targetHints":{"allow":["GET"]}}],"collection":[{"href":"https:\/\/radiorevelacionfm.cl\/index.php?rest_route=\/wp\/v2\/posts"}],"about":[{"href":"https:\/\/radiorevelacionfm.cl\/index.php?rest_route=\/wp\/v2\/types\/post"}],"author":[{"embeddable":true,"href":"https:\/\/radiorevelacionfm.cl\/index.php?rest_route=\/wp\/v2\/users\/1"}],"replies":[{"embeddable":true,"href":"https:\/\/radiorevelacionfm.cl\/index.php?rest_route=%2Fwp%2Fv2%2Fcomments&post=27860"}],"version-history":[{"count":2,"href":"https:\/\/radiorevelacionfm.cl\/index.php?rest_route=\/wp\/v2\/posts\/27860\/revisions"}],"predecessor-version":[{"id":27863,"href":"https:\/\/radiorevelacionfm.cl\/index.php?rest_route=\/wp\/v2\/posts\/27860\/revisions\/27863"}],"wp:featuredmedia":[{"embeddable":true,"href":"https:\/\/radiorevelacionfm.cl\/index.php?rest_route=\/wp\/v2\/media\/27861"}],"wp:attachment":[{"href":"https:\/\/radiorevelacionfm.cl\/index.php?rest_route=%2Fwp%2Fv2%2Fmedia&parent=27860"}],"wp:term":[{"taxonomy":"category","embeddable":true,"href":"https:\/\/radiorevelacionfm.cl\/index.php?rest_route=%2Fwp%2Fv2%2Fcategories&post=27860"},{"taxonomy":"post_tag","embeddable":true,"href":"https:\/\/radiorevelacionfm.cl\/index.php?rest_route=%2Fwp%2Fv2%2Ftags&post=27860"}],"curies":[{"name":"wp","href":"https:\/\/api.w.org\/{rel}","templated":true}]}}