{"id":27856,"date":"2023-02-15T15:28:04","date_gmt":"2023-02-15T18:28:04","guid":{"rendered":"https:\/\/radiorevelacionfm.cl\/?p=27856"},"modified":"2023-02-15T15:28:04","modified_gmt":"2023-02-15T18:28:04","slug":"en-puerto-aysen-potencian-el-turismo-capacitando-a-20-alumnos-as-para-acceder-a-la-licencia-de-conducir-profesional-a2","status":"publish","type":"post","link":"https:\/\/radiorevelacionfm.cl\/?p=27856","title":{"rendered":"En Puerto Ays\u00e9n potencian el turismo capacitando a 20 alumnos\/as para acceder a la licencia de conducir profesional A2"},"content":{"rendered":"<div class=\"flex_column av_one_full  flex_column_div av-zero-column-padding first  avia-builder-el-0  el_before_av_one_full  avia-builder-el-first  \" style='border-radius:0px; '><div  class='avia-image-container  av-styling-    avia-builder-el-1  avia-builder-el-no-sibling  avia-align-center '  itemprop=\"image\" itemscope=\"itemscope\" itemtype=\"https:\/\/schema.org\/ImageObject\"  ><div class='avia-image-container-inner'><div class='avia-image-overlay-wrap'><img decoding=\"async\" class='wp-image-27857 avia-img-lazy-loading-not-27857 avia_image' src=\"https:\/\/radiorevelacionfm.cl\/wp-content\/uploads\/2023\/02\/certificacionptoaysen_sencefndr_licconducir-4-b-1_optimized.jpg\" alt='' title='certificacionptoaysen_sencefndr_licconducir-(4)-b-(1)_optimized' height=\"600\" width=\"1086\"  itemprop=\"thumbnailUrl\" srcset=\"https:\/\/radiorevelacionfm.cl\/wp-content\/uploads\/2023\/02\/certificacionptoaysen_sencefndr_licconducir-4-b-1_optimized.jpg 1086w, https:\/\/radiorevelacionfm.cl\/wp-content\/uploads\/2023\/02\/certificacionptoaysen_sencefndr_licconducir-4-b-1_optimized-300x166.jpg 300w, https:\/\/radiorevelacionfm.cl\/wp-content\/uploads\/2023\/02\/certificacionptoaysen_sencefndr_licconducir-4-b-1_optimized-1030x569.jpg 1030w, https:\/\/radiorevelacionfm.cl\/wp-content\/uploads\/2023\/02\/certificacionptoaysen_sencefndr_licconducir-4-b-1_optimized-768x424.jpg 768w, https:\/\/radiorevelacionfm.cl\/wp-content\/uploads\/2023\/02\/certificacionptoaysen_sencefndr_licconducir-4-b-1_optimized-705x390.jpg 705w, https:\/\/radiorevelacionfm.cl\/wp-content\/uploads\/2023\/02\/certificacionptoaysen_sencefndr_licconducir-4-b-1_optimized-600x331.jpg 600w\" sizes=\"(max-width: 1086px) 100vw, 1086px\" \/><\/div><\/div><\/div><\/div><div class=\"flex_column av_one_full  flex_column_div av-zero-column-padding first  avia-builder-el-2  el_after_av_one_full  el_before_av_one_full  column-top-margin\" style='border-radius:0px; '><section class=\"av_textblock_section \"  itemscope=\"itemscope\" itemtype=\"https:\/\/schema.org\/BlogPosting\" itemprop=\"blogPost\" ><div class='avia_textblock  '   itemprop=\"text\" ><p style=\"text-align: center;\"><strong><span style=\"font-size: 18pt;\">En Puerto Ays\u00e9n potencian el turismo capacitando a 20 alumnos\/as para acceder a la licencia de conducir profesional A2<\/span><\/strong><\/p>\n<div id=\"gtx-trans\" style=\"position: absolute; left: -50px; top: 4.31534px;\">\n<div class=\"gtx-trans-icon\"><\/div>\n<\/div>\n<\/div><\/section><\/div><div class=\"flex_column av_one_full  flex_column_div av-zero-column-padding first  avia-builder-el-4  el_after_av_one_full  el_before_av_hr  column-top-margin\" style='border-radius:0px; '><section class=\"av_textblock_section \"  itemscope=\"itemscope\" itemtype=\"https:\/\/schema.org\/BlogPosting\" itemprop=\"blogPost\" ><div class='avia_textblock  '   itemprop=\"text\" ><p class=\"v1MsoNormal\" style=\"text-align: justify;\"><span lang=\"ES\">Con el prop\u00f3sito de capacitar a alumnos\/as ligados a la Agrupaci\u00f3n de Gu\u00edas y usuarios\/as de la comuna de Ays\u00e9n del Servicio Nacional de Capacitaci\u00f3n y Empleo, Sence, se desarroll\u00f3 con una duraci\u00f3n de 150 horas cronol\u00f3gicas, el curso conducente a licencia habilitante de conducir clase A-2.<\/span><\/p>\n<p class=\"v1MsoNormal\" style=\"text-align: justify;\"><span lang=\"ES\">Con financiamiento del Fondo Nacional de Desarrollo Regional, FNDR, del Gobierno Regional de Ays\u00e9n, esta iniciativa es parte del programa macro denominado \u00abCapacitaci\u00f3n y certificaci\u00f3n de trabajadores\/as de la Regi\u00f3n de Ays\u00e9n\u00bb, siendo coordinado a trav\u00e9s de la Serem\u00eda de Trabajo y Previsi\u00f3n Social, junto a la I. Municipalidad de Ays\u00e9n, dirigentes y la Serem\u00eda de Transportes y Telecomunicaciones.<\/span><\/p>\n<p class=\"v1MsoNormal\" style=\"text-align: justify;\"><span lang=\"ES\">En esta capacitaci\u00f3n se certificaron 20 alumnos\/as, siendo 8 de ellos mujeres, sello que ha marcado tendencia en las \u00faltimas capacitaciones al incluir a mujeres en espacios tradicionalmente masculinos. En la ceremonia acompa\u00f1aron a los alumnos\/as la Gobernadora Regional de Ays\u00e9n, Andrea Mac\u00edas; Alcalde de Ays\u00e9n, Julio Uribe; Seremi de Trabajo y Previsi\u00f3n Social, Rodrigo D\u00edaz, el Director regional(s) de Sence, Andro Valdenegro, el representante del Gobernador presidencial provincial, el equipo Sence y OTEC ejecutora.<\/span><\/p>\n<p class=\"v1MsoNormal\" style=\"text-align: justify;\"><span lang=\"ES\">La Gobernadora Regional, Andrea Mac\u00edas mencion\u00f3 en la instancia, \u00abPara el Gobierno Regional y su Consejo, la alianza con el Servicio Nacional de Capacitaci\u00f3n y Empleo ha sido relevante para poder ejecutar este programa. \u00bfPor qu\u00e9? porque logramos instalar capacidades y habilidades en las personas, que les permiten mejorar sus niveles de empleabilidad y, por lo tanto, tambi\u00e9n las oportunidades de acceder a una mejor remuneraci\u00f3n o a llevar adelante alguna iniciativa personal. En este caso, la obtenci\u00f3n de licencia de conducir especializada para transporte p\u00fablico menor, sin duda viene tambi\u00e9n a cambiar la vida de aquellas personas en espec\u00edfico que se vinculan al rubro del turismo, con quienes se hizo este trabajo y desde ah\u00ed tambi\u00e9n la posibilidad de aprender de manera espec\u00edfica en t\u00e9rminos de mec\u00e1nica, psicolog\u00eda, conducci\u00f3n responsable y todas las materias que son necesarias conocer ser especializado en materia de transporte\u00bb.<\/span><\/p>\n<p class=\"v1MsoNormal\" style=\"text-align: justify;\"><span lang=\"ES\">Mac\u00edas adem\u00e1s a\u00f1adi\u00f3 sobre la entrega de conocimientos a trav\u00e9s de las capacitaciones, \u00abCreemos que invertir en capacitaci\u00f3n, invertir en entregar habilidades es inversi\u00f3n en desarrollo humano y \u00e9se es uno de los objetivos centrales que tiene particularmente esta administraci\u00f3n en cuanto a visi\u00f3n de desarrollo, por lo tanto, vamos a seguir trabajando, vamos a seguir apoyando estas iniciativas y esperar que cada una de las personas que se vieron beneficiadas en esta oportunidad, puedan tener mucho \u00e9xito en lo que emprendan a partir de la obtenci\u00f3n de esta nueva licencia de conducir especializada\u00bb, afirm\u00f3 Mac\u00edas.<\/span><\/p>\n<p class=\"v1MsoNormal\" style=\"text-align: justify;\"><span lang=\"ES\">Por su parte, el Seremi Rodrigo D\u00edaz, de Trabajo y Previsi\u00f3n Social, destac\u00f3 la escucha activa de las demandas locales con pertinencia territorial, \u00abPara nosotros como Gobierno del Presidente Boric, y en especial como Ministerio del Trabajo y Previsi\u00f3n Social, queremos destacar estos cursos, porque este curso nace de una demanda local, aqu\u00ed el Servicio Nacional de Capacitaci\u00f3n y Empleo, Sence, con su Director regional, Andro Valdenegro, se han preocupado de recoger las demandas locales de cada comuna, de las diez comunas de la regi\u00f3n, y hoy d\u00eda vemos que esta uni\u00f3n virtuosa que se logra entre la mirada del Gobierno del Presidente Boric, pero tambi\u00e9n del Gobierno Regional, porque este curso es financiado con fondos del Gobierno Regional y eso lo quiero destacar. Esta uni\u00f3n virtuosa que se logra, recogiendo las necesidades locales y con fondos regionales, nos permiten hacer este tipo de cursos, que esperamos seguir haci\u00e9ndolo en todas las comunas. Insisto con la demanda local, este curso de Licencia A2, permite que estos operadores tur\u00edsticos puedan desarrollar de mejor manera o suplir una demanda de algo, de un servicio que no hab\u00eda, entonces vamos avanzando en aportar directamente en lo que necesita nuestra comunidad y que tengamos un trabajo decente para el buen vivir, como es lo que se\u00f1ala nuestro Gobierno\u00bb, afirm\u00f3 la autoridad.<\/span><\/p>\n<p class=\"v1MsoNormal\" style=\"text-align: justify;\"><span lang=\"ES\">Marta Guti\u00e9rrez Sierra fue una de las alumnas, quien estaba muy contenta con la capacitaci\u00f3n, la cual le permitir\u00e1 rendir el examen conducente a la licencia profesional A2, \u00abEntretenido, esto era algo que se hab\u00eda solicitado hace mucho tiempo. Soy parte de una agrupaci\u00f3n de gu\u00edas, ac\u00e1 en Puerto Ays\u00e9n y por la pandemia se hab\u00eda quedado en stand by y bueno, se logr\u00f3 concretar ahora y fue bastante interesante, muchos temas importantes, para poder aplicar a esta licencia profesional. Bueno, en un futuro cercano, yo soy gu\u00eda de turismo, as\u00ed es que muy posiblemente cuando tenga un veh\u00edculo, puedo hacer mis propios tours, conduciendo\u00bb.<\/span><\/p>\n<p class=\"v1MsoNormal\" style=\"text-align: justify;\"><span lang=\"ES\">Cabe mencionar que este curso se desarroll\u00f3 ya en Coyhaique, comenz\u00f3 hace unos d\u00edas en Cochrane y prontamente se iniciar\u00e1 en Chile Chico, cumpliendo con el objetivo de descentralizar las oportunidades de acceso a este tipo de capacitaciones, ejecut\u00e1ndose en las cuatro provincias de la Regi\u00f3n de Ays\u00e9n, con alto inter\u00e9s por parte de la comunidad.<\/span><\/p>\n<\/div><\/section><\/div><div  style='height:50px' class='hr hr-invisible   avia-builder-el-6  el_after_av_one_full  el_before_av_social_share '><span class='hr-inner ' ><span class='hr-inner-style'><\/span><\/span><\/div><\/p>\n<div  class='av-social-sharing-box  avia-builder-el-7  el_after_av_hr  el_before_av_hr  '><div class='av-share-box'><h5 class='av-share-link-description av-no-toc '>Compartir esta noticia<\/h5><ul class='av-share-box-list noLightbox'><li class='av-share-link av-social-link-facebook' ><a target=\"_blank\" aria-label=\"Compartir en Facebook\" href='https:\/\/www.facebook.com\/sharer.php?u=https:\/\/radiorevelacionfm.cl\/?p=27856&#038;t=En%20Puerto%20Ays%C3%A9n%20potencian%20el%20turismo%20capacitando%20a%2020%20alumnos%2Fas%20para%20acceder%20a%20la%20licencia%20de%20conducir%20profesional%20A2' aria-hidden='false' data-av_icon='\ue8f3' data-av_iconfont='entypo-fontello' title='' data-avia-related-tooltip='Compartir en Facebook' rel=\"noopener\"><span class='avia_hidden_link_text'>Compartir en Facebook<\/span><\/a><\/li><li class='av-share-link av-social-link-twitter' ><a target=\"_blank\" aria-label=\"Compartir en Twitter\" href='https:\/\/twitter.com\/share?text=En%20Puerto%20Ays%C3%A9n%20potencian%20el%20turismo%20capacitando%20a%2020%20alumnos%2Fas%20para%20acceder%20a%20la%20licencia%20de%20conducir%20profesional%20A2&#038;url=https:\/\/radiorevelacionfm.cl\/?p=27856' aria-hidden='false' data-av_icon='\ue8f1' data-av_iconfont='entypo-fontello' title='' data-avia-related-tooltip='Compartir en Twitter' rel=\"noopener\"><span class='avia_hidden_link_text'>Compartir en Twitter<\/span><\/a><\/li><li class='av-share-link av-social-link-whatsapp' ><a target=\"_blank\" aria-label=\"Compartir en Whatsapp\" href='https:\/\/api.whatsapp.com\/send?text=https:\/\/radiorevelacionfm.cl\/?p=27856' aria-hidden='false' data-av_icon='\uf232' data-av_iconfont='entypo-fontello' title='' data-avia-related-tooltip='Compartir en Whatsapp' rel=\"noopener\"><span class='avia_hidden_link_text'>Compartir en Whatsapp<\/span><\/a><\/li><li class='av-share-link av-social-link-linkedin' ><a target=\"_blank\" aria-label=\"Compartir en LinkedIn\" href='https:\/\/linkedin.com\/shareArticle?mini=true&#038;title=En%20Puerto%20Ays%C3%A9n%20potencian%20el%20turismo%20capacitando%20a%2020%20alumnos%2Fas%20para%20acceder%20a%20la%20licencia%20de%20conducir%20profesional%20A2&#038;url=https:\/\/radiorevelacionfm.cl\/?p=27856' aria-hidden='false' data-av_icon='\ue8fc' data-av_iconfont='entypo-fontello' title='' data-avia-related-tooltip='Compartir en LinkedIn' rel=\"noopener\"><span class='avia_hidden_link_text'>Compartir en LinkedIn<\/span><\/a><\/li><li class='av-share-link av-social-link-mail' ><a  aria-label=\"Compartir por correo\" href='mailto:?subject=En%20Puerto%20Ays%C3%A9n%20potencian%20el%20turismo%20capacitando%20a%2020%20alumnos%2Fas%20para%20acceder%20a%20la%20licencia%20de%20conducir%20profesional%20A2&#038;body=https:\/\/radiorevelacionfm.cl\/?p=27856' aria-hidden='false' data-av_icon='\ue805' data-av_iconfont='entypo-fontello' title='' data-avia-related-tooltip='Compartir por correo'><span class='avia_hidden_link_text'>Compartir por correo<\/span><\/a><\/li><\/ul><\/div><\/div>\n<div  style='height:50px' class='hr hr-invisible   avia-builder-el-8  el_after_av_social_share  el_before_av_comments_list '><span class='hr-inner ' ><span class='hr-inner-style'><\/span><\/span><\/div>\n<div  class='av-buildercomment  av-blog-meta-html-info-disabled av-blog-meta-tag-disabled  '><\/div>\n","protected":false},"excerpt":{"rendered":"","protected":false},"author":1,"featured_media":27857,"comment_status":"open","ping_status":"open","sticky":false,"template":"","format":"standard","meta":{"footnotes":""},"categories":[56],"tags":[],"class_list":["post-27856","post","type-post","status-publish","format-standard","has-post-thumbnail","hentry","category-trabajo"],"jetpack_featured_media_url":"https:\/\/radiorevelacionfm.cl\/wp-content\/uploads\/2023\/02\/certificacionptoaysen_sencefndr_licconducir-4-b-1_optimized.jpg","_links":{"self":[{"href":"https:\/\/radiorevelacionfm.cl\/index.php?rest_route=\/wp\/v2\/posts\/27856","targetHints":{"allow":["GET"]}}],"collection":[{"href":"https:\/\/radiorevelacionfm.cl\/index.php?rest_route=\/wp\/v2\/posts"}],"about":[{"href":"https:\/\/radiorevelacionfm.cl\/index.php?rest_route=\/wp\/v2\/types\/post"}],"author":[{"embeddable":true,"href":"https:\/\/radiorevelacionfm.cl\/index.php?rest_route=\/wp\/v2\/users\/1"}],"replies":[{"embeddable":true,"href":"https:\/\/radiorevelacionfm.cl\/index.php?rest_route=%2Fwp%2Fv2%2Fcomments&post=27856"}],"version-history":[{"count":2,"href":"https:\/\/radiorevelacionfm.cl\/index.php?rest_route=\/wp\/v2\/posts\/27856\/revisions"}],"predecessor-version":[{"id":27859,"href":"https:\/\/radiorevelacionfm.cl\/index.php?rest_route=\/wp\/v2\/posts\/27856\/revisions\/27859"}],"wp:featuredmedia":[{"embeddable":true,"href":"https:\/\/radiorevelacionfm.cl\/index.php?rest_route=\/wp\/v2\/media\/27857"}],"wp:attachment":[{"href":"https:\/\/radiorevelacionfm.cl\/index.php?rest_route=%2Fwp%2Fv2%2Fmedia&parent=27856"}],"wp:term":[{"taxonomy":"category","embeddable":true,"href":"https:\/\/radiorevelacionfm.cl\/index.php?rest_route=%2Fwp%2Fv2%2Fcategories&post=27856"},{"taxonomy":"post_tag","embeddable":true,"href":"https:\/\/radiorevelacionfm.cl\/index.php?rest_route=%2Fwp%2Fv2%2Ftags&post=27856"}],"curies":[{"name":"wp","href":"https:\/\/api.w.org\/{rel}","templated":true}]}}