{"id":27852,"date":"2023-02-15T12:19:34","date_gmt":"2023-02-15T15:19:34","guid":{"rendered":"https:\/\/radiorevelacionfm.cl\/?p=27852"},"modified":"2023-02-15T12:19:34","modified_gmt":"2023-02-15T15:19:34","slug":"para-descentralizar-el-territorio-y-acercar-los-servicios-a-las-personas-realizan-plaza-de-justicia-y-derechos-humanos-en-mallin-grande","status":"publish","type":"post","link":"https:\/\/radiorevelacionfm.cl\/?p=27852","title":{"rendered":"Para descentralizar el territorio y acercar los servicios a las personas: Realizan Plaza de Justicia y Derechos Humanos en Mall\u00edn Grande"},"content":{"rendered":"<div class=\"flex_column av_one_full  flex_column_div av-zero-column-padding first  avia-builder-el-0  el_before_av_one_full  avia-builder-el-first  \" style='border-radius:0px; '><div  class='avia-image-container  av-styling-    avia-builder-el-1  avia-builder-el-no-sibling  avia-align-center '  itemprop=\"image\" itemscope=\"itemscope\" itemtype=\"https:\/\/schema.org\/ImageObject\"  ><div class='avia-image-container-inner'><div class='avia-image-overlay-wrap'><img decoding=\"async\" class='wp-image-27853 avia-img-lazy-loading-not-27853 avia_image' src=\"https:\/\/radiorevelacionfm.cl\/wp-content\/uploads\/2023\/02\/plaza-mallin-grande-4-1_optimized.jpg\" alt='' title='plaza-mallin-grande-4-(1)_optimized' height=\"600\" width=\"1149\"  itemprop=\"thumbnailUrl\" srcset=\"https:\/\/radiorevelacionfm.cl\/wp-content\/uploads\/2023\/02\/plaza-mallin-grande-4-1_optimized.jpg 1149w, https:\/\/radiorevelacionfm.cl\/wp-content\/uploads\/2023\/02\/plaza-mallin-grande-4-1_optimized-300x157.jpg 300w, https:\/\/radiorevelacionfm.cl\/wp-content\/uploads\/2023\/02\/plaza-mallin-grande-4-1_optimized-1030x538.jpg 1030w, https:\/\/radiorevelacionfm.cl\/wp-content\/uploads\/2023\/02\/plaza-mallin-grande-4-1_optimized-768x401.jpg 768w, https:\/\/radiorevelacionfm.cl\/wp-content\/uploads\/2023\/02\/plaza-mallin-grande-4-1_optimized-705x368.jpg 705w, https:\/\/radiorevelacionfm.cl\/wp-content\/uploads\/2023\/02\/plaza-mallin-grande-4-1_optimized-600x313.jpg 600w\" sizes=\"(max-width: 1149px) 100vw, 1149px\" \/><\/div><\/div><\/div><\/div><div class=\"flex_column av_one_full  flex_column_div av-zero-column-padding first  avia-builder-el-2  el_after_av_one_full  el_before_av_one_full  column-top-margin\" style='border-radius:0px; '><section class=\"av_textblock_section \"  itemscope=\"itemscope\" itemtype=\"https:\/\/schema.org\/BlogPosting\" itemprop=\"blogPost\" ><div class='avia_textblock  '   itemprop=\"text\" ><p style=\"text-align: center;\"><span style=\"font-size: 18pt;\"><strong>Para descentralizar el territorio y acercar los servicios a las personas: <\/strong><strong>Realizan Plaza de Justicia y Derechos Humanos en Mall\u00edn Grande<\/strong><\/span><\/p>\n<div id=\"gtx-trans\" style=\"position: absolute; left: -50px; top: 4.31534px;\">\n<div class=\"gtx-trans-icon\"><\/div>\n<\/div>\n<\/div><\/section><\/div><div class=\"flex_column av_one_full  flex_column_div av-zero-column-padding first  avia-builder-el-4  el_after_av_one_full  el_before_av_hr  column-top-margin\" style='border-radius:0px; '><section class=\"av_textblock_section \"  itemscope=\"itemscope\" itemtype=\"https:\/\/schema.org\/BlogPosting\" itemprop=\"blogPost\" ><div class='avia_textblock  '   itemprop=\"text\" ><p style=\"text-align: justify;\">Hasta Mall\u00edn Grande se trasladaron los funcionarios del sector Justicia en el marco de una nueva Plaza de Justicia y Derechos Humanos, en la oportunidad estuvieron presente el Servicio de Registro Civil e Identificaci\u00f3n, la Corporaci\u00f3n de Asistencia Judicial y la Defensor\u00eda Penal P\u00fablica, quienes se dieron cita en dependencias de la Delegaci\u00f3n Municipal donde brindaron atenci\u00f3n a los habitantes de esta alejada localidad.<\/p>\n<p style=\"text-align: justify;\">El Seremi de Justicia y Derechos Humanos Samuel Navarro Castro se refiri\u00f3 a esta actividad, indicando que \u201cqueremos visitar las 10 comunas de nuestra regi\u00f3n, descentralizando de esta forma nuestro territorio y acercando los servicios a las personas, contentos de haber atendido los requerimientos y consultas de los habitantes de Mall\u00edn Grande, evitando con ello su desplazamiento a otras comunas, y esperamos continuar en esta senda durante este 2023\u201d.<\/p>\n<p style=\"text-align: justify;\">Finalmente, cabe mencionar que esta iniciativa encabezada por la Secretar\u00eda Regional Ministerial de Justicia y DD.HH, busca acercar los servicios a las personas, permiti\u00e9ndoles realizar tr\u00e1mites y consultas en sus respectivos territorios, sin tener que trasladarse a otras localidades o comunas.<\/p>\n<\/div><\/section><\/div><div  style='height:50px' class='hr hr-invisible   avia-builder-el-6  el_after_av_one_full  el_before_av_social_share '><span class='hr-inner ' ><span class='hr-inner-style'><\/span><\/span><\/div><\/p>\n<div  class='av-social-sharing-box  avia-builder-el-7  el_after_av_hr  el_before_av_hr  '><div class='av-share-box'><h5 class='av-share-link-description av-no-toc '>Compartir esta noticia<\/h5><ul class='av-share-box-list noLightbox'><li class='av-share-link av-social-link-facebook' ><a target=\"_blank\" aria-label=\"Compartir en Facebook\" href='https:\/\/www.facebook.com\/sharer.php?u=https:\/\/radiorevelacionfm.cl\/?p=27852&#038;t=Para%20descentralizar%20el%20territorio%20y%20acercar%20los%20servicios%20a%20las%20personas%3A%20Realizan%20Plaza%20de%20Justicia%20y%20Derechos%20Humanos%20en%20Mall%C3%ADn%20Grande' aria-hidden='false' data-av_icon='\ue8f3' data-av_iconfont='entypo-fontello' title='' data-avia-related-tooltip='Compartir en Facebook' rel=\"noopener\"><span class='avia_hidden_link_text'>Compartir en Facebook<\/span><\/a><\/li><li class='av-share-link av-social-link-twitter' ><a target=\"_blank\" aria-label=\"Compartir en Twitter\" href='https:\/\/twitter.com\/share?text=Para%20descentralizar%20el%20territorio%20y%20acercar%20los%20servicios%20a%20las%20personas%3A%20Realizan%20Plaza%20de%20Justicia%20y%20Derechos%20Humanos%20en%20Mall%C3%ADn%20Grande&#038;url=https:\/\/radiorevelacionfm.cl\/?p=27852' aria-hidden='false' data-av_icon='\ue8f1' data-av_iconfont='entypo-fontello' title='' data-avia-related-tooltip='Compartir en Twitter' rel=\"noopener\"><span class='avia_hidden_link_text'>Compartir en Twitter<\/span><\/a><\/li><li class='av-share-link av-social-link-whatsapp' ><a target=\"_blank\" aria-label=\"Compartir en Whatsapp\" href='https:\/\/api.whatsapp.com\/send?text=https:\/\/radiorevelacionfm.cl\/?p=27852' aria-hidden='false' data-av_icon='\uf232' data-av_iconfont='entypo-fontello' title='' data-avia-related-tooltip='Compartir en Whatsapp' rel=\"noopener\"><span class='avia_hidden_link_text'>Compartir en Whatsapp<\/span><\/a><\/li><li class='av-share-link av-social-link-linkedin' ><a target=\"_blank\" aria-label=\"Compartir en LinkedIn\" href='https:\/\/linkedin.com\/shareArticle?mini=true&#038;title=Para%20descentralizar%20el%20territorio%20y%20acercar%20los%20servicios%20a%20las%20personas%3A%20Realizan%20Plaza%20de%20Justicia%20y%20Derechos%20Humanos%20en%20Mall%C3%ADn%20Grande&#038;url=https:\/\/radiorevelacionfm.cl\/?p=27852' aria-hidden='false' data-av_icon='\ue8fc' data-av_iconfont='entypo-fontello' title='' data-avia-related-tooltip='Compartir en LinkedIn' rel=\"noopener\"><span class='avia_hidden_link_text'>Compartir en LinkedIn<\/span><\/a><\/li><li class='av-share-link av-social-link-mail' ><a  aria-label=\"Compartir por correo\" href='mailto:?subject=Para%20descentralizar%20el%20territorio%20y%20acercar%20los%20servicios%20a%20las%20personas%3A%20Realizan%20Plaza%20de%20Justicia%20y%20Derechos%20Humanos%20en%20Mall%C3%ADn%20Grande&#038;body=https:\/\/radiorevelacionfm.cl\/?p=27852' aria-hidden='false' data-av_icon='\ue805' data-av_iconfont='entypo-fontello' title='' data-avia-related-tooltip='Compartir por correo'><span class='avia_hidden_link_text'>Compartir por correo<\/span><\/a><\/li><\/ul><\/div><\/div>\n<div  style='height:50px' class='hr hr-invisible   avia-builder-el-8  el_after_av_social_share  el_before_av_comments_list '><span class='hr-inner ' ><span class='hr-inner-style'><\/span><\/span><\/div>\n<div  class='av-buildercomment  av-blog-meta-html-info-disabled av-blog-meta-tag-disabled  '><\/div>\n","protected":false},"excerpt":{"rendered":"","protected":false},"author":1,"featured_media":27853,"comment_status":"open","ping_status":"open","sticky":false,"template":"","format":"standard","meta":{"footnotes":""},"categories":[55],"tags":[],"class_list":["post-27852","post","type-post","status-publish","format-standard","has-post-thumbnail","hentry","category-justicia"],"jetpack_featured_media_url":"https:\/\/radiorevelacionfm.cl\/wp-content\/uploads\/2023\/02\/plaza-mallin-grande-4-1_optimized.jpg","_links":{"self":[{"href":"https:\/\/radiorevelacionfm.cl\/index.php?rest_route=\/wp\/v2\/posts\/27852","targetHints":{"allow":["GET"]}}],"collection":[{"href":"https:\/\/radiorevelacionfm.cl\/index.php?rest_route=\/wp\/v2\/posts"}],"about":[{"href":"https:\/\/radiorevelacionfm.cl\/index.php?rest_route=\/wp\/v2\/types\/post"}],"author":[{"embeddable":true,"href":"https:\/\/radiorevelacionfm.cl\/index.php?rest_route=\/wp\/v2\/users\/1"}],"replies":[{"embeddable":true,"href":"https:\/\/radiorevelacionfm.cl\/index.php?rest_route=%2Fwp%2Fv2%2Fcomments&post=27852"}],"version-history":[{"count":2,"href":"https:\/\/radiorevelacionfm.cl\/index.php?rest_route=\/wp\/v2\/posts\/27852\/revisions"}],"predecessor-version":[{"id":27855,"href":"https:\/\/radiorevelacionfm.cl\/index.php?rest_route=\/wp\/v2\/posts\/27852\/revisions\/27855"}],"wp:featuredmedia":[{"embeddable":true,"href":"https:\/\/radiorevelacionfm.cl\/index.php?rest_route=\/wp\/v2\/media\/27853"}],"wp:attachment":[{"href":"https:\/\/radiorevelacionfm.cl\/index.php?rest_route=%2Fwp%2Fv2%2Fmedia&parent=27852"}],"wp:term":[{"taxonomy":"category","embeddable":true,"href":"https:\/\/radiorevelacionfm.cl\/index.php?rest_route=%2Fwp%2Fv2%2Fcategories&post=27852"},{"taxonomy":"post_tag","embeddable":true,"href":"https:\/\/radiorevelacionfm.cl\/index.php?rest_route=%2Fwp%2Fv2%2Ftags&post=27852"}],"curies":[{"name":"wp","href":"https:\/\/api.w.org\/{rel}","templated":true}]}}