{"id":27848,"date":"2023-02-15T11:37:47","date_gmt":"2023-02-15T14:37:47","guid":{"rendered":"https:\/\/radiorevelacionfm.cl\/?p=27848"},"modified":"2023-02-15T11:37:47","modified_gmt":"2023-02-15T14:37:47","slug":"brigadistas-del-ejercito-region-de-aysen-apoyando-a-la-comunidad-en-el-combate-contra-los-incendios-forestales","status":"publish","type":"post","link":"https:\/\/radiorevelacionfm.cl\/?p=27848","title":{"rendered":"Brigadistas del Ej\u00e9rcito regi\u00f3n de Ays\u00e9n: Apoyando a la comunidad en el combate contra los incendios forestales"},"content":{"rendered":"<div class=\"flex_column av_one_full  flex_column_div av-zero-column-padding first  avia-builder-el-0  el_before_av_one_full  avia-builder-el-first  \" style='border-radius:0px; '><div  class='avia-image-container  av-styling-    avia-builder-el-1  avia-builder-el-no-sibling  avia-align-center '  itemprop=\"image\" itemscope=\"itemscope\" itemtype=\"https:\/\/schema.org\/ImageObject\"  ><div class='avia-image-container-inner'><div class='avia-image-overlay-wrap'><img decoding=\"async\" class='wp-image-27849 avia-img-lazy-loading-not-27849 avia_image' src=\"https:\/\/radiorevelacionfm.cl\/wp-content\/uploads\/2023\/02\/foto-1-1-3-1_optimized-1.jpeg\" alt='' title='foto-1-(1)-(3)-(1)_optimized (1)' height=\"600\" width=\"800\"  itemprop=\"thumbnailUrl\" srcset=\"https:\/\/radiorevelacionfm.cl\/wp-content\/uploads\/2023\/02\/foto-1-1-3-1_optimized-1.jpeg 800w, https:\/\/radiorevelacionfm.cl\/wp-content\/uploads\/2023\/02\/foto-1-1-3-1_optimized-1-300x225.jpeg 300w, https:\/\/radiorevelacionfm.cl\/wp-content\/uploads\/2023\/02\/foto-1-1-3-1_optimized-1-768x576.jpeg 768w, https:\/\/radiorevelacionfm.cl\/wp-content\/uploads\/2023\/02\/foto-1-1-3-1_optimized-1-705x529.jpeg 705w, https:\/\/radiorevelacionfm.cl\/wp-content\/uploads\/2023\/02\/foto-1-1-3-1_optimized-1-600x450.jpeg 600w\" sizes=\"(max-width: 800px) 100vw, 800px\" \/><\/div><\/div><\/div><\/div><div class=\"flex_column av_one_full  flex_column_div av-zero-column-padding first  avia-builder-el-2  el_after_av_one_full  el_before_av_one_full  column-top-margin\" style='border-radius:0px; '><section class=\"av_textblock_section \"  itemscope=\"itemscope\" itemtype=\"https:\/\/schema.org\/BlogPosting\" itemprop=\"blogPost\" ><div class='avia_textblock  '   itemprop=\"text\" ><p style=\"text-align: center;\"><strong><span style=\"font-size: 18pt;\">Brigadistas del Ej\u00e9rcito regi\u00f3n de Ays\u00e9n: Apoyando a la comunidad en el combate contra los incendios forestales<\/span><\/strong><\/p>\n<div id=\"gtx-trans\" style=\"position: absolute; left: -50px; top: 4.31534px;\">\n<div class=\"gtx-trans-icon\"><\/div>\n<\/div>\n<\/div><\/section><\/div><div class=\"flex_column av_one_full  flex_column_div av-zero-column-padding first  avia-builder-el-4  el_after_av_one_full  el_before_av_hr  column-top-margin\" style='border-radius:0px; '><section class=\"av_textblock_section \"  itemscope=\"itemscope\" itemtype=\"https:\/\/schema.org\/BlogPosting\" itemprop=\"blogPost\" ><div class='avia_textblock  '   itemprop=\"text\" ><p style=\"text-align: justify;\">El 15 de febrero se conmemora un nuevo aniversario del D\u00eda del Brigadista Forestal, fecha en que se reconoce y destaca la abnegada labor que realizan en la lucha contra los incendios forestales.<\/p>\n<p style=\"text-align: justify;\">El Ej\u00e9rcito de Chile, cuenta con personal y medios que conforman las Brigadas de Refuerzo de Incendios Forestales del Ej\u00e9rcito (BRIFEs), apoyando a CONAF en la extinci\u00f3n de siniestros forestales. Estas unidades\u00a0 est\u00e1n conformadas por personal militar de planta y soldados conscriptos quienes d\u00eda a d\u00eda con profesionalismo y vocaci\u00f3n de servicio apoyan a la comunidad, con disponibilidad los 365 d\u00edas del a\u00f1o y las 24 horas del d\u00eda.<\/p>\n<p style=\"text-align: justify;\">En este sentido, los Brigadistas del Ej\u00e9rcito, son capacitados cada a\u00f1o por CONAF Ays\u00e9n quienes realizan una capacitaci\u00f3n te\u00f3rica y pr\u00e1ctica, la cual contempla el uso y manejo de las diferentes herramientas que se utilizan para trabajar en el sostenimiento de la l\u00ednea de control continuo de cortafuegos y el retiro de material combustible, tales como malezas, ramas del lugar del siniestro, evitando con esto la propagaci\u00f3n de las llamas, lo anterior permite a las Brigadas de Refuerzos de Incendios Forestales del Ej\u00e9rcito, trabajar como cortafuegos que circunscribe a un incendio forestal, con el objetivo de impedir que el fuego se propague, despleg\u00e1ndose en segunda l\u00ednea en el combate del siniestro.<\/p>\n<p style=\"text-align: justify;\">Este trabajo en equipo y coordinado con CONAF, bomberos y autoridades regionales, tiene como objetivo apoyar y ayudar a la comunidad no s\u00f3lo durante los siniestros, sino adem\u00e1s participando en campa\u00f1as de prevenci\u00f3n de incendios forestales, promoviendo una conducta de cuidado y respeto hacia los ecosistemas.<\/p>\n<p style=\"text-align: justify;\">Finalmente, cabe destacar, la fortaleza, el profesionalismo, y patriotismo, de aquellos soldados que conforman las BRIFEs de la IV Divisi\u00f3n de Ej\u00e9rcito, quienes no s\u00f3lo superan muchas veces las dificultades propias de la geograf\u00eda y condiciones clim\u00e1ticas de la Regi\u00f3n de Ays\u00e9n, sino adem\u00e1s se despliegan a lo largo del pa\u00eds trabajando activamente en la protecci\u00f3n de la poblaci\u00f3n y de los recursos naturales.<\/p>\n<\/div><\/section><\/div><div  style='height:50px' class='hr hr-invisible   avia-builder-el-6  el_after_av_one_full  el_before_av_social_share '><span class='hr-inner ' ><span class='hr-inner-style'><\/span><\/span><\/div><\/p>\n<div  class='av-social-sharing-box  avia-builder-el-7  el_after_av_hr  el_before_av_hr  '><div class='av-share-box'><h5 class='av-share-link-description av-no-toc '>Compartir esta noticia<\/h5><ul class='av-share-box-list noLightbox'><li class='av-share-link av-social-link-facebook' ><a target=\"_blank\" aria-label=\"Compartir en Facebook\" href='https:\/\/www.facebook.com\/sharer.php?u=https:\/\/radiorevelacionfm.cl\/?p=27848&#038;t=Brigadistas%20del%20Ej%C3%A9rcito%20regi%C3%B3n%20de%20Ays%C3%A9n%3A%20Apoyando%20a%20la%20comunidad%20en%20el%20combate%20contra%20los%20incendios%20forestales' aria-hidden='false' data-av_icon='\ue8f3' data-av_iconfont='entypo-fontello' title='' data-avia-related-tooltip='Compartir en Facebook' rel=\"noopener\"><span class='avia_hidden_link_text'>Compartir en Facebook<\/span><\/a><\/li><li class='av-share-link av-social-link-twitter' ><a target=\"_blank\" aria-label=\"Compartir en Twitter\" href='https:\/\/twitter.com\/share?text=Brigadistas%20del%20Ej%C3%A9rcito%20regi%C3%B3n%20de%20Ays%C3%A9n%3A%20Apoyando%20a%20la%20comunidad%20en%20el%20combate%20contra%20los%20incendios%20forestales&#038;url=https:\/\/radiorevelacionfm.cl\/?p=27848' aria-hidden='false' data-av_icon='\ue8f1' data-av_iconfont='entypo-fontello' title='' data-avia-related-tooltip='Compartir en Twitter' rel=\"noopener\"><span class='avia_hidden_link_text'>Compartir en Twitter<\/span><\/a><\/li><li class='av-share-link av-social-link-whatsapp' ><a target=\"_blank\" aria-label=\"Compartir en Whatsapp\" href='https:\/\/api.whatsapp.com\/send?text=https:\/\/radiorevelacionfm.cl\/?p=27848' aria-hidden='false' data-av_icon='\uf232' data-av_iconfont='entypo-fontello' title='' data-avia-related-tooltip='Compartir en Whatsapp' rel=\"noopener\"><span class='avia_hidden_link_text'>Compartir en Whatsapp<\/span><\/a><\/li><li class='av-share-link av-social-link-linkedin' ><a target=\"_blank\" aria-label=\"Compartir en LinkedIn\" href='https:\/\/linkedin.com\/shareArticle?mini=true&#038;title=Brigadistas%20del%20Ej%C3%A9rcito%20regi%C3%B3n%20de%20Ays%C3%A9n%3A%20Apoyando%20a%20la%20comunidad%20en%20el%20combate%20contra%20los%20incendios%20forestales&#038;url=https:\/\/radiorevelacionfm.cl\/?p=27848' aria-hidden='false' data-av_icon='\ue8fc' data-av_iconfont='entypo-fontello' title='' data-avia-related-tooltip='Compartir en LinkedIn' rel=\"noopener\"><span class='avia_hidden_link_text'>Compartir en LinkedIn<\/span><\/a><\/li><li class='av-share-link av-social-link-mail' ><a  aria-label=\"Compartir por correo\" href='mailto:?subject=Brigadistas%20del%20Ej%C3%A9rcito%20regi%C3%B3n%20de%20Ays%C3%A9n%3A%20Apoyando%20a%20la%20comunidad%20en%20el%20combate%20contra%20los%20incendios%20forestales&#038;body=https:\/\/radiorevelacionfm.cl\/?p=27848' aria-hidden='false' data-av_icon='\ue805' data-av_iconfont='entypo-fontello' title='' data-avia-related-tooltip='Compartir por correo'><span class='avia_hidden_link_text'>Compartir por correo<\/span><\/a><\/li><\/ul><\/div><\/div>\n<div  style='height:50px' class='hr hr-invisible   avia-builder-el-8  el_after_av_social_share  el_before_av_comments_list '><span class='hr-inner ' ><span class='hr-inner-style'><\/span><\/span><\/div>\n<div  class='av-buildercomment  av-blog-meta-html-info-disabled av-blog-meta-tag-disabled  '><\/div>\n","protected":false},"excerpt":{"rendered":"","protected":false},"author":1,"featured_media":27849,"comment_status":"open","ping_status":"open","sticky":false,"template":"","format":"standard","meta":{"footnotes":""},"categories":[38],"tags":[],"class_list":["post-27848","post","type-post","status-publish","format-standard","has-post-thumbnail","hentry","category-regional"],"jetpack_featured_media_url":"https:\/\/radiorevelacionfm.cl\/wp-content\/uploads\/2023\/02\/foto-1-1-3-1_optimized-1.jpeg","_links":{"self":[{"href":"https:\/\/radiorevelacionfm.cl\/index.php?rest_route=\/wp\/v2\/posts\/27848","targetHints":{"allow":["GET"]}}],"collection":[{"href":"https:\/\/radiorevelacionfm.cl\/index.php?rest_route=\/wp\/v2\/posts"}],"about":[{"href":"https:\/\/radiorevelacionfm.cl\/index.php?rest_route=\/wp\/v2\/types\/post"}],"author":[{"embeddable":true,"href":"https:\/\/radiorevelacionfm.cl\/index.php?rest_route=\/wp\/v2\/users\/1"}],"replies":[{"embeddable":true,"href":"https:\/\/radiorevelacionfm.cl\/index.php?rest_route=%2Fwp%2Fv2%2Fcomments&post=27848"}],"version-history":[{"count":2,"href":"https:\/\/radiorevelacionfm.cl\/index.php?rest_route=\/wp\/v2\/posts\/27848\/revisions"}],"predecessor-version":[{"id":27851,"href":"https:\/\/radiorevelacionfm.cl\/index.php?rest_route=\/wp\/v2\/posts\/27848\/revisions\/27851"}],"wp:featuredmedia":[{"embeddable":true,"href":"https:\/\/radiorevelacionfm.cl\/index.php?rest_route=\/wp\/v2\/media\/27849"}],"wp:attachment":[{"href":"https:\/\/radiorevelacionfm.cl\/index.php?rest_route=%2Fwp%2Fv2%2Fmedia&parent=27848"}],"wp:term":[{"taxonomy":"category","embeddable":true,"href":"https:\/\/radiorevelacionfm.cl\/index.php?rest_route=%2Fwp%2Fv2%2Fcategories&post=27848"},{"taxonomy":"post_tag","embeddable":true,"href":"https:\/\/radiorevelacionfm.cl\/index.php?rest_route=%2Fwp%2Fv2%2Ftags&post=27848"}],"curies":[{"name":"wp","href":"https:\/\/api.w.org\/{rel}","templated":true}]}}