{"id":27844,"date":"2023-02-15T11:17:01","date_gmt":"2023-02-15T14:17:01","guid":{"rendered":"https:\/\/radiorevelacionfm.cl\/?p=27844"},"modified":"2023-02-15T11:17:01","modified_gmt":"2023-02-15T14:17:01","slug":"cincuenta-mujeres-de-la-pesca-artesanal-de-aysen-reciben-apoyo-de-indespa-para-adquirir-indumentaria-y-materiales-de-trabajo","status":"publish","type":"post","link":"https:\/\/radiorevelacionfm.cl\/?p=27844","title":{"rendered":"Cincuenta mujeres de la pesca artesanal de Ays\u00e9n reciben apoyo de Indespa para adquirir indumentaria y materiales de trabajo"},"content":{"rendered":"<div class=\"flex_column av_one_full  flex_column_div av-zero-column-padding first  avia-builder-el-0  el_before_av_one_full  avia-builder-el-first  \" style='border-radius:0px; '><div  class='avia-image-container  av-styling-    avia-builder-el-1  avia-builder-el-no-sibling  avia-align-center '  itemprop=\"image\" itemscope=\"itemscope\" itemtype=\"https:\/\/schema.org\/ImageObject\"  ><div class='avia-image-container-inner'><div class='avia-image-overlay-wrap'><img decoding=\"async\" class='wp-image-27845 avia-img-lazy-loading-not-27845 avia_image' src=\"https:\/\/radiorevelacionfm.cl\/wp-content\/uploads\/2023\/02\/Lorena-Carcamo_Puerto-Gaviota-Aysen-PhotoRoom-1-1.jpg\" alt='' title='Lorena C\u00e1rcamo_Puerto Gaviota Ays\u00e9n-PhotoRoom (1) (1)' height=\"600\" width=\"803\"  itemprop=\"thumbnailUrl\" srcset=\"https:\/\/radiorevelacionfm.cl\/wp-content\/uploads\/2023\/02\/Lorena-Carcamo_Puerto-Gaviota-Aysen-PhotoRoom-1-1.jpg 803w, https:\/\/radiorevelacionfm.cl\/wp-content\/uploads\/2023\/02\/Lorena-Carcamo_Puerto-Gaviota-Aysen-PhotoRoom-1-1-300x224.jpg 300w, https:\/\/radiorevelacionfm.cl\/wp-content\/uploads\/2023\/02\/Lorena-Carcamo_Puerto-Gaviota-Aysen-PhotoRoom-1-1-768x574.jpg 768w, https:\/\/radiorevelacionfm.cl\/wp-content\/uploads\/2023\/02\/Lorena-Carcamo_Puerto-Gaviota-Aysen-PhotoRoom-1-1-705x527.jpg 705w, https:\/\/radiorevelacionfm.cl\/wp-content\/uploads\/2023\/02\/Lorena-Carcamo_Puerto-Gaviota-Aysen-PhotoRoom-1-1-600x448.jpg 600w\" sizes=\"(max-width: 803px) 100vw, 803px\" \/><\/div><\/div><\/div><\/div><div class=\"flex_column av_one_full  flex_column_div av-zero-column-padding first  avia-builder-el-2  el_after_av_one_full  el_before_av_one_full  column-top-margin\" style='border-radius:0px; '><section class=\"av_textblock_section \"  itemscope=\"itemscope\" itemtype=\"https:\/\/schema.org\/BlogPosting\" itemprop=\"blogPost\" ><div class='avia_textblock  '   itemprop=\"text\" ><p style=\"text-align: center;\"><strong><span style=\"font-size: 18pt;\">Cincuenta mujeres de la pesca artesanal de Ays\u00e9n reciben apoyo de Indespa para adquirir indumentaria y materiales de trabajo<\/span><\/strong><\/p>\n<div id=\"gtx-trans\" style=\"position: absolute; left: -50px; top: 4.31534px;\">\n<div class=\"gtx-trans-icon\"><\/div>\n<\/div>\n<\/div><\/section><\/div><\/p>\n<div class=\"flex_column av_one_full  flex_column_div av-zero-column-padding first  avia-builder-el-4  el_after_av_one_full  el_before_av_hr  column-top-margin\" style='border-radius:0px; '><section class=\"av_textblock_section \"  itemscope=\"itemscope\" itemtype=\"https:\/\/schema.org\/BlogPosting\" itemprop=\"blogPost\" ><div class='avia_textblock  '   itemprop=\"text\" ><p style=\"text-align: justify;\">Hace dos d\u00e9cadas que la pescadora artesanal Lorena C\u00e1rcamo decidi\u00f3 trasladarse a la alejada localidad costera de Puerto Gaviota, en el litoral norte de la regi\u00f3n de Ays\u00e9n, donde a bordo de su embarcaci\u00f3n y enfrentada al rigor del clima y las mareas trabaja en la pesca de congrio y merluza austral.<\/p>\n<p style=\"text-align: justify;\">\u201cLlevo veinte a\u00f1os viviendo en Puerto Gaviota, donde realmente me cost\u00f3 much\u00edsimo salir adelante, tener mis cosas y hoy d\u00eda puedo decir orgullosamente que soy pescadora y me siento muy orgullosa de poder trabajar en el mar que es nuestro \u00fanico sustento que tenemos ac\u00e1\u201d, precis\u00f3 Lorena C\u00e1rcamo.<\/p>\n<p style=\"text-align: justify;\">La pescadora artesanal es una de las cincuenta mujeres pescadores, buzos y recolectoras de orilla que fueron apoyadas en la regi\u00f3n de Ays\u00e9n por el programa Indumentaria y Materiales de Trabajo, financiado a trav\u00e9s del Instituto Nacional de Desarrollo Sustentable de la Pesca Artesanal y de la Acuicultura de Peque\u00f1a Escala, Indespa.<\/p>\n<p style=\"text-align: justify;\">Andrea Paillacar, profesional territorial de Indespa, resalt\u00f3 que el programa en la regi\u00f3n entreg\u00f3 recursos por cerca de 25 millones de pesos y \u201cbenefici\u00f3 solo a mujeres de islas muy alejadas y con muy poca conectividad, por lo tanto, hubo un despliegue en terreno y apoyo permanente del equipo para que ellas pudieran lograr esta postulaci\u00f3n. Importante es tambi\u00e9n que muchas de ellas son la principal fuente de ingreso en sus hogares. Estamos muy contentos como Instituto de haber podido llegar con este programa\u201d, destac\u00f3 la profesional.<\/p>\n<p style=\"text-align: justify;\">La iniciativa gubernamental implic\u00f3 la entrega de asesor\u00eda t\u00e9cnica y financiamiento por quinientos mil pesos para que cada una de las beneficiarias pudieran adquirir ropa impermeable y de abrigo, adem\u00e1s de herramientas y materiales b\u00e1sicos para el desempe\u00f1o de sus faenas diarias.<\/p>\n<p style=\"text-align: justify;\">\u201cQuer\u00eda agradecer por la implementaci\u00f3n que nos favoreci\u00f3 como mujeres, que fue de gran ayuda, ya que vivimos en una zona aislada\u2026son cosas que no ten\u00edamos y espero que sigan ayudando a las mujeres, sobre todo de zonas aisladas. Ac\u00e1 las personas que recibieron sus beneficios estaban muy felices\u201d, recalc\u00f3 Lorena C\u00e1rcamo.<\/p>\n<p style=\"text-align: justify;\">A nivel nacional este programa apoy\u00f3 a m\u00e1s de mil trescientas personas del sector pesquero artesanal.<\/p>\n<\/div><\/section><\/div>\n<div  style='height:50px' class='hr hr-invisible   avia-builder-el-6  el_after_av_one_full  el_before_av_social_share '><span class='hr-inner ' ><span class='hr-inner-style'><\/span><\/span><\/div>\n<div  class='av-social-sharing-box  avia-builder-el-7  el_after_av_hr  el_before_av_hr  '><div class='av-share-box'><h5 class='av-share-link-description av-no-toc '>Compartir esta noticia<\/h5><ul class='av-share-box-list noLightbox'><li class='av-share-link av-social-link-facebook' ><a target=\"_blank\" aria-label=\"Compartir en Facebook\" href='https:\/\/www.facebook.com\/sharer.php?u=https:\/\/radiorevelacionfm.cl\/?p=27844&#038;t=Cincuenta%20mujeres%20de%20la%20pesca%20artesanal%20de%20Ays%C3%A9n%20reciben%20apoyo%20de%20Indespa%20para%20adquirir%20indumentaria%20y%20materiales%20de%20trabajo' aria-hidden='false' data-av_icon='\ue8f3' data-av_iconfont='entypo-fontello' title='' data-avia-related-tooltip='Compartir en Facebook' rel=\"noopener\"><span class='avia_hidden_link_text'>Compartir en Facebook<\/span><\/a><\/li><li class='av-share-link av-social-link-twitter' ><a target=\"_blank\" aria-label=\"Compartir en Twitter\" href='https:\/\/twitter.com\/share?text=Cincuenta%20mujeres%20de%20la%20pesca%20artesanal%20de%20Ays%C3%A9n%20reciben%20apoyo%20de%20Indespa%20para%20adquirir%20indumentaria%20y%20materiales%20de%20trabajo&#038;url=https:\/\/radiorevelacionfm.cl\/?p=27844' aria-hidden='false' data-av_icon='\ue8f1' data-av_iconfont='entypo-fontello' title='' data-avia-related-tooltip='Compartir en Twitter' rel=\"noopener\"><span class='avia_hidden_link_text'>Compartir en Twitter<\/span><\/a><\/li><li class='av-share-link av-social-link-whatsapp' ><a target=\"_blank\" aria-label=\"Compartir en Whatsapp\" href='https:\/\/api.whatsapp.com\/send?text=https:\/\/radiorevelacionfm.cl\/?p=27844' aria-hidden='false' data-av_icon='\uf232' data-av_iconfont='entypo-fontello' title='' data-avia-related-tooltip='Compartir en Whatsapp' rel=\"noopener\"><span class='avia_hidden_link_text'>Compartir en Whatsapp<\/span><\/a><\/li><li class='av-share-link av-social-link-linkedin' ><a target=\"_blank\" aria-label=\"Compartir en LinkedIn\" href='https:\/\/linkedin.com\/shareArticle?mini=true&#038;title=Cincuenta%20mujeres%20de%20la%20pesca%20artesanal%20de%20Ays%C3%A9n%20reciben%20apoyo%20de%20Indespa%20para%20adquirir%20indumentaria%20y%20materiales%20de%20trabajo&#038;url=https:\/\/radiorevelacionfm.cl\/?p=27844' aria-hidden='false' data-av_icon='\ue8fc' data-av_iconfont='entypo-fontello' title='' data-avia-related-tooltip='Compartir en LinkedIn' rel=\"noopener\"><span class='avia_hidden_link_text'>Compartir en LinkedIn<\/span><\/a><\/li><li class='av-share-link av-social-link-mail' ><a  aria-label=\"Compartir por correo\" href='mailto:?subject=Cincuenta%20mujeres%20de%20la%20pesca%20artesanal%20de%20Ays%C3%A9n%20reciben%20apoyo%20de%20Indespa%20para%20adquirir%20indumentaria%20y%20materiales%20de%20trabajo&#038;body=https:\/\/radiorevelacionfm.cl\/?p=27844' aria-hidden='false' data-av_icon='\ue805' data-av_iconfont='entypo-fontello' title='' data-avia-related-tooltip='Compartir por correo'><span class='avia_hidden_link_text'>Compartir por correo<\/span><\/a><\/li><\/ul><\/div><\/div>\n<div  style='height:50px' class='hr hr-invisible   avia-builder-el-8  el_after_av_social_share  el_before_av_comments_list '><span class='hr-inner ' ><span class='hr-inner-style'><\/span><\/span><\/div>\n<div  class='av-buildercomment  av-blog-meta-html-info-disabled av-blog-meta-tag-disabled  '><\/div>\n","protected":false},"excerpt":{"rendered":"","protected":false},"author":1,"featured_media":27845,"comment_status":"open","ping_status":"open","sticky":false,"template":"","format":"standard","meta":{"footnotes":""},"categories":[60],"tags":[],"class_list":["post-27844","post","type-post","status-publish","format-standard","has-post-thumbnail","hentry","category-pesca"],"jetpack_featured_media_url":"https:\/\/radiorevelacionfm.cl\/wp-content\/uploads\/2023\/02\/Lorena-Carcamo_Puerto-Gaviota-Aysen-PhotoRoom-1-1.jpg","_links":{"self":[{"href":"https:\/\/radiorevelacionfm.cl\/index.php?rest_route=\/wp\/v2\/posts\/27844","targetHints":{"allow":["GET"]}}],"collection":[{"href":"https:\/\/radiorevelacionfm.cl\/index.php?rest_route=\/wp\/v2\/posts"}],"about":[{"href":"https:\/\/radiorevelacionfm.cl\/index.php?rest_route=\/wp\/v2\/types\/post"}],"author":[{"embeddable":true,"href":"https:\/\/radiorevelacionfm.cl\/index.php?rest_route=\/wp\/v2\/users\/1"}],"replies":[{"embeddable":true,"href":"https:\/\/radiorevelacionfm.cl\/index.php?rest_route=%2Fwp%2Fv2%2Fcomments&post=27844"}],"version-history":[{"count":2,"href":"https:\/\/radiorevelacionfm.cl\/index.php?rest_route=\/wp\/v2\/posts\/27844\/revisions"}],"predecessor-version":[{"id":27847,"href":"https:\/\/radiorevelacionfm.cl\/index.php?rest_route=\/wp\/v2\/posts\/27844\/revisions\/27847"}],"wp:featuredmedia":[{"embeddable":true,"href":"https:\/\/radiorevelacionfm.cl\/index.php?rest_route=\/wp\/v2\/media\/27845"}],"wp:attachment":[{"href":"https:\/\/radiorevelacionfm.cl\/index.php?rest_route=%2Fwp%2Fv2%2Fmedia&parent=27844"}],"wp:term":[{"taxonomy":"category","embeddable":true,"href":"https:\/\/radiorevelacionfm.cl\/index.php?rest_route=%2Fwp%2Fv2%2Fcategories&post=27844"},{"taxonomy":"post_tag","embeddable":true,"href":"https:\/\/radiorevelacionfm.cl\/index.php?rest_route=%2Fwp%2Fv2%2Ftags&post=27844"}],"curies":[{"name":"wp","href":"https:\/\/api.w.org\/{rel}","templated":true}]}}