{"id":27840,"date":"2023-02-14T20:02:44","date_gmt":"2023-02-14T23:02:44","guid":{"rendered":"https:\/\/radiorevelacionfm.cl\/?p=27840"},"modified":"2023-02-14T20:02:44","modified_gmt":"2023-02-14T23:02:44","slug":"carabineros-junto-a-autoridades-analizan-en-sesion-stop-comportamiento-del-fenomeno-delictual-en-aysen","status":"publish","type":"post","link":"https:\/\/radiorevelacionfm.cl\/?p=27840","title":{"rendered":"Carabineros junto a autoridades analizan en sesi\u00f3n STOP comportamiento del fen\u00f3meno delictual en Ays\u00e9n"},"content":{"rendered":"<div class=\"flex_column av_one_full  flex_column_div av-zero-column-padding first  avia-builder-el-0  el_before_av_one_full  avia-builder-el-first  \" style='border-radius:0px; '><div  class='avia-image-container  av-styling-    avia-builder-el-1  avia-builder-el-no-sibling  avia-align-center '  itemprop=\"image\" itemscope=\"itemscope\" itemtype=\"https:\/\/schema.org\/ImageObject\"  ><div class='avia-image-container-inner'><div class='avia-image-overlay-wrap'><img decoding=\"async\" class='wp-image-27841 avia-img-lazy-loading-not-27841 avia_image' src=\"https:\/\/radiorevelacionfm.cl\/wp-content\/uploads\/2023\/02\/1-2023-02-14T190548.307-1-1.jpg\" alt='' title='1 - 2023-02-14T190548.307 (1) (1)' height=\"600\" width=\"901\"  itemprop=\"thumbnailUrl\" srcset=\"https:\/\/radiorevelacionfm.cl\/wp-content\/uploads\/2023\/02\/1-2023-02-14T190548.307-1-1.jpg 901w, https:\/\/radiorevelacionfm.cl\/wp-content\/uploads\/2023\/02\/1-2023-02-14T190548.307-1-1-300x200.jpg 300w, https:\/\/radiorevelacionfm.cl\/wp-content\/uploads\/2023\/02\/1-2023-02-14T190548.307-1-1-768x511.jpg 768w, https:\/\/radiorevelacionfm.cl\/wp-content\/uploads\/2023\/02\/1-2023-02-14T190548.307-1-1-705x469.jpg 705w, https:\/\/radiorevelacionfm.cl\/wp-content\/uploads\/2023\/02\/1-2023-02-14T190548.307-1-1-600x400.jpg 600w\" sizes=\"(max-width: 901px) 100vw, 901px\" \/><\/div><\/div><\/div><\/div><div class=\"flex_column av_one_full  flex_column_div av-zero-column-padding first  avia-builder-el-2  el_after_av_one_full  el_before_av_one_full  column-top-margin\" style='border-radius:0px; '><section class=\"av_textblock_section \"  itemscope=\"itemscope\" itemtype=\"https:\/\/schema.org\/BlogPosting\" itemprop=\"blogPost\" ><div class='avia_textblock  '   itemprop=\"text\" ><p style=\"text-align: center;\"><strong><span style=\"font-size: 18pt;\">Carabineros junto a autoridades analizan en sesi\u00f3n STOP comportamiento del fen\u00f3meno delictual en Ays\u00e9n<\/span><\/strong><\/p>\n<div id=\"gtx-trans\" style=\"position: absolute; left: -50px; top: 4.31534px;\">\n<div class=\"gtx-trans-icon\"><\/div>\n<\/div>\n<\/div><\/section><\/div><div class=\"flex_column av_one_full  flex_column_div av-zero-column-padding first  avia-builder-el-4  el_after_av_one_full  el_before_av_hr  column-top-margin\" style='border-radius:0px; '><section class=\"av_textblock_section \"  itemscope=\"itemscope\" itemtype=\"https:\/\/schema.org\/BlogPosting\" itemprop=\"blogPost\" ><div class='avia_textblock  '   itemprop=\"text\" ><p class=\"v1MsoNormal\" style=\"text-align: justify;\">El trabajo policial ha culminado con 690 personas detenidas por diferentes delitos, sumado a la realizaci\u00f3n de 19 mil controles, 1.076 fiscalizaciones a locales de alcoholes y 1.270 fiscalizaciones al comercio establecido.<\/p>\n<p class=\"v1MsoNormal\" style=\"text-align: justify;\">Entre los delitos de mayor preocupaci\u00f3n se encuentra la violencia intrafamiliar con 105 casos, lo cual dar\u00e1 paso al trabajo preventivo interinstitucional sobre esta materia.<\/p>\n<p class=\"v1MsoNormal\" style=\"text-align: justify;\">Analizar el comportamiento del delito a lo largo del tiempo, as\u00ed como su desplazamiento y otras variables de medici\u00f3n, sumado a los resultados de su persecuci\u00f3n y estrategias para el control, fueron parte de las materias analizadas en la sesi\u00f3n del Sistema T\u00e1ctico de Operaci\u00f3n Policial (STOP) desarrollado en 1ra. Comisar\u00eda de Coyhaique y transmitido v\u00eda remota para todas las unidades y destacamentos a nivel regional.<\/p>\n<p class=\"v1MsoNormal\" style=\"text-align: justify;\">La actividad cont\u00f3 con la participaci\u00f3n del Delegado Presidencial Regional, Rodrigo Araya Morales; el Jefe de Zona Ays\u00e9n, General Patricio Javier Santos Poblete; el Fiscal adjunto de Coyhaique, Luis Contreras Alfaro; el Jefe de la Regi\u00f3n Policial Ays\u00e9n, Prefecto Luis Torralba Ram\u00edrez; el Delegado Presidencial Provincial General Carrera, Crist\u00f3bal Barcel\u00f3 Veas; Seremi de la Mujer y Equidad de G\u00e9nero, Andrea M\u00e9ndez Valenzuela; representantes de la Subsecretar\u00eda de Prevenci\u00f3n del Delito, Gendarmer\u00eda de Chile y de la Municipalidad de Coyhaique.<\/p>\n<p class=\"v1MsoNormal\" style=\"text-align: justify;\">Seg\u00fan expuso el General Santos, el 54% de los delitos de mayor connotaci\u00f3n social se concentra en la comuna de Coyhaique, mientras que Ays\u00e9n agrupa el 31,8%, en tanto que Chile Chico concentra un 5,6%, mientras que el 8,6% corresponde a Cochrane.<\/p>\n<p class=\"v1MsoNormal\" style=\"text-align: justify;\">De acuerdo al registro por delitos de connotaci\u00f3n social, \u00e9ste contempla desde enero a la fecha un total de 198 casos, lo cual implica 26 casos (12%) m\u00e1s que el a\u00f1o pasado a igual fecha.<\/p>\n<p class=\"v1MsoNormal\" style=\"text-align: justify;\">No obstante \u2013seg\u00fan explic\u00f3 el Jefe de Zona- en comparaci\u00f3n al promedio hist\u00f3rico ponderado de los \u00faltimos cinco a\u00f1os, este da cuenta de 0,6 desviaciones est\u00e1ndar -m\u00e1s- respecto a este promedio hist\u00f3rico, lo cual -seg\u00fan las cifras analizadas- da cuenta de una variaci\u00f3n en el rango de normalidad (el 2018 se hab\u00edan registrado 199 casos, en 2019 la cifra alcanz\u00f3 a 220 casos, en 2020 este n\u00famero lleg\u00f3 a 217, cuantificaci\u00f3n que supera al registro actual).<\/p>\n<p class=\"v1MsoNormal\" style=\"text-align: justify;\"><b>Manifestaci\u00f3n de violencia es el principal problema detectado\u00a0\u00a0<\/b><\/p>\n<p class=\"v1MsoNormal\" style=\"text-align: justify;\">\u00abCuando uno suma da\u00f1os, amenazas, lesiones y violencia intrafamiliar, tiene cerca de 400 casos, respecto de cerca de 2.200 casos delictuales que registramos a esta fecha. Los delitos de connotaci\u00f3n social son cerca del 10,5% del total de eventos delictuales, en tanto que estos otros cuatro delitos, acu\u00f1an cerca del 20% y eso tiene que ver con la comunidad y con las acciones que podemos emprender desde el punto de vista de la prevenci\u00f3n social, lo cual redit\u00faa mucho m\u00e1s que aquellos controles pudi\u00e9semos tener y sobre los cuales las personas pudiesen sentar sus expectativas\u00bb, detall\u00f3.<\/p>\n<p class=\"v1MsoNormal\" style=\"text-align: justify;\"><b>Detenidos y controlados<\/b><\/p>\n<p class=\"v1MsoNormal\" style=\"text-align: justify;\">A la fecha Carabineros registra 690 personas detenidas, de las cuales el 10,5% han sido aprehendidas por delitos de connotaci\u00f3n social.<\/p>\n<p class=\"v1MsoNormal\" style=\"text-align: justify;\">Del total de aprehendidos por delitos de connotaci\u00f3n social, el 36% registra detenciones previas, particularmente aquellos que han sido capturados por robo, el 60% de ellos posee detenciones anteriores, mientras que el 17% de estos posee cinco o m\u00e1s detenciones.<\/p>\n<p class=\"v1MsoNormal\" style=\"text-align: justify;\">Paralelamente, Carabineros ha efectuado 19 mil controles, de los cuales 3.200 son de identidad, 13.800 controles a conductores, 1.076 fiscalizaciones a locales de alcoholes y 1.270 fiscalizaciones al comercio establecido.<\/p>\n<p class=\"v1MsoNormal\" style=\"text-align: justify;\">\u00abMuchas de las acciones o incivilidades parten de la base por el consumo de alcoholes u otras sustancias y derivan en comportamientos violentos tanto en el hogar como en el ambiente p\u00fablico\u00bb, expres\u00f3.<\/p>\n<p class=\"v1MsoNormal\" style=\"text-align: justify;\">Las autoridades comprometieron un trabajo articulado, con la finalidad de actuar en el ex ante y desarrollar acciones preventivas, orientadas a corregir la desviaci\u00f3n social y evitar la comisi\u00f3n de delitos que afecten a las personas y sus bienes.<\/p>\n<\/div><\/section><\/div><div  style='height:50px' class='hr hr-invisible   avia-builder-el-6  el_after_av_one_full  el_before_av_social_share '><span class='hr-inner ' ><span class='hr-inner-style'><\/span><\/span><\/div><\/p>\n<div  class='av-social-sharing-box  avia-builder-el-7  el_after_av_hr  el_before_av_hr  '><div class='av-share-box'><h5 class='av-share-link-description av-no-toc '>Compartir esta noticia<\/h5><ul class='av-share-box-list noLightbox'><li class='av-share-link av-social-link-facebook' ><a target=\"_blank\" aria-label=\"Compartir en Facebook\" href='https:\/\/www.facebook.com\/sharer.php?u=https:\/\/radiorevelacionfm.cl\/?p=27840&#038;t=Carabineros%20junto%20a%20autoridades%20analizan%20en%20sesi%C3%B3n%20STOP%20comportamiento%20del%20fen%C3%B3meno%20delictual%20en%20Ays%C3%A9n' aria-hidden='false' data-av_icon='\ue8f3' data-av_iconfont='entypo-fontello' title='' data-avia-related-tooltip='Compartir en Facebook' rel=\"noopener\"><span class='avia_hidden_link_text'>Compartir en Facebook<\/span><\/a><\/li><li class='av-share-link av-social-link-twitter' ><a target=\"_blank\" aria-label=\"Compartir en Twitter\" href='https:\/\/twitter.com\/share?text=Carabineros%20junto%20a%20autoridades%20analizan%20en%20sesi%C3%B3n%20STOP%20comportamiento%20del%20fen%C3%B3meno%20delictual%20en%20Ays%C3%A9n&#038;url=https:\/\/radiorevelacionfm.cl\/?p=27840' aria-hidden='false' data-av_icon='\ue8f1' data-av_iconfont='entypo-fontello' title='' data-avia-related-tooltip='Compartir en Twitter' rel=\"noopener\"><span class='avia_hidden_link_text'>Compartir en Twitter<\/span><\/a><\/li><li class='av-share-link av-social-link-whatsapp' ><a target=\"_blank\" aria-label=\"Compartir en Whatsapp\" href='https:\/\/api.whatsapp.com\/send?text=https:\/\/radiorevelacionfm.cl\/?p=27840' aria-hidden='false' data-av_icon='\uf232' data-av_iconfont='entypo-fontello' title='' data-avia-related-tooltip='Compartir en Whatsapp' rel=\"noopener\"><span class='avia_hidden_link_text'>Compartir en Whatsapp<\/span><\/a><\/li><li class='av-share-link av-social-link-linkedin' ><a target=\"_blank\" aria-label=\"Compartir en LinkedIn\" href='https:\/\/linkedin.com\/shareArticle?mini=true&#038;title=Carabineros%20junto%20a%20autoridades%20analizan%20en%20sesi%C3%B3n%20STOP%20comportamiento%20del%20fen%C3%B3meno%20delictual%20en%20Ays%C3%A9n&#038;url=https:\/\/radiorevelacionfm.cl\/?p=27840' aria-hidden='false' data-av_icon='\ue8fc' data-av_iconfont='entypo-fontello' title='' data-avia-related-tooltip='Compartir en LinkedIn' rel=\"noopener\"><span class='avia_hidden_link_text'>Compartir en LinkedIn<\/span><\/a><\/li><li class='av-share-link av-social-link-mail' ><a  aria-label=\"Compartir por correo\" href='mailto:?subject=Carabineros%20junto%20a%20autoridades%20analizan%20en%20sesi%C3%B3n%20STOP%20comportamiento%20del%20fen%C3%B3meno%20delictual%20en%20Ays%C3%A9n&#038;body=https:\/\/radiorevelacionfm.cl\/?p=27840' aria-hidden='false' data-av_icon='\ue805' data-av_iconfont='entypo-fontello' title='' data-avia-related-tooltip='Compartir por correo'><span class='avia_hidden_link_text'>Compartir por correo<\/span><\/a><\/li><\/ul><\/div><\/div>\n<div  style='height:50px' class='hr hr-invisible   avia-builder-el-8  el_after_av_social_share  el_before_av_comments_list '><span class='hr-inner ' ><span class='hr-inner-style'><\/span><\/span><\/div>\n<div  class='av-buildercomment  av-blog-meta-html-info-disabled av-blog-meta-tag-disabled  '><\/div>\n","protected":false},"excerpt":{"rendered":"","protected":false},"author":1,"featured_media":27841,"comment_status":"open","ping_status":"open","sticky":false,"template":"","format":"standard","meta":{"footnotes":""},"categories":[36],"tags":[],"class_list":["post-27840","post","type-post","status-publish","format-standard","has-post-thumbnail","hentry","category-policial"],"jetpack_featured_media_url":"https:\/\/radiorevelacionfm.cl\/wp-content\/uploads\/2023\/02\/1-2023-02-14T190548.307-1-1.jpg","_links":{"self":[{"href":"https:\/\/radiorevelacionfm.cl\/index.php?rest_route=\/wp\/v2\/posts\/27840","targetHints":{"allow":["GET"]}}],"collection":[{"href":"https:\/\/radiorevelacionfm.cl\/index.php?rest_route=\/wp\/v2\/posts"}],"about":[{"href":"https:\/\/radiorevelacionfm.cl\/index.php?rest_route=\/wp\/v2\/types\/post"}],"author":[{"embeddable":true,"href":"https:\/\/radiorevelacionfm.cl\/index.php?rest_route=\/wp\/v2\/users\/1"}],"replies":[{"embeddable":true,"href":"https:\/\/radiorevelacionfm.cl\/index.php?rest_route=%2Fwp%2Fv2%2Fcomments&post=27840"}],"version-history":[{"count":2,"href":"https:\/\/radiorevelacionfm.cl\/index.php?rest_route=\/wp\/v2\/posts\/27840\/revisions"}],"predecessor-version":[{"id":27843,"href":"https:\/\/radiorevelacionfm.cl\/index.php?rest_route=\/wp\/v2\/posts\/27840\/revisions\/27843"}],"wp:featuredmedia":[{"embeddable":true,"href":"https:\/\/radiorevelacionfm.cl\/index.php?rest_route=\/wp\/v2\/media\/27841"}],"wp:attachment":[{"href":"https:\/\/radiorevelacionfm.cl\/index.php?rest_route=%2Fwp%2Fv2%2Fmedia&parent=27840"}],"wp:term":[{"taxonomy":"category","embeddable":true,"href":"https:\/\/radiorevelacionfm.cl\/index.php?rest_route=%2Fwp%2Fv2%2Fcategories&post=27840"},{"taxonomy":"post_tag","embeddable":true,"href":"https:\/\/radiorevelacionfm.cl\/index.php?rest_route=%2Fwp%2Fv2%2Ftags&post=27840"}],"curies":[{"name":"wp","href":"https:\/\/api.w.org\/{rel}","templated":true}]}}