{"id":27831,"date":"2023-02-14T18:38:01","date_gmt":"2023-02-14T21:38:01","guid":{"rendered":"https:\/\/radiorevelacionfm.cl\/?p=27831"},"modified":"2023-02-14T18:38:01","modified_gmt":"2023-02-14T21:38:01","slug":"pdi-advierte-y-entrega-recomendaciones-sobre-incendios-forestales","status":"publish","type":"post","link":"https:\/\/radiorevelacionfm.cl\/?p=27831","title":{"rendered":"PDI advierte y entrega recomendaciones sobre incendios forestales"},"content":{"rendered":"<div class=\"flex_column av_one_full  flex_column_div av-zero-column-padding first  avia-builder-el-0  el_before_av_one_full  avia-builder-el-first  \" style='border-radius:0px; '><div  class='avia-image-container  av-styling-    avia-builder-el-1  avia-builder-el-no-sibling  avia-align-center '  itemprop=\"image\" itemscope=\"itemscope\" itemtype=\"https:\/\/schema.org\/ImageObject\"  ><div class='avia-image-container-inner'><div class='avia-image-overlay-wrap'><img decoding=\"async\" class='wp-image-27832 avia-img-lazy-loading-not-27832 avia_image' src=\"https:\/\/radiorevelacionfm.cl\/wp-content\/uploads\/2023\/02\/bidema-incendios-forestales-2-1_optimized-1.jpg\" alt='' title='bidema-incendios-forestales-2-(1)_optimized (1)' height=\"600\" width=\"903\"  itemprop=\"thumbnailUrl\" srcset=\"https:\/\/radiorevelacionfm.cl\/wp-content\/uploads\/2023\/02\/bidema-incendios-forestales-2-1_optimized-1.jpg 903w, https:\/\/radiorevelacionfm.cl\/wp-content\/uploads\/2023\/02\/bidema-incendios-forestales-2-1_optimized-1-300x199.jpg 300w, https:\/\/radiorevelacionfm.cl\/wp-content\/uploads\/2023\/02\/bidema-incendios-forestales-2-1_optimized-1-768x510.jpg 768w, https:\/\/radiorevelacionfm.cl\/wp-content\/uploads\/2023\/02\/bidema-incendios-forestales-2-1_optimized-1-705x468.jpg 705w, https:\/\/radiorevelacionfm.cl\/wp-content\/uploads\/2023\/02\/bidema-incendios-forestales-2-1_optimized-1-600x399.jpg 600w\" sizes=\"(max-width: 903px) 100vw, 903px\" \/><\/div><\/div><\/div><\/div><div class=\"flex_column av_one_full  flex_column_div av-zero-column-padding first  avia-builder-el-2  el_after_av_one_full  el_before_av_one_full  column-top-margin\" style='border-radius:0px; '><section class=\"av_textblock_section \"  itemscope=\"itemscope\" itemtype=\"https:\/\/schema.org\/BlogPosting\" itemprop=\"blogPost\" ><div class='avia_textblock  '   itemprop=\"text\" ><p style=\"text-align: center;\"><span style=\"font-size: 18pt;\"><strong>PDI advierte y entrega recomendaciones sobre incendios forestales<\/strong><\/span><\/p>\n<div id=\"gtx-trans\" style=\"position: absolute; left: -50px; top: 4.31534px;\">\n<div class=\"gtx-trans-icon\"><\/div>\n<\/div>\n<\/div><\/section><\/div><div class=\"flex_column av_one_full  flex_column_div av-zero-column-padding first  avia-builder-el-4  el_after_av_one_full  el_before_av_hr  column-top-margin\" style='border-radius:0px; '><section class=\"av_textblock_section \"  itemscope=\"itemscope\" itemtype=\"https:\/\/schema.org\/BlogPosting\" itemprop=\"blogPost\" ><div class='avia_textblock  '   itemprop=\"text\" ><p style=\"text-align: justify;\">En el contexto de los distintos focos de incendios forestales que afectan al territorio nacional, y sum\u00e1ndose a los diversos llamados realizados por la Secretar\u00eda Regional Ministerial de Agricultura, la Corporaci\u00f3n Nacional Forestal y el Servicio Nacional de Prevenci\u00f3n y Respuesta ante Desastres de la regi\u00f3n de Ays\u00e9n, la Polic\u00eda de Investigaciones de Chile realiz\u00f3 un llamado a estar alerta sobre la incidencia de incendios forestales en esta \u00e9poca donde la combinaci\u00f3n de altas temperaturas, viento y negligencia pueden convertirse en graves factores de riesgo.<\/p>\n<p style=\"text-align: justify;\">As\u00ed, desde la Brigada Investigadora de Delitos del Medio Ambiente y Patrimonio Cultural (BIDEMA) Ays\u00e9n, el subprefecto Claudio Reyes Reyes, jefe de la BIDEMA Ays\u00e9n, \u201ccomo BIDEMA encontramos atingente poder entregar algunas recomendaciones, debido a que este tipo de hechos en su mayor\u00eda se originan en sectores rurales o semiurbanos, siendo causados por la acci\u00f3n irresponsable, negligente o intencional de las personas, ya sea en la manipulaci\u00f3n de las fuentes de calor o la intencionalidad que termina con estos hechos que son bastantes lamentables\u201d.<\/p>\n<p style=\"text-align: justify;\">Desde la PDI advirtieron que los incendios forestales producen graves consecuencias ambientales, afectando bosques, matorrales, pastizales y a todos los seres vivos que habitan en ellos.<\/p>\n<p style=\"text-align: justify;\">Asimismo, \u201clos da\u00f1os que se originan posterior a un incendio forestal son incalculables, toda vez que el desplazamiento de las especies hacia otras zonas traer\u00e1 consecuencias ecol\u00f3gicas que la naturaleza tardar\u00e1 siglos en recuperar\u201d, a\u00f1adi\u00f3 el subprefecto Claudio Reyes, haciendo referencia a las nuevas condiciones a las que se tendr\u00e1n que enfrentar las especies.<\/p>\n<p style=\"text-align: justify;\">Cabe se\u00f1alar que, cuando ocurre un incendio forestal, en un trabajo coordinado con el Ministerio P\u00fablico y las entidades correspondientes, la PDI interviene desde su especialidad en el trabajo de investigaci\u00f3n, an\u00e1lisis criminal y cient\u00edfico t\u00e9cnico para identificar las posibles causas y autores del siniestro.<\/p>\n<p style=\"text-align: justify;\">Es por esto que, todos aquellos antecedentes que pueda proporcionar la ciudadan\u00eda ser\u00e1n de vital importancia para el trabajo investigativo en los casos de incendios forestales, precis\u00f3 el jefe de la BIDEMA Ays\u00e9n, recordando que \u201cprovocar un incendio forestal est\u00e1 penado por ley, por eso, realizamos un llamado a la ciudadan\u00eda a estar alerta sobre este tipo de hechos y realizar las denuncias ante las autoridades competentes en caso de tener antecedentes sobre un incendio forestal intencional\u201d.<\/p>\n<p style=\"text-align: justify;\">Finalmente, la BIDEMA Ays\u00e9n entrega algunos consejos para terminar esta temporada sin incendios forestales:<\/p>\n<ul style=\"text-align: justify;\">\n<li>Nunca uses fuego u otras fuentes de calor en \u00e1reas Silvestres Protegidas si no est\u00e1 debidamente autorizado y se\u00f1alizado por la autoridad a cargo.<\/li>\n<li>Evita el uso del fuego en actividades recreativas al aire libre.<\/li>\n<li>Si ves un incendio forestal que acaba de comenzar avisa a las polic\u00edas, CONAF o Bomberos.<\/li>\n<li>Cuando se est\u00e9 desarrollando un incendio, evita acercarte al fuego, ya que esto s\u00f3lo dificulta la labor de los combatientes de incendios y bomberos.<\/li>\n<li>Si vives en sectores rurales, o urbano-rural confecciona un cortafuego perimetral alrededor de tu domicilio.<\/li>\n<\/ul>\n<\/div><\/section><\/div><div  style='height:50px' class='hr hr-invisible   avia-builder-el-6  el_after_av_one_full  el_before_av_social_share '><span class='hr-inner ' ><span class='hr-inner-style'><\/span><\/span><\/div><\/p>\n<div  class='av-social-sharing-box  avia-builder-el-7  el_after_av_hr  el_before_av_hr  '><div class='av-share-box'><h5 class='av-share-link-description av-no-toc '>Compartir esta noticia<\/h5><ul class='av-share-box-list noLightbox'><li class='av-share-link av-social-link-facebook' ><a target=\"_blank\" aria-label=\"Compartir en Facebook\" href='https:\/\/www.facebook.com\/sharer.php?u=https:\/\/radiorevelacionfm.cl\/?p=27831&#038;t=PDI%20advierte%20y%20entrega%20recomendaciones%20sobre%20incendios%20forestales' aria-hidden='false' data-av_icon='\ue8f3' data-av_iconfont='entypo-fontello' title='' data-avia-related-tooltip='Compartir en Facebook' rel=\"noopener\"><span class='avia_hidden_link_text'>Compartir en Facebook<\/span><\/a><\/li><li class='av-share-link av-social-link-twitter' ><a target=\"_blank\" aria-label=\"Compartir en Twitter\" href='https:\/\/twitter.com\/share?text=PDI%20advierte%20y%20entrega%20recomendaciones%20sobre%20incendios%20forestales&#038;url=https:\/\/radiorevelacionfm.cl\/?p=27831' aria-hidden='false' data-av_icon='\ue8f1' data-av_iconfont='entypo-fontello' title='' data-avia-related-tooltip='Compartir en Twitter' rel=\"noopener\"><span class='avia_hidden_link_text'>Compartir en Twitter<\/span><\/a><\/li><li class='av-share-link av-social-link-whatsapp' ><a target=\"_blank\" aria-label=\"Compartir en Whatsapp\" href='https:\/\/api.whatsapp.com\/send?text=https:\/\/radiorevelacionfm.cl\/?p=27831' aria-hidden='false' data-av_icon='\uf232' data-av_iconfont='entypo-fontello' title='' data-avia-related-tooltip='Compartir en Whatsapp' rel=\"noopener\"><span class='avia_hidden_link_text'>Compartir en Whatsapp<\/span><\/a><\/li><li class='av-share-link av-social-link-linkedin' ><a target=\"_blank\" aria-label=\"Compartir en LinkedIn\" href='https:\/\/linkedin.com\/shareArticle?mini=true&#038;title=PDI%20advierte%20y%20entrega%20recomendaciones%20sobre%20incendios%20forestales&#038;url=https:\/\/radiorevelacionfm.cl\/?p=27831' aria-hidden='false' data-av_icon='\ue8fc' data-av_iconfont='entypo-fontello' title='' data-avia-related-tooltip='Compartir en LinkedIn' rel=\"noopener\"><span class='avia_hidden_link_text'>Compartir en LinkedIn<\/span><\/a><\/li><li class='av-share-link av-social-link-mail' ><a  aria-label=\"Compartir por correo\" href='mailto:?subject=PDI%20advierte%20y%20entrega%20recomendaciones%20sobre%20incendios%20forestales&#038;body=https:\/\/radiorevelacionfm.cl\/?p=27831' aria-hidden='false' data-av_icon='\ue805' data-av_iconfont='entypo-fontello' title='' data-avia-related-tooltip='Compartir por correo'><span class='avia_hidden_link_text'>Compartir por correo<\/span><\/a><\/li><\/ul><\/div><\/div>\n<div  style='height:50px' class='hr hr-invisible   avia-builder-el-8  el_after_av_social_share  el_before_av_comments_list '><span class='hr-inner ' ><span class='hr-inner-style'><\/span><\/span><\/div>\n<div  class='av-buildercomment  av-blog-meta-html-info-disabled av-blog-meta-tag-disabled  '><\/div>\n","protected":false},"excerpt":{"rendered":"","protected":false},"author":1,"featured_media":27832,"comment_status":"open","ping_status":"open","sticky":false,"template":"","format":"standard","meta":{"footnotes":""},"categories":[36],"tags":[],"class_list":["post-27831","post","type-post","status-publish","format-standard","has-post-thumbnail","hentry","category-policial"],"jetpack_featured_media_url":"https:\/\/radiorevelacionfm.cl\/wp-content\/uploads\/2023\/02\/bidema-incendios-forestales-2-1_optimized-1.jpg","_links":{"self":[{"href":"https:\/\/radiorevelacionfm.cl\/index.php?rest_route=\/wp\/v2\/posts\/27831","targetHints":{"allow":["GET"]}}],"collection":[{"href":"https:\/\/radiorevelacionfm.cl\/index.php?rest_route=\/wp\/v2\/posts"}],"about":[{"href":"https:\/\/radiorevelacionfm.cl\/index.php?rest_route=\/wp\/v2\/types\/post"}],"author":[{"embeddable":true,"href":"https:\/\/radiorevelacionfm.cl\/index.php?rest_route=\/wp\/v2\/users\/1"}],"replies":[{"embeddable":true,"href":"https:\/\/radiorevelacionfm.cl\/index.php?rest_route=%2Fwp%2Fv2%2Fcomments&post=27831"}],"version-history":[{"count":2,"href":"https:\/\/radiorevelacionfm.cl\/index.php?rest_route=\/wp\/v2\/posts\/27831\/revisions"}],"predecessor-version":[{"id":27839,"href":"https:\/\/radiorevelacionfm.cl\/index.php?rest_route=\/wp\/v2\/posts\/27831\/revisions\/27839"}],"wp:featuredmedia":[{"embeddable":true,"href":"https:\/\/radiorevelacionfm.cl\/index.php?rest_route=\/wp\/v2\/media\/27832"}],"wp:attachment":[{"href":"https:\/\/radiorevelacionfm.cl\/index.php?rest_route=%2Fwp%2Fv2%2Fmedia&parent=27831"}],"wp:term":[{"taxonomy":"category","embeddable":true,"href":"https:\/\/radiorevelacionfm.cl\/index.php?rest_route=%2Fwp%2Fv2%2Fcategories&post=27831"},{"taxonomy":"post_tag","embeddable":true,"href":"https:\/\/radiorevelacionfm.cl\/index.php?rest_route=%2Fwp%2Fv2%2Ftags&post=27831"}],"curies":[{"name":"wp","href":"https:\/\/api.w.org\/{rel}","templated":true}]}}