{"id":2783,"date":"2021-02-19T09:30:07","date_gmt":"2021-02-19T12:30:07","guid":{"rendered":"https:\/\/radiorevelacionfm.cl\/?p=2783"},"modified":"2021-02-19T09:30:07","modified_gmt":"2021-02-19T12:30:07","slug":"mas-de-4-mil-familias-ayseninas-recibiran-el-beneficio-del-aporte-familiar-permanente-2021","status":"publish","type":"post","link":"https:\/\/radiorevelacionfm.cl\/?p=2783","title":{"rendered":"M\u00e1s de 4 mil familias ayseninas recibir\u00e1n el beneficio del Aporte Familiar Permanente 2021"},"content":{"rendered":"<div class=\"flex_column av_one_full  flex_column_div av-zero-column-padding first  avia-builder-el-0  el_before_av_one_full  avia-builder-el-first  \" style='border-radius:0px; '><div  class='avia-image-container  av-styling-    avia-builder-el-1  avia-builder-el-no-sibling  avia-align-center '  itemprop=\"image\" itemscope=\"itemscope\" itemtype=\"https:\/\/schema.org\/ImageObject\"  ><div class='avia-image-container-inner'><div class='avia-image-overlay-wrap'><img decoding=\"async\" class='wp-image-0 avia-img-lazy-loading-not-0 avia_image' src=\"https:\/\/radiorevelacionfm.cl\/wp-content\/uploads\/2021\/02\/IPS-2-1.jpeg\" alt='' title=''   itemprop=\"thumbnailUrl\"  \/><\/div><\/div><\/div><\/div><div class=\"flex_column av_one_full  flex_column_div av-zero-column-padding first  avia-builder-el-2  el_after_av_one_full  el_before_av_one_full  column-top-margin\" style='border-radius:0px; '><section class=\"av_textblock_section \"  itemscope=\"itemscope\" itemtype=\"https:\/\/schema.org\/BlogPosting\" itemprop=\"blogPost\" ><div class='avia_textblock  '   itemprop=\"text\" ><p style=\"text-align: center;\"><strong><span style=\"font-size: 18pt;\">M\u00e1s de 4 mil familias ayseninas recibir\u00e1n el beneficio del Aporte Familiar Permanente 2021 <\/span><\/strong><\/p>\n<div id=\"gtx-trans\" style=\"position: absolute; left: -50px; top: 4.31534px;\">\n<div class=\"gtx-trans-icon\"><\/div>\n<\/div>\n<\/div><\/section><\/div><div class=\"flex_column av_one_full  flex_column_div av-zero-column-padding first  avia-builder-el-4  el_after_av_one_full  el_before_av_hr  column-top-margin\" style='border-radius:0px; '><section class=\"av_textblock_section \"  itemscope=\"itemscope\" itemtype=\"https:\/\/schema.org\/BlogPosting\" itemprop=\"blogPost\" ><div class='avia_textblock  '   itemprop=\"text\" ><p>En Puerto Ays\u00e9n se realiz\u00f3 el lanzamiento del Aporte Familiar Permanente 2021.<\/p>\n<p style=\"text-align: justify;\">A contar de este lunes 15 de febrero, se dio comienzo al pago del Aporte Familiar Permanente 2021 (tambi\u00e9n conocido como \u201cBono Marzo\u201d) para un primer grupo de beneficiarios, correspondiente en nuestra regi\u00f3n a <strong>m\u00e1s de 4 mil familias<\/strong> de menores ingresos, que recibir\u00e1n \u00a0m\u00e1s de 9 mil Aportes Familiares Permanentes, por un monto de <strong>$49.184 <\/strong><strong>por carga o familia<\/strong>, seg\u00fan el tipo de beneficiario.<\/p>\n<p style=\"text-align: justify;\">El anuncio lo efectu\u00f3 el Gobernador de la Provincia de Ays\u00e9n, Manuel Ortiz, junto a la Seremi del Trabajo y Previsi\u00f3n Social de Ays\u00e9n, Andrea Ponce, y el Director Regional del Instituto de Previsi\u00f3n Social \u2013 IPS, Carlos Rodr\u00edguez, en una visita a la sucursal IPS &#8211; ChileAtiende de \u00a0Puerto Ays\u00e9n.<\/p>\n<p style=\"text-align: justify;\">En la oportunidad, el jefe provincial destac\u00f3 la importancia de este beneficio que, a partir del a\u00f1o 2020 pas\u00f3 a tener un car\u00e1cter permanente y que, si bien antes era entregado en el mes de marzo, desde este a\u00f1o \u201cya la gente y nuestras familias m\u00e1s vulnerables van a poder contar con \u00e9l (\u2026) es un aporte seguro y ya no va a llegar en marzo, sino que lo har\u00e1 en el mes de febrero. Entonces ya son noticias importantes para nuestra comunidad que por diferentes razones y producto de pandemia se han vivido momentos dif\u00edciles, no tan solo aqu\u00ed, sino que lo largo de nuestro pa\u00eds<em>\u201d <\/em>concluy\u00f3.<\/p>\n<p style=\"text-align: justify;\">Por su parte, Carlos Rodr\u00edguez, Director Regional del IPS, explic\u00f3 que el Aporte Familiar Permanente \u201clo van a recibir aquellas familias que son causantes de Subsidio \u00danico Familiar. Quienes reciben este subsidio, adem\u00e1s de las personas que pertenecen al Programa de Seguridad y Oportunidades, lo que es Chile Solidario, son las personas receptoras de este bono, que va tanto para las cargas familiares como para el causante\u201d, puntualiz\u00f3.<\/p>\n<p style=\"text-align: justify;\">En esta primera etapa, que inici\u00f3 el 15 de febrero y se extiende hasta el 1 de marzo, el Aporte Familiar Permanente va a ser cancelado principalmente v\u00eda deposito en la cuenta Rut, y tambi\u00e9n en lugares presenciales.<\/p>\n<p style=\"text-align: justify;\">Para mayor informaci\u00f3n sobre el beneficio y las modalidades de pago, las personas interesadas pueden consultar en <a href=\"http:\/\/www.chileatiende.cl\">www.chileatiende.cl<\/a> o bien en la p\u00e1gina <a href=\"http:\/\/www.aportefamiliar.cl\">www.aportefamiliar.cl<\/a>.<\/p>\n<\/div><\/section><\/div><div  style='height:50px' class='hr hr-invisible   avia-builder-el-6  el_after_av_one_full  el_before_av_social_share '><span class='hr-inner ' ><span class='hr-inner-style'><\/span><\/span><\/div><\/p>\n<div  class='av-social-sharing-box  avia-builder-el-7  el_after_av_hr  el_before_av_hr  '><div class='av-share-box'><h5 class='av-share-link-description av-no-toc '>Compartir esta noticia<\/h5><ul class='av-share-box-list noLightbox'><li class='av-share-link av-social-link-facebook' ><a target=\"_blank\" aria-label=\"Compartir en Facebook\" href='https:\/\/www.facebook.com\/sharer.php?u=https:\/\/radiorevelacionfm.cl\/?p=2783&#038;t=M%C3%A1s%20de%204%20mil%20familias%20ayseninas%20recibir%C3%A1n%20el%20beneficio%20del%20Aporte%20Familiar%20Permanente%202021' aria-hidden='false' data-av_icon='\ue8f3' data-av_iconfont='entypo-fontello' title='' data-avia-related-tooltip='Compartir en Facebook' rel=\"noopener\"><span class='avia_hidden_link_text'>Compartir en Facebook<\/span><\/a><\/li><li class='av-share-link av-social-link-twitter' ><a target=\"_blank\" aria-label=\"Compartir en Twitter\" href='https:\/\/twitter.com\/share?text=M%C3%A1s%20de%204%20mil%20familias%20ayseninas%20recibir%C3%A1n%20el%20beneficio%20del%20Aporte%20Familiar%20Permanente%202021&#038;url=https:\/\/radiorevelacionfm.cl\/?p=2783' aria-hidden='false' data-av_icon='\ue8f1' data-av_iconfont='entypo-fontello' title='' data-avia-related-tooltip='Compartir en Twitter' rel=\"noopener\"><span class='avia_hidden_link_text'>Compartir en Twitter<\/span><\/a><\/li><li class='av-share-link av-social-link-whatsapp' ><a target=\"_blank\" aria-label=\"Compartir en Whatsapp\" href='https:\/\/api.whatsapp.com\/send?text=https:\/\/radiorevelacionfm.cl\/?p=2783' aria-hidden='false' data-av_icon='\uf232' data-av_iconfont='entypo-fontello' title='' data-avia-related-tooltip='Compartir en Whatsapp' rel=\"noopener\"><span class='avia_hidden_link_text'>Compartir en Whatsapp<\/span><\/a><\/li><li class='av-share-link av-social-link-linkedin' ><a target=\"_blank\" aria-label=\"Compartir en LinkedIn\" href='https:\/\/linkedin.com\/shareArticle?mini=true&#038;title=M%C3%A1s%20de%204%20mil%20familias%20ayseninas%20recibir%C3%A1n%20el%20beneficio%20del%20Aporte%20Familiar%20Permanente%202021&#038;url=https:\/\/radiorevelacionfm.cl\/?p=2783' aria-hidden='false' data-av_icon='\ue8fc' data-av_iconfont='entypo-fontello' title='' data-avia-related-tooltip='Compartir en LinkedIn' rel=\"noopener\"><span class='avia_hidden_link_text'>Compartir en LinkedIn<\/span><\/a><\/li><li class='av-share-link av-social-link-mail' ><a  aria-label=\"Compartir por correo\" href='mailto:?subject=M%C3%A1s%20de%204%20mil%20familias%20ayseninas%20recibir%C3%A1n%20el%20beneficio%20del%20Aporte%20Familiar%20Permanente%202021&#038;body=https:\/\/radiorevelacionfm.cl\/?p=2783' aria-hidden='false' data-av_icon='\ue805' data-av_iconfont='entypo-fontello' title='' data-avia-related-tooltip='Compartir por correo'><span class='avia_hidden_link_text'>Compartir por correo<\/span><\/a><\/li><\/ul><\/div><\/div>\n<div  style='height:50px' class='hr hr-invisible   avia-builder-el-8  el_after_av_social_share  el_before_av_comments_list '><span class='hr-inner ' ><span class='hr-inner-style'><\/span><\/span><\/div>\n<div  class='av-buildercomment  av-blog-meta-html-info-disabled av-blog-meta-tag-disabled  '><\/div>\n","protected":false},"excerpt":{"rendered":"","protected":false},"author":1,"featured_media":0,"comment_status":"open","ping_status":"open","sticky":false,"template":"","format":"standard","meta":{"footnotes":""},"categories":[38],"tags":[],"class_list":["post-2783","post","type-post","status-publish","format-standard","hentry","category-regional"],"jetpack_featured_media_url":"","_links":{"self":[{"href":"https:\/\/radiorevelacionfm.cl\/index.php?rest_route=\/wp\/v2\/posts\/2783","targetHints":{"allow":["GET"]}}],"collection":[{"href":"https:\/\/radiorevelacionfm.cl\/index.php?rest_route=\/wp\/v2\/posts"}],"about":[{"href":"https:\/\/radiorevelacionfm.cl\/index.php?rest_route=\/wp\/v2\/types\/post"}],"author":[{"embeddable":true,"href":"https:\/\/radiorevelacionfm.cl\/index.php?rest_route=\/wp\/v2\/users\/1"}],"replies":[{"embeddable":true,"href":"https:\/\/radiorevelacionfm.cl\/index.php?rest_route=%2Fwp%2Fv2%2Fcomments&post=2783"}],"version-history":[{"count":1,"href":"https:\/\/radiorevelacionfm.cl\/index.php?rest_route=\/wp\/v2\/posts\/2783\/revisions"}],"predecessor-version":[{"id":2785,"href":"https:\/\/radiorevelacionfm.cl\/index.php?rest_route=\/wp\/v2\/posts\/2783\/revisions\/2785"}],"wp:attachment":[{"href":"https:\/\/radiorevelacionfm.cl\/index.php?rest_route=%2Fwp%2Fv2%2Fmedia&parent=2783"}],"wp:term":[{"taxonomy":"category","embeddable":true,"href":"https:\/\/radiorevelacionfm.cl\/index.php?rest_route=%2Fwp%2Fv2%2Fcategories&post=2783"},{"taxonomy":"post_tag","embeddable":true,"href":"https:\/\/radiorevelacionfm.cl\/index.php?rest_route=%2Fwp%2Fv2%2Ftags&post=2783"}],"curies":[{"name":"wp","href":"https:\/\/api.w.org\/{rel}","templated":true}]}}