{"id":27829,"date":"2023-02-14T16:55:32","date_gmt":"2023-02-14T19:55:32","guid":{"rendered":"https:\/\/radiorevelacionfm.cl\/?p=27829"},"modified":"2023-02-14T16:55:32","modified_gmt":"2023-02-14T19:55:32","slug":"programa-entrega-mejoras-en-condiciones-de-habitabilidad-para-20-familias-de-aysen","status":"publish","type":"post","link":"https:\/\/radiorevelacionfm.cl\/?p=27829","title":{"rendered":"Programa entrega mejoras en condiciones de habitabilidad para 20 familias de Ays\u00e9n"},"content":{"rendered":"<div class=\"flex_column av_one_full  flex_column_div av-zero-column-padding first  avia-builder-el-0  el_before_av_one_full  avia-builder-el-first  \" style='border-radius:0px; '><div  class='avia-image-container  av-styling-    avia-builder-el-1  avia-builder-el-no-sibling  avia-align-center '  itemprop=\"image\" itemscope=\"itemscope\" itemtype=\"https:\/\/schema.org\/ImageObject\"  ><div class='avia-image-container-inner'><div class='avia-image-overlay-wrap'><img decoding=\"async\" class='wp-image-27827 avia-img-lazy-loading-not-27827 avia_image' src=\"https:\/\/radiorevelacionfm.cl\/wp-content\/uploads\/2023\/02\/Habitabilidad-Aysen-3-1-1.jpg\" alt='' title='Habitabilidad Ays\u00e9n 3 (1) (1)' height=\"600\" width=\"1067\"  itemprop=\"thumbnailUrl\" srcset=\"https:\/\/radiorevelacionfm.cl\/wp-content\/uploads\/2023\/02\/Habitabilidad-Aysen-3-1-1.jpg 1067w, https:\/\/radiorevelacionfm.cl\/wp-content\/uploads\/2023\/02\/Habitabilidad-Aysen-3-1-1-300x169.jpg 300w, https:\/\/radiorevelacionfm.cl\/wp-content\/uploads\/2023\/02\/Habitabilidad-Aysen-3-1-1-1030x579.jpg 1030w, https:\/\/radiorevelacionfm.cl\/wp-content\/uploads\/2023\/02\/Habitabilidad-Aysen-3-1-1-768x432.jpg 768w, https:\/\/radiorevelacionfm.cl\/wp-content\/uploads\/2023\/02\/Habitabilidad-Aysen-3-1-1-705x396.jpg 705w, https:\/\/radiorevelacionfm.cl\/wp-content\/uploads\/2023\/02\/Habitabilidad-Aysen-3-1-1-600x337.jpg 600w\" sizes=\"(max-width: 1067px) 100vw, 1067px\" \/><\/div><\/div><\/div><\/div><div class=\"flex_column av_one_full  flex_column_div av-zero-column-padding first  avia-builder-el-2  el_after_av_one_full  el_before_av_one_full  column-top-margin\" style='border-radius:0px; '><section class=\"av_textblock_section \"  itemscope=\"itemscope\" itemtype=\"https:\/\/schema.org\/BlogPosting\" itemprop=\"blogPost\" ><div class='avia_textblock  '   itemprop=\"text\" ><p style=\"text-align: center;\"><span style=\"font-size: 18pt;\"><strong>Programa entrega mejoras en condiciones de habitabilidad para 20 familias de Ays\u00e9n<\/strong><\/span><\/p>\n<div id=\"gtx-trans\" style=\"position: absolute; left: -50px; top: 4.31534px;\">\n<div class=\"gtx-trans-icon\"><\/div>\n<\/div>\n<\/div><\/section><\/div><div class=\"flex_column av_one_full  flex_column_div av-zero-column-padding first  avia-builder-el-4  el_after_av_one_full  el_before_av_hr  column-top-margin\" style='border-radius:0px; '><section class=\"av_textblock_section \"  itemscope=\"itemscope\" itemtype=\"https:\/\/schema.org\/BlogPosting\" itemprop=\"blogPost\" ><div class='avia_textblock  '   itemprop=\"text\" ><p style=\"text-align: justify;\">Para conocer resultados de la intervenci\u00f3n y experiencias de las familias usuarias, autoridades regionales y comunales junto a sus equipos t\u00e9cnicos visitaron a familias usuarias del programa de Habitabilidad en Puerto Ays\u00e9n. Esta instancia es posible gracias al financiamiento del Ministerio de Desarrollo Social y Familia, la ejecuci\u00f3n de la Ilustre Municipalidad de Ays\u00e9n y la asistencia t\u00e9cnica especializada del Fondo de Solidaridad e Inversi\u00f3n Social, FOSIS.<\/p>\n<p style=\"text-align: justify;\">Durante la jornada en terreno se pudo hacer entrega de equipamiento para la vivienda y revisi\u00f3n de las obras en los distintos hogares atendidos, junto con escuchar los testimonios de las familias usuarias del programa en Puerto Ays\u00e9n, por parte de la Seremi de Desarrollo Social y Familia, Karina Acevedo; el Alcalde de Ays\u00e9n, Julio Uribe y la Directora Regional del FOSIS, Fernanda Leiva.<\/p>\n<p style=\"text-align: justify;\">Karen Vidal, usuaria del programa de Habitabilidad en Puerto Ays\u00e9n, valor\u00f3 positivamente la intervenci\u00f3n realizada en su casa. \u201cEstoy s\u00faper agradecida de todo, del arreglo que le hicieron a mi domicilio, de la instalaci\u00f3n el\u00e9ctrica que es una tremenda ayuda, el tema de la ducha y muchas cosas. Agradezco al FOSIS, la Municipalidad y todos los Servicios que intervinieron en mi casa. El Asistente Social fue un aporte grande porque me hicieron talleres para arreglar por fuera de la casa, ahorrar agua, ahorrar energ\u00eda, vivir mejor en familia, tener un hogar m\u00e1s seguro\u201d.<\/p>\n<p style=\"text-align: justify;\">La Seremi de Desarrollo Social y Familia de Ays\u00e9n, Karina Acevedo, manifest\u00f3 estar \u201cmuy contenta de poder realizar y ver el trabajo de la Municipalidad y del FOSIS, con este programa que permite llegar a todos los hogares de las familias del Subsistema de Seguridades y Oportunidades, que son las m\u00e1s vulnerables. Para nosotros como Ministerio, y tal como lo ha pedido el Presidente Gabriel Boric; estar en terreno, escuchar a las personas, saber c\u00f3mo llegan los programas a las familias y ver como damos respuesta a cada una de sus demandas, es tremendamente gratificante\u201d.<\/p>\n<p style=\"text-align: justify;\">Julio Uribe, Alcalde de Ays\u00e9n, agreg\u00f3 la relevancia que tiene poder \u201cvisitar a las familias, conocerlas y saber en qu\u00e9 se invierten estos recursos que les cambian la vida. Ten\u00edamos vecinos que no contaban con agua caliente y quedan con instalaciones de gas, vecinos que se le llov\u00edan sus dormitorios y quedaron con dormitorios nuevos, con un trabajo de muy buena calidad. Es muy importante seguir potenciando estos programas, ya que a trav\u00e9s de estas intervenciones les mejoramos sustancialmente la calidad de vida a todos los vecinos que han sido beneficiados\u201d.<\/p>\n<p style=\"text-align: justify;\">La Directora Regional del FOSIS en Ays\u00e9n, Fernanda Leiva, asegur\u00f3 que \u00abnos parece importante destacar que este programa, asistido t\u00e9cnicamente por FOSIS, nos permite a\u00f1o a a\u00f1o no s\u00f3lo poder mejorar las condiciones de habitabilidad de familias vulnerables de nuestra regi\u00f3n a trav\u00e9s de la construcci\u00f3n y reparaci\u00f3n, sino tambi\u00e9n entregarles equipamiento y desarrollar asesor\u00edas familiares para reforzar h\u00e1bitos de vida saludable y para el uso y autocuidado de la vivienda\u201d.<\/p>\n<p style=\"text-align: justify;\">El programa de Habitabilidad entregar apoyo integral a familias vulnerables, con soluciones constructivas para el mejoramiento de la vivienda; generando condiciones de confortabilidad, accesibilidad, servicios b\u00e1sicos y equipamientos para la casa; junto con talleres acordes a las necesidades familiares.<\/p>\n<\/div><\/section><\/div><div  style='height:50px' class='hr hr-invisible   avia-builder-el-6  el_after_av_one_full  el_before_av_social_share '><span class='hr-inner ' ><span class='hr-inner-style'><\/span><\/span><\/div><\/p>\n<div  class='av-social-sharing-box  avia-builder-el-7  el_after_av_hr  el_before_av_hr  '><div class='av-share-box'><h5 class='av-share-link-description av-no-toc '>Compartir esta noticia<\/h5><ul class='av-share-box-list noLightbox'><li class='av-share-link av-social-link-facebook' ><a target=\"_blank\" aria-label=\"Compartir en Facebook\" href='https:\/\/www.facebook.com\/sharer.php?u=https:\/\/radiorevelacionfm.cl\/?p=27829&#038;t=Programa%20entrega%20mejoras%20en%20condiciones%20de%20habitabilidad%20para%2020%20familias%20de%20Ays%C3%A9n' aria-hidden='false' data-av_icon='\ue8f3' data-av_iconfont='entypo-fontello' title='' data-avia-related-tooltip='Compartir en Facebook' rel=\"noopener\"><span class='avia_hidden_link_text'>Compartir en Facebook<\/span><\/a><\/li><li class='av-share-link av-social-link-twitter' ><a target=\"_blank\" aria-label=\"Compartir en Twitter\" href='https:\/\/twitter.com\/share?text=Programa%20entrega%20mejoras%20en%20condiciones%20de%20habitabilidad%20para%2020%20familias%20de%20Ays%C3%A9n&#038;url=https:\/\/radiorevelacionfm.cl\/?p=27829' aria-hidden='false' data-av_icon='\ue8f1' data-av_iconfont='entypo-fontello' title='' data-avia-related-tooltip='Compartir en Twitter' rel=\"noopener\"><span class='avia_hidden_link_text'>Compartir en Twitter<\/span><\/a><\/li><li class='av-share-link av-social-link-whatsapp' ><a target=\"_blank\" aria-label=\"Compartir en Whatsapp\" href='https:\/\/api.whatsapp.com\/send?text=https:\/\/radiorevelacionfm.cl\/?p=27829' aria-hidden='false' data-av_icon='\uf232' data-av_iconfont='entypo-fontello' title='' data-avia-related-tooltip='Compartir en Whatsapp' rel=\"noopener\"><span class='avia_hidden_link_text'>Compartir en Whatsapp<\/span><\/a><\/li><li class='av-share-link av-social-link-linkedin' ><a target=\"_blank\" aria-label=\"Compartir en LinkedIn\" href='https:\/\/linkedin.com\/shareArticle?mini=true&#038;title=Programa%20entrega%20mejoras%20en%20condiciones%20de%20habitabilidad%20para%2020%20familias%20de%20Ays%C3%A9n&#038;url=https:\/\/radiorevelacionfm.cl\/?p=27829' aria-hidden='false' data-av_icon='\ue8fc' data-av_iconfont='entypo-fontello' title='' data-avia-related-tooltip='Compartir en LinkedIn' rel=\"noopener\"><span class='avia_hidden_link_text'>Compartir en LinkedIn<\/span><\/a><\/li><li class='av-share-link av-social-link-mail' ><a  aria-label=\"Compartir por correo\" href='mailto:?subject=Programa%20entrega%20mejoras%20en%20condiciones%20de%20habitabilidad%20para%2020%20familias%20de%20Ays%C3%A9n&#038;body=https:\/\/radiorevelacionfm.cl\/?p=27829' aria-hidden='false' data-av_icon='\ue805' data-av_iconfont='entypo-fontello' title='' data-avia-related-tooltip='Compartir por correo'><span class='avia_hidden_link_text'>Compartir por correo<\/span><\/a><\/li><\/ul><\/div><\/div>\n<div  style='height:50px' class='hr hr-invisible   avia-builder-el-8  el_after_av_social_share  el_before_av_comments_list '><span class='hr-inner ' ><span class='hr-inner-style'><\/span><\/span><\/div>\n<div  class='av-buildercomment  av-blog-meta-html-info-disabled av-blog-meta-tag-disabled  '><\/div>\n","protected":false},"excerpt":{"rendered":"","protected":false},"author":1,"featured_media":27827,"comment_status":"open","ping_status":"open","sticky":false,"template":"","format":"standard","meta":{"footnotes":""},"categories":[38],"tags":[],"class_list":["post-27829","post","type-post","status-publish","format-standard","has-post-thumbnail","hentry","category-regional"],"jetpack_featured_media_url":"https:\/\/radiorevelacionfm.cl\/wp-content\/uploads\/2023\/02\/Habitabilidad-Aysen-3-1-1.jpg","_links":{"self":[{"href":"https:\/\/radiorevelacionfm.cl\/index.php?rest_route=\/wp\/v2\/posts\/27829","targetHints":{"allow":["GET"]}}],"collection":[{"href":"https:\/\/radiorevelacionfm.cl\/index.php?rest_route=\/wp\/v2\/posts"}],"about":[{"href":"https:\/\/radiorevelacionfm.cl\/index.php?rest_route=\/wp\/v2\/types\/post"}],"author":[{"embeddable":true,"href":"https:\/\/radiorevelacionfm.cl\/index.php?rest_route=\/wp\/v2\/users\/1"}],"replies":[{"embeddable":true,"href":"https:\/\/radiorevelacionfm.cl\/index.php?rest_route=%2Fwp%2Fv2%2Fcomments&post=27829"}],"version-history":[{"count":2,"href":"https:\/\/radiorevelacionfm.cl\/index.php?rest_route=\/wp\/v2\/posts\/27829\/revisions"}],"predecessor-version":[{"id":27834,"href":"https:\/\/radiorevelacionfm.cl\/index.php?rest_route=\/wp\/v2\/posts\/27829\/revisions\/27834"}],"wp:featuredmedia":[{"embeddable":true,"href":"https:\/\/radiorevelacionfm.cl\/index.php?rest_route=\/wp\/v2\/media\/27827"}],"wp:attachment":[{"href":"https:\/\/radiorevelacionfm.cl\/index.php?rest_route=%2Fwp%2Fv2%2Fmedia&parent=27829"}],"wp:term":[{"taxonomy":"category","embeddable":true,"href":"https:\/\/radiorevelacionfm.cl\/index.php?rest_route=%2Fwp%2Fv2%2Fcategories&post=27829"},{"taxonomy":"post_tag","embeddable":true,"href":"https:\/\/radiorevelacionfm.cl\/index.php?rest_route=%2Fwp%2Fv2%2Ftags&post=27829"}],"curies":[{"name":"wp","href":"https:\/\/api.w.org\/{rel}","templated":true}]}}