{"id":27810,"date":"2023-02-14T11:22:08","date_gmt":"2023-02-14T14:22:08","guid":{"rendered":"https:\/\/radiorevelacionfm.cl\/?p=27810"},"modified":"2023-02-14T11:22:08","modified_gmt":"2023-02-14T14:22:08","slug":"oficina-de-asuntos-indigenas-realiza-positivo-balance-atendio-mas-de-mil-solicitudes-de-becas-junaeb","status":"publish","type":"post","link":"https:\/\/radiorevelacionfm.cl\/?p=27810","title":{"rendered":"Oficina de Asuntos Ind\u00edgenas realiza positivo balance: atendi\u00f3 m\u00e1s de mil solicitudes de Becas Junaeb"},"content":{"rendered":"<div class=\"flex_column av_one_full  flex_column_div av-zero-column-padding first  avia-builder-el-0  el_before_av_one_full  avia-builder-el-first  \" style='border-radius:0px; '><div  class='avia-image-container  av-styling-    avia-builder-el-1  avia-builder-el-no-sibling  avia-align-center '  itemprop=\"image\" itemscope=\"itemscope\" itemtype=\"https:\/\/schema.org\/ImageObject\"  ><div class='avia-image-container-inner'><div class='avia-image-overlay-wrap'><img decoding=\"async\" class='wp-image-27811 avia-img-lazy-loading-not-27811 avia_image' src=\"https:\/\/radiorevelacionfm.cl\/wp-content\/uploads\/2023\/02\/WhatsApp-Image-2023-02-13-at-18.16.10-1-1.jpeg\" alt='' title='WhatsApp Image 2023-02-13 at 18.16.10 (1) (1)' height=\"600\" width=\"806\"  itemprop=\"thumbnailUrl\" srcset=\"https:\/\/radiorevelacionfm.cl\/wp-content\/uploads\/2023\/02\/WhatsApp-Image-2023-02-13-at-18.16.10-1-1.jpeg 806w, https:\/\/radiorevelacionfm.cl\/wp-content\/uploads\/2023\/02\/WhatsApp-Image-2023-02-13-at-18.16.10-1-1-300x223.jpeg 300w, https:\/\/radiorevelacionfm.cl\/wp-content\/uploads\/2023\/02\/WhatsApp-Image-2023-02-13-at-18.16.10-1-1-768x572.jpeg 768w, https:\/\/radiorevelacionfm.cl\/wp-content\/uploads\/2023\/02\/WhatsApp-Image-2023-02-13-at-18.16.10-1-1-705x525.jpeg 705w, https:\/\/radiorevelacionfm.cl\/wp-content\/uploads\/2023\/02\/WhatsApp-Image-2023-02-13-at-18.16.10-1-1-600x447.jpeg 600w\" sizes=\"(max-width: 806px) 100vw, 806px\" \/><\/div><\/div><\/div><\/div><div class=\"flex_column av_one_full  flex_column_div av-zero-column-padding first  avia-builder-el-2  el_after_av_one_full  el_before_av_one_full  column-top-margin\" style='border-radius:0px; '><section class=\"av_textblock_section \"  itemscope=\"itemscope\" itemtype=\"https:\/\/schema.org\/BlogPosting\" itemprop=\"blogPost\" ><div class='avia_textblock  '   itemprop=\"text\" ><p style=\"text-align: center;\"><span style=\"font-size: 18pt;\"><strong>Oficina de Asuntos Ind\u00edgenas realiza positivo balance: atendi\u00f3 m\u00e1s de mil solicitudes de Becas Junaeb <\/strong><\/span><\/p>\n<div id=\"gtx-trans\" style=\"position: absolute; left: -50px; top: 4.31534px;\">\n<div class=\"gtx-trans-icon\"><\/div>\n<\/div>\n<\/div><\/section><\/div><div class=\"flex_column av_one_full  flex_column_div av-zero-column-padding first  avia-builder-el-4  el_after_av_one_full  el_before_av_hr  column-top-margin\" style='border-radius:0px; '><section class=\"av_textblock_section \"  itemscope=\"itemscope\" itemtype=\"https:\/\/schema.org\/BlogPosting\" itemprop=\"blogPost\" ><div class='avia_textblock  '   itemprop=\"text\" ><p style=\"text-align: justify;\">Esta semana, la Oficina de Asuntos Ind\u00edgenas de la Municipalidad de Ays\u00e9n realiz\u00f3 un positivo balance del proceso de solicitud de Becas Junaeb para la poblaci\u00f3n de origen ind\u00edgena, durante el cual se atendieron m\u00e1s de 1.100 solicitudes por parte de los vecinos de la comuna.<\/p>\n<p style=\"text-align: justify;\">Deysi Chiguay, encargada de la Oficina, coment\u00f3 que \u201crecibimos una gran afluencia de p\u00fablico, de muchos vecinos que se acercaron a renovar u obtener su beca por primera vez\u201d, a\u00f1adiendo que \u201cincluso llegaron personas que andaban de visita y aprovecharon de solicitar su acreditaci\u00f3n ind\u00edgena mediante un proceso r\u00e1pido\u201d, indicando que gracias a la r\u00e1pida coordinaci\u00f3n con las autoridades regionales, se puede entregar la acreditaci\u00f3n durante el mismo d\u00eda.<\/p>\n<p style=\"text-align: justify;\">La Oficina de Asuntos Ind\u00edgenas fue creada hace aproximadamente un a\u00f1o por la Municipalidad de Ays\u00e9n. Durante este per\u00edodo, ha desarrollado de manera exitosa una gran variedad de programas destinados a orientar, entregar beneficios e integrar a las comunidades ind\u00edgenas de la comuna.<\/p>\n<p style=\"text-align: justify;\">\u201cEstamos muy contentos con el desempe\u00f1o de la Oficina. Felicitamos a la funcionaria por su arduo trabajo, por la gran atenci\u00f3n de p\u00fablico y los resultados fruct\u00edferos que han resultado de los diversos convenios que han establecido\u201d, se\u00f1al\u00f3 Marco Co\u00f1uecar, alcalde (s) de Ays\u00e9n respecto del rol de la entidad.<\/p>\n<p style=\"text-align: justify;\">Invitamos a las personas que se acerquen a la Oficina de Asuntos Ind\u00edgenas, la cual est\u00e1 ubicada en el segundo piso de la Galer\u00eda de Artesanos, en el sector de la Ribera Sur, y a mantenerse informada sobre los nuevos beneficios a trav\u00e9s de las redes sociales de la Municipalidad de Ays\u00e9n.<\/p>\n<\/div><\/section><\/div><div  style='height:50px' class='hr hr-invisible   avia-builder-el-6  el_after_av_one_full  el_before_av_social_share '><span class='hr-inner ' ><span class='hr-inner-style'><\/span><\/span><\/div><\/p>\n<div  class='av-social-sharing-box  avia-builder-el-7  el_after_av_hr  el_before_av_hr  '><div class='av-share-box'><h5 class='av-share-link-description av-no-toc '>Compartir esta noticia<\/h5><ul class='av-share-box-list noLightbox'><li class='av-share-link av-social-link-facebook' ><a target=\"_blank\" aria-label=\"Compartir en Facebook\" href='https:\/\/www.facebook.com\/sharer.php?u=https:\/\/radiorevelacionfm.cl\/?p=27810&#038;t=Oficina%20de%20Asuntos%20Ind%C3%ADgenas%20realiza%20positivo%20balance%3A%20atendi%C3%B3%20m%C3%A1s%20de%20mil%20solicitudes%20de%20Becas%20Junaeb' aria-hidden='false' data-av_icon='\ue8f3' data-av_iconfont='entypo-fontello' title='' data-avia-related-tooltip='Compartir en Facebook' rel=\"noopener\"><span class='avia_hidden_link_text'>Compartir en Facebook<\/span><\/a><\/li><li class='av-share-link av-social-link-twitter' ><a target=\"_blank\" aria-label=\"Compartir en Twitter\" href='https:\/\/twitter.com\/share?text=Oficina%20de%20Asuntos%20Ind%C3%ADgenas%20realiza%20positivo%20balance%3A%20atendi%C3%B3%20m%C3%A1s%20de%20mil%20solicitudes%20de%20Becas%20Junaeb&#038;url=https:\/\/radiorevelacionfm.cl\/?p=27810' aria-hidden='false' data-av_icon='\ue8f1' data-av_iconfont='entypo-fontello' title='' data-avia-related-tooltip='Compartir en Twitter' rel=\"noopener\"><span class='avia_hidden_link_text'>Compartir en Twitter<\/span><\/a><\/li><li class='av-share-link av-social-link-whatsapp' ><a target=\"_blank\" aria-label=\"Compartir en Whatsapp\" href='https:\/\/api.whatsapp.com\/send?text=https:\/\/radiorevelacionfm.cl\/?p=27810' aria-hidden='false' data-av_icon='\uf232' data-av_iconfont='entypo-fontello' title='' data-avia-related-tooltip='Compartir en Whatsapp' rel=\"noopener\"><span class='avia_hidden_link_text'>Compartir en Whatsapp<\/span><\/a><\/li><li class='av-share-link av-social-link-linkedin' ><a target=\"_blank\" aria-label=\"Compartir en LinkedIn\" href='https:\/\/linkedin.com\/shareArticle?mini=true&#038;title=Oficina%20de%20Asuntos%20Ind%C3%ADgenas%20realiza%20positivo%20balance%3A%20atendi%C3%B3%20m%C3%A1s%20de%20mil%20solicitudes%20de%20Becas%20Junaeb&#038;url=https:\/\/radiorevelacionfm.cl\/?p=27810' aria-hidden='false' data-av_icon='\ue8fc' data-av_iconfont='entypo-fontello' title='' data-avia-related-tooltip='Compartir en LinkedIn' rel=\"noopener\"><span class='avia_hidden_link_text'>Compartir en LinkedIn<\/span><\/a><\/li><li class='av-share-link av-social-link-mail' ><a  aria-label=\"Compartir por correo\" href='mailto:?subject=Oficina%20de%20Asuntos%20Ind%C3%ADgenas%20realiza%20positivo%20balance%3A%20atendi%C3%B3%20m%C3%A1s%20de%20mil%20solicitudes%20de%20Becas%20Junaeb&#038;body=https:\/\/radiorevelacionfm.cl\/?p=27810' aria-hidden='false' data-av_icon='\ue805' data-av_iconfont='entypo-fontello' title='' data-avia-related-tooltip='Compartir por correo'><span class='avia_hidden_link_text'>Compartir por correo<\/span><\/a><\/li><\/ul><\/div><\/div>\n<div  style='height:50px' class='hr hr-invisible   avia-builder-el-8  el_after_av_social_share  el_before_av_comments_list '><span class='hr-inner ' ><span class='hr-inner-style'><\/span><\/span><\/div>\n<div  class='av-buildercomment  av-blog-meta-html-info-disabled av-blog-meta-tag-disabled  '><\/div>\n","protected":false},"excerpt":{"rendered":"","protected":false},"author":1,"featured_media":27811,"comment_status":"open","ping_status":"open","sticky":false,"template":"","format":"standard","meta":{"footnotes":""},"categories":[38],"tags":[],"class_list":["post-27810","post","type-post","status-publish","format-standard","has-post-thumbnail","hentry","category-regional"],"jetpack_featured_media_url":"https:\/\/radiorevelacionfm.cl\/wp-content\/uploads\/2023\/02\/WhatsApp-Image-2023-02-13-at-18.16.10-1-1.jpeg","_links":{"self":[{"href":"https:\/\/radiorevelacionfm.cl\/index.php?rest_route=\/wp\/v2\/posts\/27810","targetHints":{"allow":["GET"]}}],"collection":[{"href":"https:\/\/radiorevelacionfm.cl\/index.php?rest_route=\/wp\/v2\/posts"}],"about":[{"href":"https:\/\/radiorevelacionfm.cl\/index.php?rest_route=\/wp\/v2\/types\/post"}],"author":[{"embeddable":true,"href":"https:\/\/radiorevelacionfm.cl\/index.php?rest_route=\/wp\/v2\/users\/1"}],"replies":[{"embeddable":true,"href":"https:\/\/radiorevelacionfm.cl\/index.php?rest_route=%2Fwp%2Fv2%2Fcomments&post=27810"}],"version-history":[{"count":2,"href":"https:\/\/radiorevelacionfm.cl\/index.php?rest_route=\/wp\/v2\/posts\/27810\/revisions"}],"predecessor-version":[{"id":27813,"href":"https:\/\/radiorevelacionfm.cl\/index.php?rest_route=\/wp\/v2\/posts\/27810\/revisions\/27813"}],"wp:featuredmedia":[{"embeddable":true,"href":"https:\/\/radiorevelacionfm.cl\/index.php?rest_route=\/wp\/v2\/media\/27811"}],"wp:attachment":[{"href":"https:\/\/radiorevelacionfm.cl\/index.php?rest_route=%2Fwp%2Fv2%2Fmedia&parent=27810"}],"wp:term":[{"taxonomy":"category","embeddable":true,"href":"https:\/\/radiorevelacionfm.cl\/index.php?rest_route=%2Fwp%2Fv2%2Fcategories&post=27810"},{"taxonomy":"post_tag","embeddable":true,"href":"https:\/\/radiorevelacionfm.cl\/index.php?rest_route=%2Fwp%2Fv2%2Ftags&post=27810"}],"curies":[{"name":"wp","href":"https:\/\/api.w.org\/{rel}","templated":true}]}}