{"id":2780,"date":"2021-02-19T09:06:41","date_gmt":"2021-02-19T12:06:41","guid":{"rendered":"https:\/\/radiorevelacionfm.cl\/?p=2780"},"modified":"2021-02-19T09:06:41","modified_gmt":"2021-02-19T12:06:41","slug":"diputado-calisto-pide-a-ministro-de-salud-priorizar-vacunacion-a-enfermos-cronicos-de-todas-las-edades-a-bomberos-y-dirigentes-sociales","status":"publish","type":"post","link":"https:\/\/radiorevelacionfm.cl\/?p=2780","title":{"rendered":"Diputado Calisto pide a Ministro de Salud priorizar vacunaci\u00f3n a enfermos cr\u00f3nicos de todas las edades, a bomberos y dirigentes sociales"},"content":{"rendered":"<div class=\"flex_column av_one_full  flex_column_div av-zero-column-padding first  avia-builder-el-0  el_before_av_one_full  avia-builder-el-first  \" style='border-radius:0px; '><div  class='avia-image-container  av-styling-    avia-builder-el-1  avia-builder-el-no-sibling  avia-align-center '  itemprop=\"image\" itemscope=\"itemscope\" itemtype=\"https:\/\/schema.org\/ImageObject\"  ><div class='avia-image-container-inner'><div class='avia-image-overlay-wrap'><img decoding=\"async\" class='wp-image-0 avia-img-lazy-loading-not-0 avia_image' src=\"https:\/\/radiorevelacionfm.cl\/wp-content\/uploads\/2021\/02\/CON-PARIS.jpg\" alt='' title=''   itemprop=\"thumbnailUrl\"  \/><\/div><\/div><\/div><\/div><div class=\"flex_column av_one_full  flex_column_div av-zero-column-padding first  avia-builder-el-2  el_after_av_one_full  el_before_av_one_full  column-top-margin\" style='border-radius:0px; '><section class=\"av_textblock_section \"  itemscope=\"itemscope\" itemtype=\"https:\/\/schema.org\/BlogPosting\" itemprop=\"blogPost\" ><div class='avia_textblock  '   itemprop=\"text\" ><p style=\"text-align: center;\"><span style=\"font-size: 18pt;\"><strong>Diputado Calisto pide a Ministro de Salud priorizar vacunaci\u00f3n a enfermos cr\u00f3nicos de todas las edades, a bomberos y dirigentes sociales<\/strong><\/span><\/p>\n<div id=\"gtx-trans\" style=\"position: absolute; left: -50px; top: 4.31534px;\">\n<div class=\"gtx-trans-icon\"><\/div>\n<\/div>\n<\/div><\/section><\/div><div class=\"flex_column av_one_full  flex_column_div av-zero-column-padding first  avia-builder-el-4  el_after_av_one_full  el_before_av_hr  column-top-margin\" style='border-radius:0px; '><section class=\"av_textblock_section \"  itemscope=\"itemscope\" itemtype=\"https:\/\/schema.org\/BlogPosting\" itemprop=\"blogPost\" ><div class='avia_textblock  '   itemprop=\"text\" ><p style=\"font-weight: 400; text-align: justify;\"><em>El legislador se reuni\u00f3 con el titular de la cartera y adem\u00e1s envi\u00f3 oficio al Ministerio.<\/em><\/p>\n<p style=\"font-weight: 400; text-align: justify;\">En el marco de una reuni\u00f3n que sostuvieron de forma virtual, el diputado Miguel \u00c1ngel Calisto le solicit\u00f3 al Ministro de Salud, Enrique Paris, que se considere lo antes posible en el proceso de vacunaci\u00f3n nacional a todas las personas con enfermedades cr\u00f3nicas, independientes de su edad, como as\u00ed tambi\u00e9n a los voluntarios de Bomberos y a los dirigentes sociales.<\/p>\n<p style=\"font-weight: 400; text-align: justify;\">Seg\u00fan el legislador, \u201cme reun\u00ed con el Ministro de Salud a quien le solicit\u00e9 la inclusi\u00f3n de los pacientes cr\u00f3nicos de todas las edades para que sean priorizados en el plan de vacunaci\u00f3n que se realiza a nivel nacional. Para reforzar nuestra solicitud, enviamos tambi\u00e9n un oficio formal al Ministerio solicitando esto\u201d.<\/p>\n<p style=\"font-weight: 400; text-align: justify;\">Calisto agreg\u00f3 que \u201chay muchos pacientes que tienen diversas patolog\u00edas y que no son adultos mayores, pero que tienen enfermedades cr\u00f3nicas. Hay otras personas que han sido trasplantadas y que requieren priorizaci\u00f3n, porque en el caso de contraer la enfermedad, esta puede ser fatal. Este es un grupo de riesgo que no est\u00e1 siendo considerado y creemos que es fundamental incluirlo lo antes posible en el proceso de vacunaci\u00f3n\u201d.<\/p>\n<p style=\"font-weight: 400; text-align: justify;\">Finalmente, el diputado Calisto indic\u00f3 que \u201cen el mismo contexto, tambi\u00e9n solicit\u00e9 incluir a todos los voluntarios del cuerpo de bomberos de pa\u00eds debido a la relaci\u00f3n directa que mantienen con la comunidad, as\u00ed como tambi\u00e9n a las y los dirigentes sociales, que durante toda la pandemia han estado con sus comunidades, con sus organizaciones y no han sido considerados en la primera l\u00ednea\u201d.<\/p>\n<\/div><\/section><\/div><div  style='height:50px' class='hr hr-invisible   avia-builder-el-6  el_after_av_one_full  el_before_av_social_share '><span class='hr-inner ' ><span class='hr-inner-style'><\/span><\/span><\/div><\/p>\n<div  class='av-social-sharing-box  avia-builder-el-7  el_after_av_hr  el_before_av_hr  '><div class='av-share-box'><h5 class='av-share-link-description av-no-toc '>Compartir esta noticia<\/h5><ul class='av-share-box-list noLightbox'><li class='av-share-link av-social-link-facebook' ><a target=\"_blank\" aria-label=\"Compartir en Facebook\" href='https:\/\/www.facebook.com\/sharer.php?u=https:\/\/radiorevelacionfm.cl\/?p=2780&#038;t=Diputado%20Calisto%20pide%20a%20Ministro%20de%20Salud%20priorizar%20vacunaci%C3%B3n%20a%20enfermos%20cr%C3%B3nicos%20de%20todas%20las%20edades%2C%20a%20bomberos%20y%20dirigentes%20sociales' aria-hidden='false' data-av_icon='\ue8f3' data-av_iconfont='entypo-fontello' title='' data-avia-related-tooltip='Compartir en Facebook' rel=\"noopener\"><span class='avia_hidden_link_text'>Compartir en Facebook<\/span><\/a><\/li><li class='av-share-link av-social-link-twitter' ><a target=\"_blank\" aria-label=\"Compartir en Twitter\" href='https:\/\/twitter.com\/share?text=Diputado%20Calisto%20pide%20a%20Ministro%20de%20Salud%20priorizar%20vacunaci%C3%B3n%20a%20enfermos%20cr%C3%B3nicos%20de%20todas%20las%20edades%2C%20a%20bomberos%20y%20dirigentes%20sociales&#038;url=https:\/\/radiorevelacionfm.cl\/?p=2780' aria-hidden='false' data-av_icon='\ue8f1' data-av_iconfont='entypo-fontello' title='' data-avia-related-tooltip='Compartir en Twitter' rel=\"noopener\"><span class='avia_hidden_link_text'>Compartir en Twitter<\/span><\/a><\/li><li class='av-share-link av-social-link-whatsapp' ><a target=\"_blank\" aria-label=\"Compartir en Whatsapp\" href='https:\/\/api.whatsapp.com\/send?text=https:\/\/radiorevelacionfm.cl\/?p=2780' aria-hidden='false' data-av_icon='\uf232' data-av_iconfont='entypo-fontello' title='' data-avia-related-tooltip='Compartir en Whatsapp' rel=\"noopener\"><span class='avia_hidden_link_text'>Compartir en Whatsapp<\/span><\/a><\/li><li class='av-share-link av-social-link-linkedin' ><a target=\"_blank\" aria-label=\"Compartir en LinkedIn\" href='https:\/\/linkedin.com\/shareArticle?mini=true&#038;title=Diputado%20Calisto%20pide%20a%20Ministro%20de%20Salud%20priorizar%20vacunaci%C3%B3n%20a%20enfermos%20cr%C3%B3nicos%20de%20todas%20las%20edades%2C%20a%20bomberos%20y%20dirigentes%20sociales&#038;url=https:\/\/radiorevelacionfm.cl\/?p=2780' aria-hidden='false' data-av_icon='\ue8fc' data-av_iconfont='entypo-fontello' title='' data-avia-related-tooltip='Compartir en LinkedIn' rel=\"noopener\"><span class='avia_hidden_link_text'>Compartir en LinkedIn<\/span><\/a><\/li><li class='av-share-link av-social-link-mail' ><a  aria-label=\"Compartir por correo\" href='mailto:?subject=Diputado%20Calisto%20pide%20a%20Ministro%20de%20Salud%20priorizar%20vacunaci%C3%B3n%20a%20enfermos%20cr%C3%B3nicos%20de%20todas%20las%20edades%2C%20a%20bomberos%20y%20dirigentes%20sociales&#038;body=https:\/\/radiorevelacionfm.cl\/?p=2780' aria-hidden='false' data-av_icon='\ue805' data-av_iconfont='entypo-fontello' title='' data-avia-related-tooltip='Compartir por correo'><span class='avia_hidden_link_text'>Compartir por correo<\/span><\/a><\/li><\/ul><\/div><\/div>\n<div  style='height:50px' class='hr hr-invisible   avia-builder-el-8  el_after_av_social_share  el_before_av_comments_list '><span class='hr-inner ' ><span class='hr-inner-style'><\/span><\/span><\/div>\n<div  class='av-buildercomment  av-blog-meta-html-info-disabled av-blog-meta-tag-disabled  '><\/div>\n","protected":false},"excerpt":{"rendered":"","protected":false},"author":1,"featured_media":0,"comment_status":"open","ping_status":"open","sticky":false,"template":"","format":"standard","meta":{"footnotes":""},"categories":[35],"tags":[],"class_list":["post-2780","post","type-post","status-publish","format-standard","hentry","category-politica"],"jetpack_featured_media_url":"","_links":{"self":[{"href":"https:\/\/radiorevelacionfm.cl\/index.php?rest_route=\/wp\/v2\/posts\/2780","targetHints":{"allow":["GET"]}}],"collection":[{"href":"https:\/\/radiorevelacionfm.cl\/index.php?rest_route=\/wp\/v2\/posts"}],"about":[{"href":"https:\/\/radiorevelacionfm.cl\/index.php?rest_route=\/wp\/v2\/types\/post"}],"author":[{"embeddable":true,"href":"https:\/\/radiorevelacionfm.cl\/index.php?rest_route=\/wp\/v2\/users\/1"}],"replies":[{"embeddable":true,"href":"https:\/\/radiorevelacionfm.cl\/index.php?rest_route=%2Fwp%2Fv2%2Fcomments&post=2780"}],"version-history":[{"count":1,"href":"https:\/\/radiorevelacionfm.cl\/index.php?rest_route=\/wp\/v2\/posts\/2780\/revisions"}],"predecessor-version":[{"id":2782,"href":"https:\/\/radiorevelacionfm.cl\/index.php?rest_route=\/wp\/v2\/posts\/2780\/revisions\/2782"}],"wp:attachment":[{"href":"https:\/\/radiorevelacionfm.cl\/index.php?rest_route=%2Fwp%2Fv2%2Fmedia&parent=2780"}],"wp:term":[{"taxonomy":"category","embeddable":true,"href":"https:\/\/radiorevelacionfm.cl\/index.php?rest_route=%2Fwp%2Fv2%2Fcategories&post=2780"},{"taxonomy":"post_tag","embeddable":true,"href":"https:\/\/radiorevelacionfm.cl\/index.php?rest_route=%2Fwp%2Fv2%2Ftags&post=2780"}],"curies":[{"name":"wp","href":"https:\/\/api.w.org\/{rel}","templated":true}]}}