{"id":27796,"date":"2023-02-13T16:56:17","date_gmt":"2023-02-13T19:56:17","guid":{"rendered":"https:\/\/radiorevelacionfm.cl\/?p=27796"},"modified":"2023-02-13T16:56:17","modified_gmt":"2023-02-13T19:56:17","slug":"monitorean-funcionamiento-del-plan-de-verano-en-ruta-bimodal","status":"publish","type":"post","link":"https:\/\/radiorevelacionfm.cl\/?p=27796","title":{"rendered":"Monitorean funcionamiento del plan de verano en Ruta Bimodal"},"content":{"rendered":"<div class=\"flex_column av_one_full  flex_column_div av-zero-column-padding first  avia-builder-el-0  el_before_av_one_full  avia-builder-el-first  \" style='border-radius:0px; '><div  class='avia-image-container  av-styling-    avia-builder-el-1  avia-builder-el-no-sibling  avia-align-center '  itemprop=\"image\" itemscope=\"itemscope\" itemtype=\"https:\/\/schema.org\/ImageObject\"  ><div class='avia-image-container-inner'><div class='avia-image-overlay-wrap'><img decoding=\"async\" class='wp-image-27797 avia-img-lazy-loading-not-27797 avia_image' src=\"https:\/\/radiorevelacionfm.cl\/wp-content\/uploads\/2023\/02\/20230208_122205-1_optimized.jpg\" alt='' title='20230208_122205-(1)_optimized' height=\"600\" width=\"1067\"  itemprop=\"thumbnailUrl\" srcset=\"https:\/\/radiorevelacionfm.cl\/wp-content\/uploads\/2023\/02\/20230208_122205-1_optimized.jpg 1067w, https:\/\/radiorevelacionfm.cl\/wp-content\/uploads\/2023\/02\/20230208_122205-1_optimized-300x169.jpg 300w, https:\/\/radiorevelacionfm.cl\/wp-content\/uploads\/2023\/02\/20230208_122205-1_optimized-1030x579.jpg 1030w, https:\/\/radiorevelacionfm.cl\/wp-content\/uploads\/2023\/02\/20230208_122205-1_optimized-768x432.jpg 768w, https:\/\/radiorevelacionfm.cl\/wp-content\/uploads\/2023\/02\/20230208_122205-1_optimized-705x396.jpg 705w, https:\/\/radiorevelacionfm.cl\/wp-content\/uploads\/2023\/02\/20230208_122205-1_optimized-600x337.jpg 600w\" sizes=\"(max-width: 1067px) 100vw, 1067px\" \/><\/div><\/div><\/div><\/div><div class=\"flex_column av_one_full  flex_column_div av-zero-column-padding first  avia-builder-el-2  el_after_av_one_full  el_before_av_one_full  column-top-margin\" style='border-radius:0px; '><section class=\"av_textblock_section \"  itemscope=\"itemscope\" itemtype=\"https:\/\/schema.org\/BlogPosting\" itemprop=\"blogPost\" ><div class='avia_textblock  '   itemprop=\"text\" ><p style=\"text-align: center;\"><strong><span style=\"font-size: 18pt;\">Monitorean funcionamiento del plan de verano en Ruta Bimodal<\/span><\/strong><\/p>\n<div id=\"gtx-trans\" style=\"position: absolute; left: -50px; top: 4.31534px;\">\n<div class=\"gtx-trans-icon\"><\/div>\n<\/div>\n<\/div><\/section><\/div><div class=\"flex_column av_one_full  flex_column_div av-zero-column-padding first  avia-builder-el-4  el_after_av_one_full  el_before_av_hr  column-top-margin\" style='border-radius:0px; '><section class=\"av_textblock_section \"  itemscope=\"itemscope\" itemtype=\"https:\/\/schema.org\/BlogPosting\" itemprop=\"blogPost\" ><div class='avia_textblock  '   itemprop=\"text\" ><p style=\"text-align: justify;\">Luego de que en diciembre se realizara un gran acuerdo entre distintos organismos p\u00fablicos y privados para coordinar y gestionar el funcionamiento de la Ruta Bimodal durante los meses de mayor demanda, se ha hecho un esfuerzo activo por revisar el cumplimiento de las 16 medidas que formaron parte de este trabajo. Las acciones que fueron comprometidas se agrupan en 5 ejes entre los que se considera la optimizaci\u00f3n del transporte de veh\u00edculos, facilidades para residentes, m\u00e1s informaci\u00f3n, mejoras en infraestructura y en gesti\u00f3n.<\/p>\n<p style=\"text-align: justify;\">En este contexto, los seremiTTs de Ays\u00e9n y Los Lagos, se dieron cita en los embarcaderos de Chait\u00e9n y Caleta Gonzalo, para hacer el seguimiento correspondiente a los compromisos adquiridos. Para la autoridad de transportes de Ays\u00e9n, Claudia Cantero, uno de los aspectos m\u00e1s cr\u00edticos a abordar es la informaci\u00f3n a los usuarios, a fin de que puedan adquirir con tiempo sus tickets de embarque.<\/p>\n<p style=\"text-align: justify;\">\u201cEstuvimos conversando con algunos usuarios de las barcazas, de la ruta, y efectivamente pudimos comprobar que la mayor\u00eda de ellos portaba sus tickets. Por lo tanto, creemos que la campa\u00f1a ha dado sus frutos, pero claramente vamos a tener que seguir insistiendo y revisando que estas medidas cumplan su cometido. Nosotros estamos contentos por este trabajo birregional y vamos a seguir trabajando junto a Los Lagos, para que en el fondo la conectividad de ambas regiones se vea beneficiada\u201d, declar\u00f3 la seremiTT.<\/p>\n<p style=\"text-align: justify;\">Su par de la Regi\u00f3n de Los Lagos Pablo Joost, explic\u00f3 que el flujo de pasajeros y carga durante la temporada ha sido menor que el esperado, lo cual ha permitido que el tr\u00e1nsito no tenga mayores trabas. El seremiTT recalc\u00f3 que mantener y evaluar estas medidas, permitir\u00e1 estar preparado ante los diferentes escenarios de demanda en la Ruta Bimodal:<\/p>\n<p style=\"text-align: justify;\">\u201cEstamos viendo in situ la operaci\u00f3n de la ruta bimodal, la implementaci\u00f3n de las medidas del Plan Verano Ruta Bimodal y tambi\u00e9n de qu\u00e9 forma vamos a seguir trabajando para mejorar e ir modificando las medidas que hemos planteado en funci\u00f3n a la demanda. Para nosotros es fundamental este trabajo interregional e interinstitucional porque creemos que esa es la forma de trabajar; puesto que nos permite levantar problem\u00e1ticas desde los territorios y abordarla en funci\u00f3n a las facultades que cada uno tiene\u201d.<\/p>\n<p style=\"text-align: justify;\">Desde la Delegaci\u00f3n Provincial de Palena, la jefa de gabinete Katerine Barr\u00eda a\u00f1adi\u00f3 que la cooperaci\u00f3n entre diferentes instituciones de ambas regiones, ha hecho posible que existan mayores garant\u00edas, no s\u00f3lo para quienes transitan por la ruta como turistas, sino que tambi\u00e9n para los residentes: \u201ces importante relevar el trabajo mancomunado, pero tambi\u00e9n de una comunidad activa que fue parte de las soluciones. De esta b\u00fasqueda por mejorar la conectividad y la operatividad de los tramos que confluyen en esta ruta. Recordemos que la Carretera Austral es una de las rutas m\u00e1s esc\u00e9nicas, m\u00e1s bonitas, pero tambi\u00e9n de las m\u00e1s complejas. Por lo tanto, el mejoramiento de c\u00f3mo circulan las personas es uno de los objetivos que tenemos que seguir trabajando\u201d.<\/p>\n<p style=\"text-align: justify;\">Ejemplo de este trabajo intersectorial, es el que se ha concretado con CONAF, entidad que al colindar con la plataforma de embarque en Caleta Gonzalo ha facilitado una caseta para que Somarco pueda hacer uso de ella y de esta forma facilitar la entrega de informaci\u00f3n y atenci\u00f3n a los pasajeros.<\/p>\n<p style=\"text-align: justify;\">Erwin Gonz\u00e1lez Administrador del Parque Nacional Douglas Tompkins parque Conaf, valor\u00f3 el tr\u00e1nsito de visitantes que facilita esta ruta tur\u00edstica y entreg\u00f3 recomendaciones a los turistas de paso. \u201cEste a\u00f1o ha sido un a\u00f1o bastante m\u00e1s tranquilo en comparaci\u00f3n al anterior, eso nos ha permitido trabajar m\u00e1s acorde junto a nuestro equipo de guardaparques y colaborar tambi\u00e9n junto a Somarco en la entrega de informaci\u00f3n. Es importante hacer un llamado a todos quienes nos visitan en nuestros parques nacionales a tener cuidado con la basura, con el uso de fuego que est\u00e1 estrictamente prohibido, as\u00ed que el llamado es a visitar estas \u00e1reas tan bonitas pero con mayor responsabilidad\u201d.<\/p>\n<div style=\"text-align: justify;\"><\/div>\n<\/div><\/section><\/div><div  style='height:50px' class='hr hr-invisible   avia-builder-el-6  el_after_av_one_full  el_before_av_social_share '><span class='hr-inner ' ><span class='hr-inner-style'><\/span><\/span><\/div><\/p>\n<div  class='av-social-sharing-box  avia-builder-el-7  el_after_av_hr  el_before_av_hr  '><div class='av-share-box'><h5 class='av-share-link-description av-no-toc '>Compartir esta noticia<\/h5><ul class='av-share-box-list noLightbox'><li class='av-share-link av-social-link-facebook' ><a target=\"_blank\" aria-label=\"Compartir en Facebook\" href='https:\/\/www.facebook.com\/sharer.php?u=https:\/\/radiorevelacionfm.cl\/?p=27796&#038;t=Monitorean%20funcionamiento%20del%20plan%20de%20verano%20en%20Ruta%20Bimodal' aria-hidden='false' data-av_icon='\ue8f3' data-av_iconfont='entypo-fontello' title='' data-avia-related-tooltip='Compartir en Facebook' rel=\"noopener\"><span class='avia_hidden_link_text'>Compartir en Facebook<\/span><\/a><\/li><li class='av-share-link av-social-link-twitter' ><a target=\"_blank\" aria-label=\"Compartir en Twitter\" href='https:\/\/twitter.com\/share?text=Monitorean%20funcionamiento%20del%20plan%20de%20verano%20en%20Ruta%20Bimodal&#038;url=https:\/\/radiorevelacionfm.cl\/?p=27796' aria-hidden='false' data-av_icon='\ue8f1' data-av_iconfont='entypo-fontello' title='' data-avia-related-tooltip='Compartir en Twitter' rel=\"noopener\"><span class='avia_hidden_link_text'>Compartir en Twitter<\/span><\/a><\/li><li class='av-share-link av-social-link-whatsapp' ><a target=\"_blank\" aria-label=\"Compartir en Whatsapp\" href='https:\/\/api.whatsapp.com\/send?text=https:\/\/radiorevelacionfm.cl\/?p=27796' aria-hidden='false' data-av_icon='\uf232' data-av_iconfont='entypo-fontello' title='' data-avia-related-tooltip='Compartir en Whatsapp' rel=\"noopener\"><span class='avia_hidden_link_text'>Compartir en Whatsapp<\/span><\/a><\/li><li class='av-share-link av-social-link-linkedin' ><a target=\"_blank\" aria-label=\"Compartir en LinkedIn\" href='https:\/\/linkedin.com\/shareArticle?mini=true&#038;title=Monitorean%20funcionamiento%20del%20plan%20de%20verano%20en%20Ruta%20Bimodal&#038;url=https:\/\/radiorevelacionfm.cl\/?p=27796' aria-hidden='false' data-av_icon='\ue8fc' data-av_iconfont='entypo-fontello' title='' data-avia-related-tooltip='Compartir en LinkedIn' rel=\"noopener\"><span class='avia_hidden_link_text'>Compartir en LinkedIn<\/span><\/a><\/li><li class='av-share-link av-social-link-mail' ><a  aria-label=\"Compartir por correo\" href='mailto:?subject=Monitorean%20funcionamiento%20del%20plan%20de%20verano%20en%20Ruta%20Bimodal&#038;body=https:\/\/radiorevelacionfm.cl\/?p=27796' aria-hidden='false' data-av_icon='\ue805' data-av_iconfont='entypo-fontello' title='' data-avia-related-tooltip='Compartir por correo'><span class='avia_hidden_link_text'>Compartir por correo<\/span><\/a><\/li><\/ul><\/div><\/div>\n<div  style='height:50px' class='hr hr-invisible   avia-builder-el-8  el_after_av_social_share  el_before_av_comments_list '><span class='hr-inner ' ><span class='hr-inner-style'><\/span><\/span><\/div>\n<div  class='av-buildercomment  av-blog-meta-html-info-disabled av-blog-meta-tag-disabled  '><\/div>\n","protected":false},"excerpt":{"rendered":"","protected":false},"author":1,"featured_media":27797,"comment_status":"open","ping_status":"open","sticky":false,"template":"","format":"standard","meta":{"footnotes":""},"categories":[59],"tags":[],"class_list":["post-27796","post","type-post","status-publish","format-standard","has-post-thumbnail","hentry","category-transporte"],"jetpack_featured_media_url":"https:\/\/radiorevelacionfm.cl\/wp-content\/uploads\/2023\/02\/20230208_122205-1_optimized.jpg","_links":{"self":[{"href":"https:\/\/radiorevelacionfm.cl\/index.php?rest_route=\/wp\/v2\/posts\/27796","targetHints":{"allow":["GET"]}}],"collection":[{"href":"https:\/\/radiorevelacionfm.cl\/index.php?rest_route=\/wp\/v2\/posts"}],"about":[{"href":"https:\/\/radiorevelacionfm.cl\/index.php?rest_route=\/wp\/v2\/types\/post"}],"author":[{"embeddable":true,"href":"https:\/\/radiorevelacionfm.cl\/index.php?rest_route=\/wp\/v2\/users\/1"}],"replies":[{"embeddable":true,"href":"https:\/\/radiorevelacionfm.cl\/index.php?rest_route=%2Fwp%2Fv2%2Fcomments&post=27796"}],"version-history":[{"count":2,"href":"https:\/\/radiorevelacionfm.cl\/index.php?rest_route=\/wp\/v2\/posts\/27796\/revisions"}],"predecessor-version":[{"id":27799,"href":"https:\/\/radiorevelacionfm.cl\/index.php?rest_route=\/wp\/v2\/posts\/27796\/revisions\/27799"}],"wp:featuredmedia":[{"embeddable":true,"href":"https:\/\/radiorevelacionfm.cl\/index.php?rest_route=\/wp\/v2\/media\/27797"}],"wp:attachment":[{"href":"https:\/\/radiorevelacionfm.cl\/index.php?rest_route=%2Fwp%2Fv2%2Fmedia&parent=27796"}],"wp:term":[{"taxonomy":"category","embeddable":true,"href":"https:\/\/radiorevelacionfm.cl\/index.php?rest_route=%2Fwp%2Fv2%2Fcategories&post=27796"},{"taxonomy":"post_tag","embeddable":true,"href":"https:\/\/radiorevelacionfm.cl\/index.php?rest_route=%2Fwp%2Fv2%2Ftags&post=27796"}],"curies":[{"name":"wp","href":"https:\/\/api.w.org\/{rel}","templated":true}]}}