{"id":27787,"date":"2023-02-13T20:14:18","date_gmt":"2023-02-13T23:14:18","guid":{"rendered":"https:\/\/radiorevelacionfm.cl\/?p=27787"},"modified":"2023-02-13T20:14:18","modified_gmt":"2023-02-13T23:14:18","slug":"instituciones-de-la-educacion-parvularia-publica-articulan-acciones-para-enfrentar-la-emergencia-en-zonas-afectadas-por-incendios-forestales","status":"publish","type":"post","link":"https:\/\/radiorevelacionfm.cl\/?p=27787","title":{"rendered":"Instituciones de la Educaci\u00f3n Parvularia P\u00fablica articulan acciones para enfrentar la emergencia en zonas afectadas por incendios forestales"},"content":{"rendered":"<div class=\"flex_column av_one_full  flex_column_div av-zero-column-padding first  avia-builder-el-0  el_before_av_one_full  avia-builder-el-first  \" style='border-radius:0px; '><div  class='avia-image-container  av-styling-    avia-builder-el-1  avia-builder-el-no-sibling  avia-align-center '  itemprop=\"image\" itemscope=\"itemscope\" itemtype=\"https:\/\/schema.org\/ImageObject\"  ><div class='avia-image-container-inner'><div class='avia-image-overlay-wrap'><img decoding=\"async\" class='wp-image-27788 avia-img-lazy-loading-not-27788 avia_image' src=\"https:\/\/radiorevelacionfm.cl\/wp-content\/uploads\/2023\/02\/869e6743-4150-4419-901c-c254a2da6347-1-1.jpg\" alt='' title='869e6743-4150-4419-901c-c254a2da6347 (1) (1)' height=\"600\" width=\"899\"  itemprop=\"thumbnailUrl\" srcset=\"https:\/\/radiorevelacionfm.cl\/wp-content\/uploads\/2023\/02\/869e6743-4150-4419-901c-c254a2da6347-1-1.jpg 899w, https:\/\/radiorevelacionfm.cl\/wp-content\/uploads\/2023\/02\/869e6743-4150-4419-901c-c254a2da6347-1-1-300x200.jpg 300w, https:\/\/radiorevelacionfm.cl\/wp-content\/uploads\/2023\/02\/869e6743-4150-4419-901c-c254a2da6347-1-1-768x513.jpg 768w, https:\/\/radiorevelacionfm.cl\/wp-content\/uploads\/2023\/02\/869e6743-4150-4419-901c-c254a2da6347-1-1-705x471.jpg 705w, https:\/\/radiorevelacionfm.cl\/wp-content\/uploads\/2023\/02\/869e6743-4150-4419-901c-c254a2da6347-1-1-600x400.jpg 600w\" sizes=\"(max-width: 899px) 100vw, 899px\" \/><\/div><\/div><\/div><\/div>\n<div class=\"flex_column av_one_full  flex_column_div av-zero-column-padding first  avia-builder-el-2  el_after_av_one_full  el_before_av_one_full  column-top-margin\" style='border-radius:0px; '><section class=\"av_textblock_section \"  itemscope=\"itemscope\" itemtype=\"https:\/\/schema.org\/BlogPosting\" itemprop=\"blogPost\" ><div class='avia_textblock  '   itemprop=\"text\" ><p style=\"text-align: center;\"><span style=\"font-size: 18pt;\"><strong>Instituciones de la Educaci\u00f3n Parvularia P\u00fablica articulan acciones para enfrentar la emergencia en zonas afectadas por incendios forestales<\/strong><\/span><\/p>\n<div id=\"gtx-trans\" style=\"position: absolute; left: -50px; top: 4.31534px;\">\n<div class=\"gtx-trans-icon\"><\/div>\n<\/div>\n<\/div><\/section><\/div><div class=\"flex_column av_one_full  flex_column_div av-zero-column-padding first  avia-builder-el-4  el_after_av_one_full  el_before_av_hr  column-top-margin\" style='border-radius:0px; '><section class=\"av_textblock_section \"  itemscope=\"itemscope\" itemtype=\"https:\/\/schema.org\/BlogPosting\" itemprop=\"blogPost\" ><div class='avia_textblock  '   itemprop=\"text\" ><p style=\"text-align: justify;\">En el marco de la emergencia por los incendios forestales que han afectado el centro sur del pa\u00eds, las autoridades de las instituciones de la Educaci\u00f3n Parvularia han estado desplegadas en las regiones de \u00d1uble y Biob\u00edo, articulando acciones para garantizar el retorno a las aulas en marzo.<\/p>\n<p style=\"text-align: justify;\">La subsecretaria de Educaci\u00f3n Parvularia Claudia Lagos sostuvo que uno de los focos de esta articulaci\u00f3n es contribuir al bienestar de ni\u00f1os, ni\u00f1as y sus familias. \u201cEs fundamental mantener el servicio en este nivel, darles contenci\u00f3n socioemocional y promover instancias de lenguaje y de esparcimiento y juego\u201d, sostuvo.<\/p>\n<p style=\"text-align: justify;\">Asimismo, la autoridad destac\u00f3 el trabajo coordinado entre la Subsecretar\u00eda, JUNJI y Fundaci\u00f3n Integra para enfrentar la emergencia. \u201cNos hemos propuesto llegar a esos ni\u00f1os y ni\u00f1as, identificar d\u00f3nde est\u00e1n, y ofrecerles alternativas educativas y de cuidado durante este tiempo\u201d.<\/p>\n<p style=\"text-align: justify;\">Junto con el ministro de Educaci\u00f3n, Marco \u00c1vila y la subsecretaria Lagos, la vicepresidenta ejecutiva de JUNJI, Daniela Trivi\u00f1o, y el director nacional de Promoci\u00f3n y Protecci\u00f3n de la Infancia de Fundaci\u00f3n Integra, Carlos Gonz\u00e1lez, han estado visitando diversas localidades de Biob\u00edo y \u00d1uble. En este contexto, la autoridad de JUNJI valora que este trabajo en conjunto \u201cnos ha permitido articular acciones para que, en marzo, todas las ni\u00f1as y ni\u00f1os que se han visto m\u00e1s afectados por los incendios, cuenten con un establecimiento donde comenzar su a\u00f1o parvulario\u201d.<\/p>\n<p style=\"text-align: justify;\"><strong>Recursos disponibles<\/strong><\/p>\n<p style=\"text-align: justify;\">JUNJI y Fundaci\u00f3n Integra mantienen en funcionamiento sus programas estacionales (Jard\u00edn de Verano y Vacaciones en mi Jard\u00edn, respectivamente) en las regiones de \u00d1uble, Biob\u00edo y La Araucan\u00eda, considerando el despliegue de otros programas de atenci\u00f3n en los territorios. Asimismo, ambos sostenedores est\u00e1n articulando equipos y recursos para apoyar a ni\u00f1os, familia y funcionarias\/os afectados por la emergencia.<\/p>\n<p style=\"text-align: justify;\">En el caso de Fundaci\u00f3n Integra, el Jard\u00edn Sobre Ruedas, modalidad de atenci\u00f3n no convencional, lleva actividades l\u00fadico recreativas a los ni\u00f1os y ni\u00f1as que se encuentran en los albergues. \u201cEl m\u00f3vil, equipado con material fungible, did\u00e1ctico y mobiliario, est\u00e1 liderado por un equipo multidisciplinario, enfocado en apoyar a las regiones que se encuentran en esta situaci\u00f3n de emergencia, especialmente a los ni\u00f1os y ni\u00f1as de familias afectadas por los incendios, brind\u00e1ndoles un espacio seguro y de contenci\u00f3n\u201d, explica Nataly Rojas, directora ejecutiva de Fundaci\u00f3n Integra.<\/p>\n<p style=\"text-align: justify;\">Adem\u00e1s, las tres instituciones de la Educaci\u00f3n Parvularia P\u00fablica han puesto a disposici\u00f3n de las familias y equipos educativos diversos recursos para apoyo socioemocional. En el caso de la Subsecretar\u00eda, se destaca el <a href=\"https:\/\/parvularia.mineduc.cl\/maletin-socioemocional\/\">Malet\u00edn Socioemocional <\/a>, que contempla contenidos que abordan diversos \u00e1mbitos del bienestar infantil. Por otro lado, la App Contigo Juego y Aprendo (<a href=\"https:\/\/contigojuegoyaprendo.cl\/\">https:\/\/contigojuegoyaprendo.cl\/<\/a>) contempla orientaciones de contenci\u00f3n para ni\u00f1os y ni\u00f1as del nivel, adem\u00e1s de recomendaciones de UNICEF que tambi\u00e9n incluye acciones pensadas para adolescentes.<\/p>\n<p style=\"text-align: justify;\">JUNJI tambi\u00e9n facilita recursos para apoyar a las familias en su web, a trav\u00e9s de las iniciativas <a href=\"https:\/\/www.junji.gob.cl\/la-maleta-talleres-para-realizar-en-familia\/\">La Maleta<\/a> y <a href=\"https:\/\/www.junji.gob.cl\/del-jardin-a-la-casa\/\">Del Jard\u00edn a la Casa<\/a>. Adem\u00e1s, se enviar\u00e1n libros para ni\u00f1os y ni\u00f1as, y un equipo de profesionales de la instituci\u00f3n arribar\u00e1 a las localidades afectadas con el fin de apoyar, de forma inicial, el proceso de recuperaci\u00f3n de la salud mental de sus funcionarias, funcionarios y sus familias.<\/p>\n<p style=\"text-align: justify;\">Por su parte, la Fundaci\u00f3n Integra cuenta con Fonoinfancia, programa gratuito de apoyo psicol\u00f3gico, atendido por profesionales especialistas en temas de infancia, al que las familias pueden acceder, por ejemplo, si tienen dudas respecto a c\u00f3mo abordar con ni\u00f1os y ni\u00f1as esta situaci\u00f3n de emergencia, llamando al 800 200 818 o a trav\u00e9s del chat en <a href=\"http:\/\/www.fonoinfancia.cl\">www.fonoinfancia.cl<\/a> .<\/p>\n<p style=\"text-align: justify;\">Las tres instituciones adem\u00e1s cuentan con orientaciones dirigidas a familias y equipos pedag\u00f3gicos para contener emocionalmente a ni\u00f1os y ni\u00f1as en situaciones de emergencia y han desarrollado publicaciones en redes sociales, con recomendaciones y consejos en este \u00e1mbito.<\/p>\n<\/div><\/section><\/div><div  style='height:50px' class='hr hr-invisible   avia-builder-el-6  el_after_av_one_full  el_before_av_social_share '><span class='hr-inner ' ><span class='hr-inner-style'><\/span><\/span><\/div><\/p>\n<div  class='av-social-sharing-box  avia-builder-el-7  el_after_av_hr  el_before_av_hr  '><div class='av-share-box'><h5 class='av-share-link-description av-no-toc '>Compartir esta noticia<\/h5><ul class='av-share-box-list noLightbox'><li class='av-share-link av-social-link-facebook' ><a target=\"_blank\" aria-label=\"Compartir en Facebook\" href='https:\/\/www.facebook.com\/sharer.php?u=https:\/\/radiorevelacionfm.cl\/?p=27787&#038;t=Instituciones%20de%20la%20Educaci%C3%B3n%20Parvularia%20P%C3%BAblica%20articulan%20acciones%20para%20enfrentar%20la%20emergencia%20en%20zonas%20afectadas%20por%20incendios%20forestales' aria-hidden='false' data-av_icon='\ue8f3' data-av_iconfont='entypo-fontello' title='' data-avia-related-tooltip='Compartir en Facebook' rel=\"noopener\"><span class='avia_hidden_link_text'>Compartir en Facebook<\/span><\/a><\/li><li class='av-share-link av-social-link-twitter' ><a target=\"_blank\" aria-label=\"Compartir en Twitter\" href='https:\/\/twitter.com\/share?text=Instituciones%20de%20la%20Educaci%C3%B3n%20Parvularia%20P%C3%BAblica%20articulan%20acciones%20para%20enfrentar%20la%20emergencia%20en%20zonas%20afectadas%20por%20incendios%20forestales&#038;url=https:\/\/radiorevelacionfm.cl\/?p=27787' aria-hidden='false' data-av_icon='\ue8f1' data-av_iconfont='entypo-fontello' title='' data-avia-related-tooltip='Compartir en Twitter' rel=\"noopener\"><span class='avia_hidden_link_text'>Compartir en Twitter<\/span><\/a><\/li><li class='av-share-link av-social-link-whatsapp' ><a target=\"_blank\" aria-label=\"Compartir en Whatsapp\" href='https:\/\/api.whatsapp.com\/send?text=https:\/\/radiorevelacionfm.cl\/?p=27787' aria-hidden='false' data-av_icon='\uf232' data-av_iconfont='entypo-fontello' title='' data-avia-related-tooltip='Compartir en Whatsapp' rel=\"noopener\"><span class='avia_hidden_link_text'>Compartir en Whatsapp<\/span><\/a><\/li><li class='av-share-link av-social-link-linkedin' ><a target=\"_blank\" aria-label=\"Compartir en LinkedIn\" href='https:\/\/linkedin.com\/shareArticle?mini=true&#038;title=Instituciones%20de%20la%20Educaci%C3%B3n%20Parvularia%20P%C3%BAblica%20articulan%20acciones%20para%20enfrentar%20la%20emergencia%20en%20zonas%20afectadas%20por%20incendios%20forestales&#038;url=https:\/\/radiorevelacionfm.cl\/?p=27787' aria-hidden='false' data-av_icon='\ue8fc' data-av_iconfont='entypo-fontello' title='' data-avia-related-tooltip='Compartir en LinkedIn' rel=\"noopener\"><span class='avia_hidden_link_text'>Compartir en LinkedIn<\/span><\/a><\/li><li class='av-share-link av-social-link-mail' ><a  aria-label=\"Compartir por correo\" href='mailto:?subject=Instituciones%20de%20la%20Educaci%C3%B3n%20Parvularia%20P%C3%BAblica%20articulan%20acciones%20para%20enfrentar%20la%20emergencia%20en%20zonas%20afectadas%20por%20incendios%20forestales&#038;body=https:\/\/radiorevelacionfm.cl\/?p=27787' aria-hidden='false' data-av_icon='\ue805' data-av_iconfont='entypo-fontello' title='' data-avia-related-tooltip='Compartir por correo'><span class='avia_hidden_link_text'>Compartir por correo<\/span><\/a><\/li><\/ul><\/div><\/div>\n<div  style='height:50px' class='hr hr-invisible   avia-builder-el-8  el_after_av_social_share  el_before_av_comments_list '><span class='hr-inner ' ><span class='hr-inner-style'><\/span><\/span><\/div>\n<div  class='av-buildercomment  av-blog-meta-html-info-disabled av-blog-meta-tag-disabled  '><\/div>\n","protected":false},"excerpt":{"rendered":"","protected":false},"author":1,"featured_media":27788,"comment_status":"open","ping_status":"open","sticky":false,"template":"","format":"standard","meta":{"footnotes":""},"categories":[61],"tags":[],"class_list":["post-27787","post","type-post","status-publish","format-standard","has-post-thumbnail","hentry","category-nacional"],"jetpack_featured_media_url":"https:\/\/radiorevelacionfm.cl\/wp-content\/uploads\/2023\/02\/869e6743-4150-4419-901c-c254a2da6347-1-1.jpg","_links":{"self":[{"href":"https:\/\/radiorevelacionfm.cl\/index.php?rest_route=\/wp\/v2\/posts\/27787","targetHints":{"allow":["GET"]}}],"collection":[{"href":"https:\/\/radiorevelacionfm.cl\/index.php?rest_route=\/wp\/v2\/posts"}],"about":[{"href":"https:\/\/radiorevelacionfm.cl\/index.php?rest_route=\/wp\/v2\/types\/post"}],"author":[{"embeddable":true,"href":"https:\/\/radiorevelacionfm.cl\/index.php?rest_route=\/wp\/v2\/users\/1"}],"replies":[{"embeddable":true,"href":"https:\/\/radiorevelacionfm.cl\/index.php?rest_route=%2Fwp%2Fv2%2Fcomments&post=27787"}],"version-history":[{"count":3,"href":"https:\/\/radiorevelacionfm.cl\/index.php?rest_route=\/wp\/v2\/posts\/27787\/revisions"}],"predecessor-version":[{"id":27805,"href":"https:\/\/radiorevelacionfm.cl\/index.php?rest_route=\/wp\/v2\/posts\/27787\/revisions\/27805"}],"wp:featuredmedia":[{"embeddable":true,"href":"https:\/\/radiorevelacionfm.cl\/index.php?rest_route=\/wp\/v2\/media\/27788"}],"wp:attachment":[{"href":"https:\/\/radiorevelacionfm.cl\/index.php?rest_route=%2Fwp%2Fv2%2Fmedia&parent=27787"}],"wp:term":[{"taxonomy":"category","embeddable":true,"href":"https:\/\/radiorevelacionfm.cl\/index.php?rest_route=%2Fwp%2Fv2%2Fcategories&post=27787"},{"taxonomy":"post_tag","embeddable":true,"href":"https:\/\/radiorevelacionfm.cl\/index.php?rest_route=%2Fwp%2Fv2%2Ftags&post=27787"}],"curies":[{"name":"wp","href":"https:\/\/api.w.org\/{rel}","templated":true}]}}